{"id":32570,"date":"2019-11-05T17:24:03","date_gmt":"2019-11-05T16:24:03","guid":{"rendered":"http:\/\/www.invarena.cz\/?p=32570"},"modified":"2019-11-05T19:10:29","modified_gmt":"2019-11-05T18:10:29","slug":"soukromi-vlakovy-dopravci-by-meli-zajistit-snazsi-nastup-pro-zdravotne-postizene","status":"publish","type":"post","link":"https:\/\/www.invarena.cz\/?p=32570","title":{"rendered":"Soukrom\u00ed vlakov\u00fd dopravci by m\u011bli zajistit snaz\u0161\u00ed n\u00e1stup pro zdravotn\u011b posti\u017een\u00e9"},"content":{"rendered":"<p><strong>Ministerstvo dopravy bude po soukrom\u00fdch vlakov\u00fdch dopravc\u00edch po\u017eadovat, aby zajistili snaz\u0161\u00ed n\u00e1stup pro zdravotn\u011b posti\u017een\u00e9. Na veletrhu zdravotnick\u00fdch pom\u016fcek REHAPROTEX v Brn\u011b to \u0159ekl \u0161\u00e9f resortu Vladim\u00edr Kreml\u00edk za hnut\u00ed ANO. Report\u00e1\u017e \u010cRo.<\/strong><!--more--><\/p>\n<p>Vladim\u00edr KREML\u00cdK, ministr dopravy: &#8222;Realizuj\u00ed nalo\u017een\u00ed t\u011bchto osob na voz\u00edku ru\u010dn\u011b, a to je pro n\u00e1s jako pro ministerstvo dopravy nep\u0159ijateln\u00e9. Nen\u00ed mo\u017en\u00e9 takto p\u0159istupovat k osob\u00e1m zdravotn\u011b posti\u017een\u00fdm. A my na to reagujeme v t\u00e9 na\u0161i smlouv\u011b, kde m\u00e1me konkr\u00e9tn\u00ed z\u00e1vazky, aby bylo umo\u017en\u011bno t\u00edm konkr\u00e9tn\u00edm dopravcem nastoupen\u00ed d\u016fstojn\u00fdm zp\u016fsobem po\u0159\u00edzen\u00edm plo\u0161iny \u010di kolejni\u010dek, a tak podobn\u011b.&#8220;<\/p>\n<p>N\u011bkte\u0159\u00ed z nich podle Kreml\u00edka nemaj\u00ed ve sv\u00fdch spoj\u00edch ani n\u00e1stupn\u00ed plo\u0161iny a voz\u00ed\u010dk\u00e1\u0159\u016fm mus\u00ed pom\u00e1hat person\u00e1l do vlaku.<\/p>\n<p>report\u00e1\u017e \u010cRo<\/p>\n","protected":false},"excerpt":{"rendered":"<div class=\"mh-excerpt\"><p>Ministerstvo dopravy bude po soukrom\u00fdch vlakov\u00fdch dopravc\u00edch po\u017eadovat, aby zajistili snaz\u0161\u00ed n\u00e1stup pro zdravotn\u011b posti\u017een\u00e9. Na veletrhu zdravotnick\u00fdch pom\u016fcek REHAPROTEX v Brn\u011b to \u0159ekl \u0161\u00e9f <a class=\"mh-excerpt-more\" href=\"https:\/\/www.invarena.cz\/?p=32570\" title=\"Soukrom\u00ed vlakov\u00fd dopravci by m\u011bli zajistit snaz\u0161\u00ed n\u00e1stup pro zdravotn\u011b posti\u017een\u00e9\">[&#8230;]<\/a><\/p>\n<\/div>","protected":false},"author":1,"featured_media":13669,"comment_status":"open","ping_status":"closed","sticky":false,"template":"","format":"standard","meta":{"footnotes":""},"categories":[7],"tags":[],"class_list":["post-32570","post","type-post","status-publish","format-standard","has-post-thumbnail","hentry","category-spolecnost"],"_links":{"self":[{"href":"https:\/\/www.invarena.cz\/index.php?rest_route=\/wp\/v2\/posts\/32570","targetHints":{"allow":["GET"]}}],"collection":[{"href":"https:\/\/www.invarena.cz\/index.php?rest_route=\/wp\/v2\/posts"}],"about":[{"href":"https:\/\/www.invarena.cz\/index.php?rest_route=\/wp\/v2\/types\/post"}],"author":[{"embeddable":true,"href":"https:\/\/www.invarena.cz\/index.php?rest_route=\/wp\/v2\/users\/1"}],"replies":[{"embeddable":true,"href":"https:\/\/www.invarena.cz\/index.php?rest_route=%2Fwp%2Fv2%2Fcomments&post=32570"}],"version-history":[{"count":0,"href":"https:\/\/www.invarena.cz\/index.php?rest_route=\/wp\/v2\/posts\/32570\/revisions"}],"wp:featuredmedia":[{"embeddable":true,"href":"https:\/\/www.invarena.cz\/index.php?rest_route=\/wp\/v2\/media\/13669"}],"wp:attachment":[{"href":"https:\/\/www.invarena.cz\/index.php?rest_route=%2Fwp%2Fv2%2Fmedia&parent=32570"}],"wp:term":[{"taxonomy":"category","embeddable":true,"href":"https:\/\/www.invarena.cz\/index.php?rest_route=%2Fwp%2Fv2%2Fcategories&post=32570"},{"taxonomy":"post_tag","embeddable":true,"href":"https:\/\/www.invarena.cz\/index.php?rest_route=%2Fwp%2Fv2%2Ftags&post=32570"}],"curies":[{"name":"wp","href":"https:\/\/api.w.org\/{rel}","templated":true}]}}