{"id":32573,"date":"2019-11-05T17:43:31","date_gmt":"2019-11-05T16:43:31","guid":{"rendered":"http:\/\/www.invarena.cz\/?p=32573"},"modified":"2019-11-05T17:44:27","modified_gmt":"2019-11-05T16:44:27","slug":"rodiny-kterym-se-narodi-postizene-dite-muzou-zdarma-vyuzivat-socialni-sluzbu-rana-pece","status":"publish","type":"post","link":"https:\/\/www.invarena.cz\/?p=32573","title":{"rendered":"Rodiny, kter\u00fdm se narod\u00ed posti\u017een\u00e9 d\u00edt\u011b, mohou zdarma vyu\u017e\u00edvat slu\u017ebu Ran\u00e1 p\u00e9\u010de"},"content":{"rendered":"<p><strong>Rodiny, kter\u00fdm se narod\u00ed posti\u017een\u00e9 d\u00edt\u011b, mohou zdarma vyu\u017e\u00edvat soci\u00e1ln\u00ed slu\u017ebu Ran\u00e1 p\u00e9\u010de. Na to chce upozornit T\u00fdden ran\u00e9 p\u00e9\u010de, kter\u00fd za\u010dal v pond\u011bl\u00ed 4.11. Leto\u0161n\u00ed akce se zam\u011b\u0159\u00ed na sourozence d\u011bt\u00ed s posti\u017een\u00edm a m\u00e1 n\u00e1zev Ka\u017ed\u00e9 d\u00edt\u011b je \u00fa\u017easn\u00e9. Report\u00e1\u017e \u010cRo &#8211; Brno.<\/strong><!--more--><\/p>\n<p>Jitka BARLOV\u00c1, \u0159editelka pra\u017esk\u00e9 pobo\u010dky Spole\u010dnosti pro ranou p\u00e9\u010di<br \/>\nJednotliv\u00ed poskytovatel\u00e9 ran\u00e9 p\u00e9\u010de po\u0159\u00e1daj\u00ed programy, kter\u00e9 je mo\u017en\u00e9 souhrnn\u011b naj\u00edt na webu www.tydenranepece.cz, ka\u017ed\u00fd z poslucha\u010d\u016f se m\u016f\u017ee pod\u00edvat, co se v jeho m\u011bst\u011b kon\u00e1, a na v\u00fdb\u011br jsou r\u016fzn\u00e9 dny otev\u0159en\u00fdch dve\u0159\u00ed, kulat\u00e9 stoly, z\u00e1\u017eitkov\u00e9 semin\u00e1\u0159e nebo p\u0159edn\u00e1\u0161ky, charitativn\u00ed koncerty nebo v\u00fdstavy.<\/p>\n","protected":false},"excerpt":{"rendered":"<div class=\"mh-excerpt\"><p>Rodiny, kter\u00fdm se narod\u00ed posti\u017een\u00e9 d\u00edt\u011b, mohou zdarma vyu\u017e\u00edvat soci\u00e1ln\u00ed slu\u017ebu Ran\u00e1 p\u00e9\u010de. Na to chce upozornit T\u00fdden ran\u00e9 p\u00e9\u010de, kter\u00fd za\u010dal v pond\u011bl\u00ed 4.11. <a class=\"mh-excerpt-more\" href=\"https:\/\/www.invarena.cz\/?p=32573\" title=\"Rodiny, kter\u00fdm se narod\u00ed posti\u017een\u00e9 d\u00edt\u011b, mohou zdarma vyu\u017e\u00edvat slu\u017ebu Ran\u00e1 p\u00e9\u010de\">[&#8230;]<\/a><\/p>\n<\/div>","protected":false},"author":1,"featured_media":12473,"comment_status":"open","ping_status":"closed","sticky":false,"template":"","format":"standard","meta":{"footnotes":""},"categories":[7],"tags":[],"class_list":["post-32573","post","type-post","status-publish","format-standard","has-post-thumbnail","hentry","category-spolecnost"],"_links":{"self":[{"href":"https:\/\/www.invarena.cz\/index.php?rest_route=\/wp\/v2\/posts\/32573","targetHints":{"allow":["GET"]}}],"collection":[{"href":"https:\/\/www.invarena.cz\/index.php?rest_route=\/wp\/v2\/posts"}],"about":[{"href":"https:\/\/www.invarena.cz\/index.php?rest_route=\/wp\/v2\/types\/post"}],"author":[{"embeddable":true,"href":"https:\/\/www.invarena.cz\/index.php?rest_route=\/wp\/v2\/users\/1"}],"replies":[{"embeddable":true,"href":"https:\/\/www.invarena.cz\/index.php?rest_route=%2Fwp%2Fv2%2Fcomments&post=32573"}],"version-history":[{"count":0,"href":"https:\/\/www.invarena.cz\/index.php?rest_route=\/wp\/v2\/posts\/32573\/revisions"}],"wp:featuredmedia":[{"embeddable":true,"href":"https:\/\/www.invarena.cz\/index.php?rest_route=\/wp\/v2\/media\/12473"}],"wp:attachment":[{"href":"https:\/\/www.invarena.cz\/index.php?rest_route=%2Fwp%2Fv2%2Fmedia&parent=32573"}],"wp:term":[{"taxonomy":"category","embeddable":true,"href":"https:\/\/www.invarena.cz\/index.php?rest_route=%2Fwp%2Fv2%2Fcategories&post=32573"},{"taxonomy":"post_tag","embeddable":true,"href":"https:\/\/www.invarena.cz\/index.php?rest_route=%2Fwp%2Fv2%2Ftags&post=32573"}],"curies":[{"name":"wp","href":"https:\/\/api.w.org\/{rel}","templated":true}]}}