{"id":32609,"date":"2019-11-06T11:01:54","date_gmt":"2019-11-06T10:01:54","guid":{"rendered":"http:\/\/www.invarena.cz\/?p=32609"},"modified":"2019-11-06T11:01:54","modified_gmt":"2019-11-06T10:01:54","slug":"vystava-priblizila-detem-svet-neslysicich","status":"publish","type":"post","link":"https:\/\/www.invarena.cz\/?p=32609","title":{"rendered":"V\u00fdstava p\u0159ibl\u00ed\u017eila d\u011btem sv\u011bt nesly\u0161\u00edc\u00edch"},"content":{"rendered":"<p><strong>V \u0159\u00edjnu se na Z\u00e1kladn\u00ed \u0161kole v Terez\u00edn\u011b konala unik\u00e1tn\u00ed v\u00fdstava spojen\u00e1 s projektem Z\u00e1\u017eitkem k porozum\u011bn\u00ed.<\/strong> <!--more--><\/p>\n<p><em>ilustra\u010dn\u00ed foto<\/em><\/p>\n<p>Terez\u00edn \u2013 V\u00fdstava se konala v prostor\u00e1ch \u0161koly po dobu dvou dn\u016f, kdy se vyst\u0159\u00eddaly v\u0161echny t\u0159\u00eddy se sv\u00fdmi u\u010diteli a \u017e\u00e1ci tak mohli alespo\u0148 \u010d\u00e1ste\u010dn\u011b nahl\u00e9dnout do sv\u011bta nesly\u0161\u00edc\u00edch.<\/p>\n<p>U\u017e samotn\u00fd vstup na v\u00fdstavu byl netradi\u010dn\u00ed, prob\u00edhal toti\u017e t\u00e9m\u011b\u0159 beze slov a pouze pomoc\u00ed znakov\u00e9ho jazyka. Prohl\u00eddka byla rozd\u011blena na dv\u011b \u010d\u00e1sti. V prvn\u00ed \u010d\u00e1sti se \u017e\u00e1ci sezn\u00e1mili s \u010desk\u00fdm znakov\u00fdm jazykem, vyzkou\u0161eli si znakovou abecedu a tak\u00e9 n\u011bkolik z\u00e1kladn\u00edch znak\u016f. V druh\u00e9 \u010d\u00e1sti si \u017e\u00e1ci doslova pro\u0161li lidsk\u00fdm uchem jeho\u017e velk\u00e1 maketa je sou\u010d\u00e1st\u00ed v\u00fdstavy. Na n\u011bkolika stanovi\u0161t\u00edch bylo d\u011btem vysv\u011btleno a n\u00e1zorn\u011b uk\u00e1z\u00e1no, jak sly\u0161\u00ed lid\u00e9 s r\u016fzn\u00fdmi poruchami sluchu, kter\u00e9 p\u0159\u00edstroje se p\u0159i r\u016fzn\u00fdch poruch\u00e1ch pou\u017e\u00edvaj\u00ed a jak funguj\u00ed.<\/p>\n<p>Hana Ko\u010dov\u00e1<br \/>\nLitom\u011b\u0159ick\u00fd den\u00edk<br \/>\n<a href=\"http:\/\/www.litomericky.denik.cz\/\" target=\"_blank\" rel=\"noopener noreferrer\">http:\/\/www.litomericky.denik.cz\/<\/a><\/p>\n","protected":false},"excerpt":{"rendered":"<div class=\"mh-excerpt\"><p>V \u0159\u00edjnu se na Z\u00e1kladn\u00ed \u0161kole v Terez\u00edn\u011b konala unik\u00e1tn\u00ed v\u00fdstava spojen\u00e1 s projektem Z\u00e1\u017eitkem k porozum\u011bn\u00ed.<\/p>\n<\/div>","protected":false},"author":1,"featured_media":18796,"comment_status":"open","ping_status":"closed","sticky":false,"template":"","format":"standard","meta":{"footnotes":""},"categories":[9],"tags":[],"class_list":["post-32609","post","type-post","status-publish","format-standard","has-post-thumbnail","hentry","category-zpravy"],"_links":{"self":[{"href":"https:\/\/www.invarena.cz\/index.php?rest_route=\/wp\/v2\/posts\/32609","targetHints":{"allow":["GET"]}}],"collection":[{"href":"https:\/\/www.invarena.cz\/index.php?rest_route=\/wp\/v2\/posts"}],"about":[{"href":"https:\/\/www.invarena.cz\/index.php?rest_route=\/wp\/v2\/types\/post"}],"author":[{"embeddable":true,"href":"https:\/\/www.invarena.cz\/index.php?rest_route=\/wp\/v2\/users\/1"}],"replies":[{"embeddable":true,"href":"https:\/\/www.invarena.cz\/index.php?rest_route=%2Fwp%2Fv2%2Fcomments&post=32609"}],"version-history":[{"count":0,"href":"https:\/\/www.invarena.cz\/index.php?rest_route=\/wp\/v2\/posts\/32609\/revisions"}],"wp:featuredmedia":[{"embeddable":true,"href":"https:\/\/www.invarena.cz\/index.php?rest_route=\/wp\/v2\/media\/18796"}],"wp:attachment":[{"href":"https:\/\/www.invarena.cz\/index.php?rest_route=%2Fwp%2Fv2%2Fmedia&parent=32609"}],"wp:term":[{"taxonomy":"category","embeddable":true,"href":"https:\/\/www.invarena.cz\/index.php?rest_route=%2Fwp%2Fv2%2Fcategories&post=32609"},{"taxonomy":"post_tag","embeddable":true,"href":"https:\/\/www.invarena.cz\/index.php?rest_route=%2Fwp%2Fv2%2Ftags&post=32609"}],"curies":[{"name":"wp","href":"https:\/\/api.w.org\/{rel}","templated":true}]}}