{"id":327,"date":"2012-11-20T22:24:30","date_gmt":"2012-11-20T22:24:30","guid":{"rendered":"http:\/\/www.invarena.cz\/?p=327"},"modified":"2012-11-20T22:26:51","modified_gmt":"2012-11-20T22:26:51","slug":"likvidace-socialniho-statu-jde-krok-za-krokem","status":"publish","type":"post","link":"https:\/\/www.invarena.cz\/?p=327","title":{"rendered":"Likvidace soci\u00e1ln\u00edho st\u00e1tu jde krok za krokem"},"content":{"rendered":"<p>Rozhovor\u00a0 s\u00a0 ekonomick\u00fdm analytikem \u010ceskomoravsk\u00e9 konfederace odborov\u00fdch svaz\u016f Pavlem Jan\u00ed\u010dkem (foto). &#8222;Prvkem likvidace soci\u00e1ln\u00edho st\u00e1tu jsou ataky na d\u016fchodov\u00fd syst\u00e9m, kter\u00fd je jednou z posledn\u00edch neohlodan\u00fdch kost\u00ed z mr\u0161iny ve\u0159ejn\u00fdch slu\u017eeb a fond\u016f,&#8220; \u0159\u00edk\u00e1.<!--more--><\/p>\n<p><strong>&#8211; Hovo\u0159ili jsme spolu p\u0159ed necel\u00fdm rokem. Tehdy jste \u0159ekl, \u017ee \u00bbt\u00e9to vl\u00e1dn\u00ed garnitu\u0159e je celkem jedno, jak dopadne st\u00e1tn\u00ed rozpo\u010det i jak se bude vyv\u00edjet ekonomika. Hlavn\u011b kdy\u017e tato garnitura zabezpe\u010d\u00ed sebe sama, sv\u00e9 kamar\u00e1dy a z\u00e1jmy t\u011bch skupin, kter\u00e9 ji do jej\u00edch funkc\u00ed dosadily\u00ab. M\u011bnil byste n\u011bco na t\u011bchto slovech dnes?<\/strong><\/p>\n<p>Nem\u011bnil bych v\u016fbec nic, naopak bych m\u011bl pro toto tvrzen\u00ed je\u0161t\u011b v\u00edce argument\u016f. Je p\u0159ece velmi z\u0159eteln\u00e9, \u017ee ministr i cel\u00e1 vl\u00e1da tzv. rozpo\u010dtov\u00e9 odpov\u011bdnosti zcela bez skrupul\u00ed opou\u0161t\u00ed sv\u00e9 \u00fadajn\u00e9 snahy o \u0161et\u0159en\u00ed ve\u0159ejn\u00fdch (rozpo\u010dtov\u00fdch) p\u0159ebytk\u016f tehdy, jestli\u017ee jde o z\u00e1jmy t\u011bch skupin, kter\u00e9 p\u0159edstavuj\u00ed jejich hlavn\u00ed klientelu. Velmi n\u00e1zorn\u00fdm p\u0159\u00edkladem je ot\u00e1zka c\u00edrkevn\u00edch restituc\u00ed, kter\u00e9 p\u0159edstavuj\u00ed obrovsk\u00e9 n\u00e1klady st\u00e1tu v pr\u016fb\u011bhu n\u011bkolika desetilet\u00ed, jejich\u017e specifikem je nav\u00edc to, \u017ee nikdo nen\u00ed ani schopen p\u0159esn\u011b vy\u010d\u00edslit, jak\u00e9 ty n\u00e1klady vlastn\u011b budou. Dal\u0161\u00edm stejn\u011b ilustrativn\u00edm p\u0159\u00edkladem je i tzv. d\u016fchodov\u00e1 reforma, jej\u00ed\u017e d\u016fsledky pro st\u00e1tn\u00ed rozpo\u010det jsou rovn\u011b\u017e destabilizuj\u00edc\u00ed a velmi nejasn\u00e9.<br \/>\nMakroekonomov\u00e9 \u010ceskomoravsk\u00e9 komory odborov\u00fdch svaz\u016f ve sv\u00e9m stanovisku k n\u00e1vrhu st\u00e1tn\u00edho rozpo\u010dtu na r. 2013 uv\u00e1d\u011bj\u00ed, \u017ee p\u016fvodn\u00ed odhady n\u00e1klad\u016f na zaveden\u00ed 2. pil\u00ed\u0159e d\u016fchodov\u00e9ho spo\u0159en\u00ed, je\u017e byly vy\u010d\u00edsleny na 20 mld. K\u010d, ministerstvo financ\u00ed n\u00e1hle bez vysv\u011btlen\u00ed zredukovalo na 6 mld., \u010d\u00edm\u017e samoz\u0159ejm\u011b opticky vylep\u0161ilo celkovou bilanci st\u00e1tn\u00edho rozpo\u010dtu. Stejn\u011b tak stoj\u00ed za pov\u0161imnut\u00ed t\u00e9ma, kter\u00e9 bylo znovu \u00bbzvednuto\u00ab na kongresu ODS a osobn\u011b podpo\u0159eno premi\u00e9rem Ne\u010dasem, to je ot\u00e1zka legalizace tzv. \u0161varcsyst\u00e9mu, neboli umo\u017en\u011bn\u00ed p\u0159evod\u016f zam\u011bstnanc\u016f do statutu fale\u0161n\u00fdch OSV\u010c. Jen samotn\u00fd tento krok by znamenal \u00bbd\u00edru\u00ab do rozpo\u010dtov\u00fdch p\u0159\u00edjm\u016f v \u0159\u00e1dech des\u00edtek miliard korun (z d\u016fvodu sn\u00ed\u017een\u00ed da\u0148ov\u00fdch v\u00fdnos\u016f a odvod\u016f na soci\u00e1ln\u00ed poji\u0161t\u011bn\u00ed, kter\u00e9 jsou pro OSV\u010c ni\u017e\u0161\u00ed ne\u017e pro zam\u011bstnance), a to ani nehovo\u0159\u00edm o obrovsk\u00e9m propadu zam\u011bstnaneck\u00fdch a soci\u00e1ln\u00edch pr\u00e1v, kter\u00fd je s t\u00edmto spojen.<br \/>\nMohli bychom je\u0161t\u011b d\u00e1le p\u0159ipomenout takov\u00e9 v\u00fddaje, jako je financov\u00e1n\u00ed na\u0161ich vojensk\u00fdch mis\u00ed, jejich\u017e \u00bbnezbytnost\u00ab spo\u010d\u00edv\u00e1 jen v nutnosti zachovat poslu\u0161nost v\u016f\u010di vl\u00e1dnouc\u00edm elit\u00e1m ve Spojen\u00fdch st\u00e1tech anebo gigantick\u00fd trend n\u011b\u010deho, co bychom mohli ozna\u010dit jako \u00bboutsourcov\u00e1n\u00ed\u00ab r\u016fzn\u00fdch \u010dinnost\u00ed, d\u0159\u00edve vykon\u00e1van\u00fdch bez probl\u00e9m\u016f st\u00e1tn\u00edmi a ve\u0159ejn\u00fdmi institucemi, do r\u016fzn\u011b sp\u0159\u00e1telen\u00fdch firem, jejich\u017e \u00bbp\u0159\u00ednos\u00ab je pak takov\u00fd, \u017ee tut\u00e9\u017e \u010dinnost vykon\u00e1vaj\u00ed s n\u00e1sobn\u00fdmi n\u00e1klady.<\/p>\n<p><strong>&#8211; Kdy\u017e se pod\u00edv\u00e1te na po\u010d\u00edn\u00e1n\u00ed ministra financ\u00ed Kalouska, kter\u00fd se pasuje do role jedin\u00e9ho zachr\u00e1nce st\u00e1tn\u00edch financ\u00ed, jak byste ho zhodnotil?<\/strong><\/p>\n<p>Ministr financ\u00ed je sv\u00fdm zp\u016fsobem p\u0159\u00edkladem (mo\u017en\u00e1 prototypem) \u010dlov\u011bka, kter\u00fd m\u00e1 skv\u011bl\u00e9 osobnostn\u00ed p\u0159edpoklady usp\u011bt v tomto syst\u00e9mu. Je nepochybn\u011b vysoce inteligentn\u00ed a komunikativn\u00ed, um\u00ed jakoby jednodu\u0161e vysv\u011btlovat ekonomick\u00e9 finan\u010dn\u00ed z\u00e1le\u017eitosti, zhu\u0161\u0165ovat je do jednoduch\u00fdch kli\u0161\u00e9 typu \u00bbnesm\u00edme zadlu\u017eovat p\u0159\u00ed\u0161t\u00ed generace\u00ab, \u00bbst\u00e1tn\u00ed rozpo\u010det je tot\u00e9\u017e co rozpo\u010det rodiny, neboli nesm\u00ed se vyd\u00e1vat v\u00edce ne\u017e se vyd\u011bl\u00e1\u00ab, apod. N\u011bkte\u0159\u00ed lid\u00e9 na tato hesla sly\u0161\u00ed, zvl\u00e1\u0161\u0165 kdy\u017e jsou podporov\u00e1na nekritick\u00fdmi \u00bbanalytiky\u00ab ve sd\u011blovac\u00edch prost\u0159edc\u00edch. Druhou stranou t\u00e9to inteligence je ov\u0161em jednozna\u010dn\u00e9 ignorov\u00e1n\u00ed soci\u00e1ln\u00edch aspekt\u016f spole\u010dnosti a v z\u00e1sad\u011b pohrd\u00e1n\u00ed osudem b\u011b\u017en\u00fdch lid\u00ed a preferov\u00e1n\u00ed vlastn\u00edch z\u00e1jm\u016f. Ani\u017e bych si cht\u011bl hr\u00e1t na psychologa, domn\u00edv\u00e1m se, \u017ee plat\u00ed pravidlo, \u017ee syst\u00e9m si vyb\u00edr\u00e1 k sob\u011b lidi. A tento syst\u00e9m prost\u011b vygeneruje do pop\u0159ed\u00ed osoby s vysoce vyvinut\u00fdm egem a n\u00edzkou m\u00edrou empatie k ostatn\u00edm. Je to asi jako v p\u0159\u00edpad\u011b konkurence mezi podnikateli. Ty firmy, kter\u00e9 se sna\u017e\u00ed dodr\u017eovat pravidla a omezen\u00ed, jsou v konkuren\u010dn\u00ed nev\u00fdhod\u011b v\u016f\u010di t\u011bm, kte\u0159\u00ed je nedodr\u017euj\u00ed. Jinak \u0159e\u010deno, zat\u00edmco syst\u00e9m socialismu v 70. a 80. letech produkoval typy nudn\u00fdch \u00bb\u0161ediv\u00fdm\u00ab tajemn\u00edk\u016f, kte\u0159\u00ed opakovali fr\u00e1ze a b\u00e1li se z nich vybo\u010dit, tento syst\u00e9m naopak vystrkuje do pop\u0159ed\u00ed bezskrupul\u00f3zn\u00ed egoisty a kari\u00e9risty, pohybuj\u00edc\u00ed se a\u017e n\u011bkdy na hran\u011b psychopatie. A Kalousek je toho dobr\u00fdm p\u0159\u00edkladem.<\/p>\n<p><strong>&#8211; Kdy\u017e pravice vid\u00ed, \u017ee se nenapl\u0148uj\u00ed ve\u0159ejn\u00e9 rozpo\u010dty, tak v krajn\u00ed situaci p\u0159istupuje na n\u011bkter\u00e1 opat\u0159en\u00ed, kter\u00e1 jako syst\u00e9mov\u00e1 navrhuje levice. Je to nap\u0159. vy\u0161\u0161\u00ed zdan\u011bn\u00ed bohat\u00fdch, by\u0165 do\u010dasn\u011b. Pro\u010d se pr\u00e1v\u011b na tom neda\u0159\u00ed vysv\u011btlit, \u017ee levice m\u00e1 spravedliv\u011bj\u0161\u00ed program, kter\u00fd umo\u017en\u00ed dostate\u010dn\u00e9 zdroje pro ve\u0159ejn\u00e9 rozpo\u010dty?<\/strong><\/p>\n<p>V\u00fd\u0161e charakterizovan\u00fd \u00bbnejlep\u0161\u00ed ministr financ\u00ed v\u0161ech dob\u00ab se mj. projevuje i t\u00edm, \u017ee si naprosto ned\u011bl\u00e1 vr\u00e1sky s t\u00edm, jak\u00e9 p\u0159edkl\u00e1d\u00e1 materi\u00e1ly. Co by jin\u00e9mu p\u0159i\u0161lo jako nebety\u010dn\u00e1 ostuda, pro pana Kalouska a na\u0161i vl\u00e1du je jen jak\u00fdmsi cvi\u010den\u00edm s trp\u011blivost\u00ed a\u0165 u\u017e odborn\u00e9, nebo obecn\u00e9 ve\u0159ejnosti, a vlastn\u011b to vyd\u00e1v\u00e1 za jakousi p\u0159ednost. Sta\u010d\u00ed p\u0159ipomenout n\u00e1vrh rozpo\u010dtu na r. 2009, kter\u00fd byl vystav\u011bn na p\u0159edpokladu v\u00edce ne\u017e 3% r\u016fstu HDP, a\u010dkoliv realita nakonec dopadla tak, \u017ee ekonomika spadla o 4,2 %!<br \/>\nStejn\u011b tak n\u00e1vrh rozpo\u010dtu na r. 2013, kter\u00fd byl p\u0159edlo\u017een v z\u00e1\u0159\u00ed, v sob\u011b obsahoval \u0159adu prvk\u016f nejistoty a byl zhodnocen ve stanovisku \u010cMKOS tak, \u017ee \u00bbse zjevn\u00e1 finan\u010dn\u00ed rizika navr\u017een\u00e9ho<br \/>\nst\u00e1tn\u00edho rozpo\u010dtu mohou v p\u0159\u00ed\u0161t\u00edm roce pohybovat minim\u00e1ln\u011b<br \/>\nv rozsahu 45\u201360 mld. K\u010d\u00ab. Mezit\u00edm, jak \u010dten\u00e1\u0159i v\u011bd\u00ed, se tato nejistota je\u0161t\u011b prohloubila v souvislosti s boji mezi jednotliv\u00fdmi frakcemi vl\u00e1dn\u00ed elity, je\u017e dostaly mohutn\u00fd impuls v podob\u011b nedobr\u00e9ho v\u00fdsledku krajsk\u00fdch a sen\u00e1tn\u00edch voleb. Tak\u017ee nastal tanec, jak se je\u0161t\u011b n\u011bjakou chv\u00edli udr\u017eet u moci a benefit\u016f s n\u00ed spojen\u00fdch. N\u011bkte\u0159\u00ed to vyhodnotili tak, \u017ee je t\u0159eba politiku \u00faspor trochu zlid\u0161tit. Vzhledem k tomu \u017ee tento postoj je v rozporu s podstatou kapitalistick\u00e9ho syst\u00e9mu, ihned vyvolal reakce ve smyslu \u00bbn\u00e1vratu ke ko\u0159en\u016fm\u00ab, toti\u017e k pravov\u011brn\u00e9 pravicov\u00e9 politice, neboli k politice likvidace soci\u00e1ln\u00edho st\u00e1tu a podpory \u00bb\u00fasp\u011b\u0161n\u00fdch a pracovit\u00fdch\u00ab. Soci\u00e1ln\u00ed zku\u0161enost je v\u0161ak nep\u0159\u00edtelem pravice, mnoho lid\u00ed tyto man\u00e9vry u\u017e prohl\u00e9dlo a zjistilo, o co jde.<\/p>\n<p><strong>&#8211; Zaj\u00edmav\u00e9 je sledovat postoje prezidenta republiky. Zakladatel ODS, kter\u00fd jako premi\u00e9r st\u00e1l v \u010dele vl\u00e1dy v 90. letech, kdy se zalo\u017eilo sou\u010dasn\u00e9 uspo\u0159\u00e1d\u00e1n\u00ed st\u00e1tu i ekonomiky a prob\u00edhaly p\u0159ekotn\u00e9 privatizace, kritizoval pravicovou vl\u00e1du za jej\u00ed snahy o dal\u0161\u00ed zv\u00fd\u0161en\u00ed dan\u00ed, vr\u00e1til prov\u00e1d\u011bc\u00ed z\u00e1kon k d\u016fchodov\u00e9 reform\u011b atd. Co vy na to?<\/strong><\/p>\n<p>Prezident Klaus se v\u017edy vyzna\u010doval z\u00e1kladn\u00edm rysem, toti\u017e neuv\u011b\u0159iteln\u00fdm narcisismem, kter\u00fd dokonce p\u0159ekra\u010duje i meze, b\u011b\u017en\u00e9 u dal\u0161\u00edch p\u0159edstavitel\u016f tohoto re\u017eimu. On se skute\u010dn\u011b domn\u00edv\u00e1, \u017ee je geni\u00e1ln\u00ed ekonom a myslitel sv\u011btov\u00e9ho v\u00fdznamu, a z tohoto (fiktivn\u00edho) piedestalu shl\u00ed\u017e\u00ed na ten obt\u00ed\u017en\u00fd hmyz pod sebou. Obecn\u011b vzato si nezaslou\u017e\u00ed ani tu nejmen\u0161\u00ed toleranci a obdiv od norm\u00e1ln\u00edch lid\u00ed, proto\u017ee to byl on, kdo v kooperaci s dal\u0161\u00edm sv\u011btov\u00fdm \u00bbg\u00e9niem\u00ab V\u00e1clavem Havlem prosadil mafi\u00e1nsk\u00fd kapitalismus, rozbil \u010ceskoslovensko a zavlekl n\u00e1s do polokoloni\u00e1ln\u00edho podru\u010d\u00ed sv\u011btov\u00fdch (zejm\u00e9na americk\u00fdch) mocensk\u00fdch, ekonomick\u00fdch a finan\u010dn\u00edch elit.<br \/>\nJeho ne\u0159iditeln\u00e9 ego v\u0161ak m\u00e1 i jeden sympati\u010dt\u011bj\u0161\u00ed efekt, ob\u010das toti\u017e m\u00e1 neodstranitelnou touhu trochu vybo\u010dit z hlavn\u00edho re\u017eimn\u00edho n\u00e1zorov\u00e9ho proudu a \u0159\u00edct n\u011bco \u00bbnestandardn\u00edho\u00ab. Tak\u017ee ob\u010das nadzved\u00e1v\u00e1 re\u017eimn\u00ed m\u00e9dia sv\u00fdmi kritikami antisrbsk\u00fdch, antirusk\u00fdch nebo anti\u010d\u00ednsk\u00fdch kli\u0161\u00e9, ob\u010das n\u011bco kritick\u00e9ho vypust\u00ed o EU, nebo dokonce, jak\u00e1 odvaha, o podvodech americk\u00e9 vl\u00e1dy (viz jeho postoj k \u00fadajn\u00fdm zbran\u00edm hromadn\u00e9ho ni\u010den\u00ed v Ir\u00e1ku), anebo se nyn\u00ed sna\u017e\u00ed n\u011bjak vymezit v\u016f\u010di nepopul\u00e1rn\u00ed vl\u00e1d\u011b. Ale nebojme se, nakonec se za\u0159ad\u00ed a sklapne kufry.<\/p>\n<p><strong>&#8211; To koresponduje s prezidentov\u00fdmi slovy v projevu ke st\u00e1tn\u00edmu sv\u00e1tku 28. \u0159\u00edjna, kdy \u0159ekl, \u017ee nespokojenost lid\u00ed \u00bbnezp\u016fsobili ti, kte\u0159\u00ed jim nyn\u00ed n\u011bco berou, ale ti, kte\u0159\u00ed jim p\u0159edt\u00edm nezodpov\u011bdn\u011b d\u00e1vali\u00ab&#8230;<\/strong><\/p>\n<p>Pan prezident m\u00e1 sv\u016fj jednoduch\u00fd n\u00e1zorov\u00fd stereotyp, kter\u00e9mu \u0159\u00edk\u00e1 konzervatismus a kter\u00e9mu d\u0159\u00edve \u0159\u00edkal liberalismus.<br \/>\nOno to ale nakonec vyjde nastejno, jeho podstatou je n\u00e1zor, \u017ee \u017eivot spole\u010dnosti stoj\u00ed na podnikatel\u00edch a soukrom\u00e9m vlastnictv\u00ed a \u017ee trh v\u0161e vy\u0159e\u0161\u00ed. P\u0159es v\u0161echny sv\u00e9 \u00falety, kter\u00e9 jsem zmi\u0148oval v\u00fd\u0161e, se sna\u017e\u00ed dok\u00e1zat, \u017ee v\u00fdvoj, kter\u00fd v na\u0161\u00ed zemi nastartoval, je p\u0159es v\u0161echny nesn\u00e1ze spr\u00e1vn\u00fd. Proto opakuje st\u00e1le tragikomi\u010dt\u011bj\u0161\u00ed v\u011bty o tom, \u017ee \u00bb\u017eijeme v nejlep\u0161\u00edm ze v\u0161ech historick\u00fdch obdob\u00ed\u00ab. Z\u00e1rove\u0148 v\u00ed, \u017ee tomu u\u017e nikdo nev\u011b\u0159\u00ed, a tak mus\u00ed p\u0159idat \u00bbomluvnou\u00ab fr\u00e1zi o tom, \u017ee probl\u00e9my zp\u016fsobil ten rozbujel\u00fd soci\u00e1ln\u00ed st\u00e1t.<\/p>\n<p><strong>&#8211; P\u0159ipomn\u011bl jste minule, \u017ee se nach\u00e1z\u00edme ve f\u00e1zi likvidace soci\u00e1ln\u00edho st\u00e1tu, kter\u00e1 se realizuje \u00bbprost\u0159ednictv\u00edm privatizace a komercionalizace syst\u00e9m\u016f\u00ab, a restaurace kapitalismu z\u00e1konit\u011b sm\u011b\u0159uje do p\u0159edbismarckovsk\u00fdch dob. M\u016f\u017eeme v\u00fdsledky voleb \u010d\u00edst jako odm\u00edtnut\u00ed n\u011bkter\u00fdch, aspo\u0148 t\u011bch nejk\u0159iklav\u011bj\u0161\u00edch moment\u016f tohoto sm\u011b\u0159ov\u00e1n\u00ed do p\u0159edbismarckovsk\u00e9ho obdob\u00ed?<\/strong><\/p>\n<p>Proces likvidace soci\u00e1ln\u00edho st\u00e1tu jde krok za krokem. Jeho nejzjevn\u011bj\u0161\u00edmi prvky jsou v dan\u00fd moment ataky na d\u016fchodov\u00fd syst\u00e9m, kter\u00fd je jednou z posledn\u00edch neohlodan\u00fdch kost\u00ed z mr\u0161iny ve\u0159ejn\u00fdch slu\u017eeb a fond\u016f. D\u00e1le asi nemus\u00edm p\u0159ipom\u00ednat \u00bbukrajov\u00e1n\u00ed kole\u010dek sal\u00e1mu\u00ab z dal\u0161\u00edho ve\u0159ejn\u00e9ho kol\u00e1\u010de, tj. ze zdravotnictv\u00ed, naposledy n\u00e1m p\u0159edkl\u00e1daj\u00ed redukce stavu l\u016f\u017eek v nemocnic\u00edch a asi i platby za amalg\u00e1mov\u00e9 plomby u zuba\u0159\u016f. \u0160koln\u00e9 zat\u00edm \u010dek\u00e1 v z\u00e1loze, ale ur\u010dit\u011b se do\u010dk\u00e1me, pokud nedojde k z\u00e1sadn\u00ed zm\u011bn\u011b. Taky je mo\u017en\u00e9, \u017ee se n\u00e1m d\u00edky \u00bbproz\u00edrav\u00e9\u00ab vl\u00e1dn\u00ed politice zhrout\u00ed st\u00e1tn\u00ed rozpo\u010det a intenzita likvida\u010dn\u00edch prac\u00ed na soci\u00e1ln\u00edm st\u00e1tu se n\u00e1m p\u011bkn\u011b urychl\u00ed.<br \/>\nJe\u0161t\u011b k t\u00e9 p\u0159edbismarckovsk\u00e9 dob\u011b: Z tohoto optimismu m\u011b vyvedl pan celo\u017eivotn\u00ed poslanec Marek Benda, kter\u00fd v jedn\u00e9 diskusi na t\u00e9ma tzv. c\u00edrkevn\u00ed restituce pravil, \u017ee ide\u00e1ln\u00ed dobou svobody a spravedlnosti bylo obdob\u00ed p\u0159ed n\u00e1stupem c\u00edsa\u0159e Josefa II. na konci 18. stolet\u00ed. Prost\u011b ide\u00e1lem je n\u00e1vrat do zlat\u00fdch \u010das\u016f feudalismu!<br \/>\n<strong><br \/>\n&#8211; \u00da\u010dast voli\u010d\u016f, zejm\u00e9na ve 2. kole sen\u00e1tn\u00edch voleb, zakl\u00e1d\u00e1 legitimn\u00ed ot\u00e1zku, zdali takto mal\u00fdm po\u010dtem ob\u010dan\u016f zvolen\u00ed z\u00e1konod\u00e1rci vlastn\u011b maj\u00ed pr\u00e1vo rozhodovat o budoucnosti \u010cR. Nem\u016f\u017ee v\u0161eobecn\u00e1 zhnusenost politikou vytvo\u0159it stav, kdy \u0161ir\u0161\u00ed rodina zvol\u00ed sv\u00e9ho sen\u00e1tora?<\/strong><\/p>\n<p>J\u00e1 osobn\u011b nejsem velk\u00fdm p\u0159\u00edznivcem existence Sen\u00e1tu a stejn\u011b tak nejsem p\u0159\u00edznivcem voleb \u00bbosobnost\u00ed\u00ab. Sen\u00e1t v p\u0159\u00edpad\u011b \u010cR je evidentn\u011b nadbyte\u010dnou instituc\u00ed a jeho rol\u00ed je sp\u00ed\u0161e rozm\u011bl\u0148ovat prosazen\u00ed skute\u010dn\u00e9 v\u016fle lid\u00ed a skute\u010dn\u00e9 zm\u011bny, i kdy\u017e moment\u00e1ln\u011b jakoby odr\u00e1\u017e\u00ed v\u00edce v\u011bt\u0161inov\u00e9 ve\u0159ejn\u00e9 m\u00edn\u011bn\u00ed ne\u017e sn\u011bmovna. V\u011bt\u0161inov\u00e1 volba tzv. osobnost\u00ed pak vytv\u00e1\u0159\u00ed velk\u00fd prostor pro manipulace ze strany majitel\u016f m\u00e9di\u00ed a r\u016fzn\u00fdch tv\u016frc\u016f ve\u0159ejn\u00e9ho m\u00edn\u011bn\u00ed, nebo\u0165 za zn\u00e1mou tv\u00e1\u0159\u00ed lze skr\u00fdt cokoliv. To u\u017e je skute\u010dn\u011b lep\u0161\u00ed volit politick\u00e9 strany, tam si p\u0159ece jen voli\u010di l\u00e9pe uv\u011bdom\u00ed, koho vlastn\u011b vol\u00ed.<br \/>\nJinak je skute\u010dn\u011b tristn\u00ed, kdy\u017e za \u00bbz\u00e1stupcem lidu\u00ab stoj\u00ed fakticky n\u011bkolik tis\u00edc voli\u010d\u016f, takhle opravdu nakonec skon\u010d\u00edme tak, \u017ee si n\u011bkter\u00e9 po\u010detn\u011bj\u0161\u00ed klany budou sv\u00fdmi hlasy zaji\u0161\u0165ovat pozice pro schvalov\u00e1n\u00ed z\u00e1kon\u016f.<\/p>\n<p><strong>&#8211; Hlavn\u00ed t\u00e9ma pro lidi je m\u00edt pr\u00e1ci. Kde se maj\u00ed vytv\u00e1\u0159et nov\u00e1 pracovn\u00ed m\u00edsta pro cca 700 tis. nezam\u011bstnan\u00fdch, kdy\u017e i velk\u00fd zam\u011bstnavatel st\u00e1t hodl\u00e1 ze\u0161t\u00edhlovat, a tedy propou\u0161t\u011bt, a nezam\u011bstnan\u00ed na rozjet\u00ed nov\u00fdch \u017eivnost\u00ed prost\u011b nemaj\u00ed pen\u00edze?<\/strong><\/p>\n<p>J\u00e1 ve sv\u00fdch n\u011bkter\u00fdch vystoupen\u00edch pro \u010dleny odbor\u016f na t\u00e9ma ohro\u017een\u00e9 skupiny na trhu pr\u00e1ce \u0159\u00edk\u00e1m, \u017ee t\u011bmi, kdo\u017e jsou takto ohro\u017eeni, nejsou jen star\u0161\u00ed nebo naopak mlad\u0161\u00ed lid\u00e9, \u017ee to nejsou jen \u017eeny nebo zdravotn\u011b posti\u017een\u00ed, \u017ee to nejsou jen n\u011bkter\u00e9 profese nebo jen lid\u00e9 v n\u011bkter\u00fdch regionech, ale \u017ee na kapitalistick\u00e9m trhu pr\u00e1ce jsou v pozici ohro\u017een\u00fdch skupin v\u0161ichni zam\u011bstnanci, proto\u017ee jsou v pod\u0159\u00edzen\u00e9m postaven\u00ed v\u016f\u010di podnikatel\u016fm a jsou z\u00e1visl\u00ed na tom, jak hodn\u011b, \u010di m\u00e1lo p\u0159isp\u00edvaj\u00ed k tvorb\u011b jejich zisku. Jestli\u017ee tedy st\u00e1t nebude alespo\u0148, \u0159e\u010deno s Jaroslavem Ha\u0161kem, v mez\u00edch z\u00e1kona p\u0159isp\u00edvat k m\u00edrn\u00e9mu pokroku na trhu pr\u00e1ce t\u00edm, \u017ee bude podporovat zam\u011bstnanost a ekonomick\u00fd r\u016fst, \u017ee bude podporovat investice alespo\u0148 v oblasti infrastruktury, \u017ee bude podporovat vznik soci\u00e1ln\u00edch, \u010dili neziskov\u00fdch podnik\u016f, situace se nezlep\u0161\u00ed. S t\u00edm ov\u0161em za t\u00e9to vl\u00e1dy nem\u016f\u017eeme po\u010d\u00edtat.<\/p>\n<p>Hal\u00f3 noviny<\/p>\n","protected":false},"excerpt":{"rendered":"<div class=\"mh-excerpt\"><p>Rozhovor\u00a0 s\u00a0 ekonomick\u00fdm analytikem \u010ceskomoravsk\u00e9 konfederace odborov\u00fdch svaz\u016f Pavlem Jan\u00ed\u010dkem (foto). &#8222;Prvkem likvidace soci\u00e1ln\u00edho st\u00e1tu jsou ataky na d\u016fchodov\u00fd syst\u00e9m, kter\u00fd je jednou z posledn\u00edch <a class=\"mh-excerpt-more\" href=\"https:\/\/www.invarena.cz\/?p=327\" title=\"Likvidace soci\u00e1ln\u00edho st\u00e1tu jde krok za krokem\">[&#8230;]<\/a><\/p>\n<\/div>","protected":false},"author":1,"featured_media":329,"comment_status":"open","ping_status":"open","sticky":false,"template":"","format":"standard","meta":{"footnotes":""},"categories":[12],"tags":[],"class_list":["post-327","post","type-post","status-publish","format-standard","has-post-thumbnail","hentry","category-rozhovory"],"_links":{"self":[{"href":"https:\/\/www.invarena.cz\/index.php?rest_route=\/wp\/v2\/posts\/327","targetHints":{"allow":["GET"]}}],"collection":[{"href":"https:\/\/www.invarena.cz\/index.php?rest_route=\/wp\/v2\/posts"}],"about":[{"href":"https:\/\/www.invarena.cz\/index.php?rest_route=\/wp\/v2\/types\/post"}],"author":[{"embeddable":true,"href":"https:\/\/www.invarena.cz\/index.php?rest_route=\/wp\/v2\/users\/1"}],"replies":[{"embeddable":true,"href":"https:\/\/www.invarena.cz\/index.php?rest_route=%2Fwp%2Fv2%2Fcomments&post=327"}],"version-history":[{"count":0,"href":"https:\/\/www.invarena.cz\/index.php?rest_route=\/wp\/v2\/posts\/327\/revisions"}],"wp:featuredmedia":[{"embeddable":true,"href":"https:\/\/www.invarena.cz\/index.php?rest_route=\/wp\/v2\/media\/329"}],"wp:attachment":[{"href":"https:\/\/www.invarena.cz\/index.php?rest_route=%2Fwp%2Fv2%2Fmedia&parent=327"}],"wp:term":[{"taxonomy":"category","embeddable":true,"href":"https:\/\/www.invarena.cz\/index.php?rest_route=%2Fwp%2Fv2%2Fcategories&post=327"},{"taxonomy":"post_tag","embeddable":true,"href":"https:\/\/www.invarena.cz\/index.php?rest_route=%2Fwp%2Fv2%2Ftags&post=327"}],"curies":[{"name":"wp","href":"https:\/\/api.w.org\/{rel}","templated":true}]}}