{"id":32777,"date":"2019-11-15T11:51:26","date_gmt":"2019-11-15T10:51:26","guid":{"rendered":"http:\/\/www.invarena.cz\/?p=32777"},"modified":"2019-11-15T11:51:28","modified_gmt":"2019-11-15T10:51:28","slug":"v-derby-pujde-o-body-pak-ostravsti-volejbaliste-vydrazi-dresy","status":"publish","type":"post","link":"https:\/\/www.invarena.cz\/?p=32777","title":{"rendered":"V derby p\u016fjde o body, pak ostrav\u0161t\u00ed volejbalist\u00e9 vydra\u017e\u00ed dresy"},"content":{"rendered":"\n<p>Derby volejbalist\u016f VK Ostrava \u2013 Black Volley Beskydy nab\u00eddne v sobotu od 17 hodin div\u00e1k\u016fm v hale Sarezy v Hru\u0161ovsk\u00e9 ulici historicky prvn\u00ed vz\u00e1jemnou bitvu o body v extralize, p\u0159ipomene sametovou revoluci a nav\u00edc pom\u016f\u017ee dobr\u00e9 v\u011bci.  <\/p>\n\n\n\n<p>Ostrava \u2013 &#8222;V na\u0161\u00ed historii pat\u0159\u00ed 17. listopad k nejd\u016fle\u017eit\u011bj\u0161\u00edm ud\u00e1lostem. P\u0159ipom\u00ednat, k \u010demu p\u0159ed t\u0159iceti lety do\u0161lo a pro\u010d, je na\u0161e povinnost.  Dnes mo\u017en\u00e1 aktu\u00e1ln\u011bj\u0161\u00ed ne\u017e jindy a toto v\u00fdro\u010d\u00ed jsme spojili s charitativn\u00ed akc\u00ed,&#8220; vysv\u011btlil ostravsk\u00fd tren\u00e9r Jan V\u00e1clav\u00edk d\u016fvod slavnostn\u00edho n\u00e1dechu derby.<\/p>\n\n\n\n<p>Dom\u00e1c\u00ed t\u00fdm v n\u011bm nastoup\u00ed v origin\u00e1ln\u00edch dresech vyroben\u00fdch speci\u00e1ln\u011b pro toto utk\u00e1n\u00ed. Akci podpo\u0159ila tak\u00e9 firma Gala a hr\u00e1t se bude s m\u00ed\u010di se speci\u00e1ln\u00edm potiskem.<\/p>\n\n\n\n<p>Po z\u00e1pase se spolu s dresy stanou sou\u010d\u00e1st\u00ed dra\u017eby, jej\u00ed\u017e v\u00fdt\u011b\u017eek pom\u016f\u017ee dv\u011bma d\u011btem posti\u017een\u00fdm Downov\u00fdm syndromem.<\/p>\n\n\n\n<p>Jeden\u00e1ctilet\u00e1 Nela \u017eije s bratrem v d\u011btsk\u00e9m domov\u011b a pen\u00edze budou pou\u017eity na mo\u017enost tr\u00e1vit v\u00edkendy a pro\u017e\u00edt i dal\u0161\u00ed aktivity s d\u011btmi ze stacion\u00e1\u0159e \u010cmel\u00e1\u010dek. Patn\u00e1ctilet\u00fd Marek zase pot\u0159ebuje pro sv\u016fj rozvoj vzd\u011bl\u00e1vac\u00ed tablet, kter\u00fd mu maminka samo\u017eivitelka nem\u016f\u017ee dop\u0159\u00e1t.<\/p>\n\n\n\n<p>&#8222;R\u00e1di bychom Nelince a Markovi alespo\u0148 tro\u0161ku zp\u0159\u00edjemnili \u017eivot, ale bez v\u00e1s to nep\u016fjde. Proto zvu v\u0161echny fanou\u0161ky, aby n\u00e1m p\u0159i\u0161li pomoci ud\u011blat dobrou v\u011bc,&#8220; p\u0159\u00e1l by si tren\u00e9r V\u00e1clav\u00edk rekordn\u00ed n\u00e1v\u0161t\u011bvu v hale. Div\u00e1ci mohou toti\u017e p\u0159isp\u011bt na charitu i zakoupen\u00edm los\u016f do tomboly, kter\u00e1 ud\u011bl\u00e1 z\u00e1v\u011bre\u010dnou te\u010dku za derby, a cenou v n\u00ed bude i jeden z origin\u00e1ln\u00edch m\u00ed\u010d\u016f Gala. <br> <br>MARIE RODOVSK\u00c1<\/p>\n\n\n\n<p>Brunt\u00e1lsk\u00fd a Krnovsk\u00fd den\u00edk<\/p>\n\n\n\n<p><a rel=\"noreferrer noopener\" aria-label=\" (otev\u0159e se na nov\u00e9 z\u00e1lo\u017ece)\" href=\"https:\/\/bruntalsky.denik.cz\/\" target=\"_blank\">https:\/\/bruntalsky.denik.cz\/<\/a><\/p>\n","protected":false},"excerpt":{"rendered":"<div class=\"mh-excerpt\"><p>Derby volejbalist\u016f VK Ostrava \u2013 Black Volley Beskydy nab\u00eddne v sobotu od 17 hodin div\u00e1k\u016fm v hale Sarezy v Hru\u0161ovsk\u00e9 ulici historicky prvn\u00ed vz\u00e1jemnou bitvu <a class=\"mh-excerpt-more\" href=\"https:\/\/www.invarena.cz\/?p=32777\" title=\"V derby p\u016fjde o body, pak ostrav\u0161t\u00ed volejbalist\u00e9 vydra\u017e\u00ed dresy\">[&#8230;]<\/a><\/p>\n<\/div>","protected":false},"author":1,"featured_media":23666,"comment_status":"open","ping_status":"closed","sticky":false,"template":"","format":"standard","meta":{"footnotes":""},"categories":[9],"tags":[],"class_list":["post-32777","post","type-post","status-publish","format-standard","has-post-thumbnail","hentry","category-zpravy"],"_links":{"self":[{"href":"https:\/\/www.invarena.cz\/index.php?rest_route=\/wp\/v2\/posts\/32777","targetHints":{"allow":["GET"]}}],"collection":[{"href":"https:\/\/www.invarena.cz\/index.php?rest_route=\/wp\/v2\/posts"}],"about":[{"href":"https:\/\/www.invarena.cz\/index.php?rest_route=\/wp\/v2\/types\/post"}],"author":[{"embeddable":true,"href":"https:\/\/www.invarena.cz\/index.php?rest_route=\/wp\/v2\/users\/1"}],"replies":[{"embeddable":true,"href":"https:\/\/www.invarena.cz\/index.php?rest_route=%2Fwp%2Fv2%2Fcomments&post=32777"}],"version-history":[{"count":0,"href":"https:\/\/www.invarena.cz\/index.php?rest_route=\/wp\/v2\/posts\/32777\/revisions"}],"wp:featuredmedia":[{"embeddable":true,"href":"https:\/\/www.invarena.cz\/index.php?rest_route=\/wp\/v2\/media\/23666"}],"wp:attachment":[{"href":"https:\/\/www.invarena.cz\/index.php?rest_route=%2Fwp%2Fv2%2Fmedia&parent=32777"}],"wp:term":[{"taxonomy":"category","embeddable":true,"href":"https:\/\/www.invarena.cz\/index.php?rest_route=%2Fwp%2Fv2%2Fcategories&post=32777"},{"taxonomy":"post_tag","embeddable":true,"href":"https:\/\/www.invarena.cz\/index.php?rest_route=%2Fwp%2Fv2%2Ftags&post=32777"}],"curies":[{"name":"wp","href":"https:\/\/api.w.org\/{rel}","templated":true}]}}