{"id":32780,"date":"2019-11-15T12:04:15","date_gmt":"2019-11-15T11:04:15","guid":{"rendered":"http:\/\/www.invarena.cz\/?p=32780"},"modified":"2019-11-15T12:04:16","modified_gmt":"2019-11-15T11:04:16","slug":"vytezek-koncertu-venuji-postizene-divce","status":"publish","type":"post","link":"https:\/\/www.invarena.cz\/?p=32780","title":{"rendered":"V\u00fdt\u011b\u017eek koncertu v\u011bnuj\u00ed posti\u017een\u00e9 d\u00edvce"},"content":{"rendered":"\n<p>Kapela Pitt BAND z Nemy\u0161le se chyst\u00e1 na svou v po\u0159ad\u00ed jeden\u00e1ctou benefici. Jedn\u00e1 se o tradi\u010dn\u00ed podzimn\u00ed tane\u010dn\u00ed z\u00e1bavu v kulturn\u00edm dom\u011b v Sudom\u011b\u0159ic\u00edch u T\u00e1bora. <br> <br>S akc\u00ed, kter\u00e1 m\u00e1 ka\u017edoro\u010dn\u011b dobro\u010dinn\u00fd podtext, pom\u00e1h\u00e1 jak obec Sudom\u011b\u0159ice u T\u00e1bora, kter\u00e1 poskytuje s\u00e1l bez\u00faplatn\u011b, tak ruku k d\u00edlu bez n\u00e1roku na odm\u011bnu p\u0159ikl\u00e1daj\u00ed dobrovoln\u00ed hasi\u010di i obec Nemy\u0161l.<\/p>\n\n\n\n<p>Jak nazna\u010dil kapeln\u00edk Karel Nov\u00e1\u010dek v\u00fdt\u011b\u017eek z cel\u00e9 akce, vstupn\u00e9 (100 korun na osobu) a finan\u010dn\u00ed dary sponzor\u016f p\u0159edaj\u00ed po\u0159adatel\u00e9 p\u0159\u00edmo na m\u00edst\u011b do rukou maminky mal\u00e9 Beatky z T\u00e1bora. &#8222;Beatka je t\u00e9m\u011b\u0159 t\u0159\u00edlet\u00e1 hol\u010di\u010dka s v\u00e1\u017en\u00fdm zdravotn\u00edm posti\u017een\u00edm a na jej\u00ed l\u00e9\u010dbu bohu\u017eel nep\u0159isp\u00edv\u00e1 zdravotn\u00ed poji\u0161\u0165ovna, proto jsme se letos na\u0161\u00edm benefi\u010dn\u00edm koncertem rozhodli pomoci pr\u00e1v\u011b j\u00ed,&#8220; od\u016fvodnil Karel Nov\u00e1\u010dek za kapelu.<\/p>\n\n\n\n<p>Maminka Veronika Vackov\u00e1 prozradila, co malou sle\u010dnu tr\u00e1p\u00ed, aby si mohli lid\u00e9 ud\u011blat konkr\u00e9tn\u00ed p\u0159edstavu o jej\u00edm p\u0159\u00edb\u011bhu. &#8222;Beatka se narodila akutn\u00edm c\u00edsa\u0159sk\u00fdm \u0159ezem dva m\u011bs\u00edce p\u0159ed term\u00ednem porodu a v\u00e1\u017eila pouh\u00fdch dvan\u00e1cset gram\u016f,&#8220; up\u0159esnila. L\u00e9ka\u0159i rodi\u010d\u016fm ozn\u00e1mili, \u017ee m\u00e1 rozs\u00e1hl\u00e9 krv\u00e1cen\u00ed nejvy\u0161\u0161\u00edho stupn\u011b do lev\u00e9 mozkov\u00e9 hemisf\u00e9ry ji\u017e z prenat\u00e1ln\u00edho v\u00fdvoje.<\/p>\n\n\n\n<p>\u0160PATN\u00c9 VYHL\u00cdDKY<\/p>\n\n\n\n<p>V n\u00e1sleduj\u00edc\u00edch dnech se p\u0159idaly komplikace v podob\u011b hromad\u011bn\u00ed mozkom\u00ed\u0161n\u00edho moku. &#8222;Beatka tak musela podstoupit opakovan\u00e9 lumb\u00e1ln\u00ed punkce, krv\u00e1cen\u00ed v\u0161ak po\u0161kodilo pom\u011brn\u011b velkou \u010d\u00e1st lev\u00e9 hemisf\u00e9ry a progn\u00f3zy zn\u011bly hroziv\u011b: st\u0159edn\u011b t\u011b\u017ek\u00e9 a\u017e t\u011b\u017ek\u00e9 kombinovan\u00e9 posti\u017een\u00ed. Nev\u011bd\u011bli jsme, zda bude vid\u011bt, sly\u0161et, mluvit, chodit. Zda se na n\u00e1s na\u0161e d\u00edt\u011b n\u011bkdy usm\u011bje,&#8220; uvedla hroz\u00edc\u00ed p\u0159edpoklady.<\/p>\n\n\n\n<p>Rodi\u010de se sna\u017eili informovat a hledali i dal\u0161\u00ed mo\u017enosti pomoci. &#8222;Za\u010dali jsme cvi\u010den\u00edm Vojtovy metody ji\u017e v inkub\u00e1toru a pokra\u010dujeme v n\u011bm dodnes v kombinaci s dal\u0161\u00edmi ov\u011b\u0159en\u00fdmi i alternativn\u00edmi metodami,&#8220; vysv\u011btlila Veronika Vackov\u00e1.<\/p>\n\n\n\n<p>\u010c\u00c1STE\u010cN\u00c9 OCHRNUT\u00cd<\/p>\n\n\n\n<p>Diagn\u00f3zou je d\u011btsk\u00e1 mozkov\u00e1 obrna s \u010d\u00e1ste\u010dn\u00fdm ochrnut\u00edm prav\u00e9 strany t\u011bla. &#8222;Na\u0161e hol\u010di\u010dka chod\u00ed, i kdy\u017e kulh\u00e1, jeliko\u017e m\u00e1 vlivem spazmu pravou no\u017ei\u010dku krat\u0161\u00ed. Pravou ruku v omezen\u00e9 m\u00ed\u0159e pou\u017e\u00edv\u00e1 jako pomocnou. Z ment\u00e1ln\u00edho hlediska se zd\u00e1 b\u00fdt relativn\u011b v po\u0159\u00e1dku,&#8220; popsala projevy onemocn\u011bn\u00ed.<\/p>\n\n\n\n<p>S\u00cdLY UB\u00ddVAJ\u00cd<\/p>\n\n\n\n<p>Pravideln\u011b spole\u010dn\u011b nav\u0161t\u011bvuj\u00ed t\u00e1borsk\u00e9 centrum Ka\u0148ka, d\u00e1le Vojtovo centrum a Arpidu v \u010cesk\u00fdch Bud\u011bjovic\u00edch a maminka i Beatka absolvovaly ji\u017e dva l\u00e1ze\u0148sk\u00e9 pobyty. &#8222;Jak Beatka roste, je cvi\u010den\u00ed s n\u00ed st\u00e1le obt\u00ed\u017en\u011bj\u0161\u00ed. Br\u00e1n\u00ed se, a\u017e vzdoruje a j\u00e1 u\u017e nem\u00e1m dostatek sil s n\u00ed dostate\u010dn\u011b rehabilitovat doma. Sna\u017e\u00edme se proto naj\u00edt dal\u0161\u00ed cesty pomoci na\u0161\u00ed dce\u0159i a odd\u00e1lit tak aplikace injekc\u00ed a nutnosti svalov\u00fdch a \u0161lachov\u00fdch operac\u00ed, kter\u00e9 jsou n\u00e1ro\u010dn\u00fdmi a bolestiv\u00fdmi z\u00e1kroky. Jednou z mo\u017enost\u00ed, kter\u00e1 se nab\u00edz\u00ed, je rehabilitace v tzv. &#8222;kosmooble\u010dku&#8220; neboli Therasuitu na n\u011bkter\u00e9 z neurorehabilita\u010dn\u00edch klinik,&#8220; zm\u00ednila dal\u0161\u00ed mo\u017enost l\u00e9\u010dby.<\/p>\n\n\n\n<p>Takov\u00e1 terapie v\u0161ak na m\u011bs\u00edc stoj\u00ed kolem 70 tis\u00edc korun, nav\u00edc zdravotn\u00ed poji\u0161\u0165ovna tuto l\u00e9\u010dbu nehrad\u00ed a ani na ni nep\u0159isp\u00edv\u00e1. &#8222;Budeme r\u00e1di za jakoukoli finan\u010dn\u00ed pomoc s \u00fahradou t\u00e9to terapie, p\u0159\u00edpadn\u011b n\u00e1klad\u016f na j\u00edzdn\u00e9 \u010di ubytov\u00e1n\u00ed,&#8220; dodala vd\u011b\u010dn\u011b maminka Veronika.<\/p>\n\n\n\n<p>Akce Pitt BAND hraje pro Beatku za\u010d\u00edn\u00e1 v sobotu 16. listopadu ve 20 hodin na s\u00e1le kulturn\u00edho domu v Sudom\u011b\u0159ic\u00edch u T\u00e1bora. Hudbu k poslechu a tanci obstar\u00e1 kapela Pitt BAND, \u00fa\u010dast ji\u017e tradi\u010dn\u011b p\u0159isl\u00edbily tak\u00e9 ma\u017eoretky Sezimovo \u00dast\u00ed.<\/p>\n\n\n\n<p>V minulosti sv\u00fdm vystoupen\u00edm kapela podpo\u0159ila nap\u0159\u00edklad Ligu proti rakovin\u011b, t\u00e1borsk\u00fd hospic Jord\u00e1n, sdru\u017een\u00ed Fokus T\u00e1bor \u010di sob\u011bslavskou Rolni\u010dku. &#8222;Nejedn\u00e1 se o p\u0159evratnou \u010d\u00e1stku, ale p\u0159\u00edjemci jsou v\u017edy vd\u011b\u010dn\u00ed a tak\u00e9 informuj\u00ed, na co pen\u00edze pou\u017eily. Jde o spole\u010denskou ud\u00e1lost a pravideln\u00fd happening, na kter\u00fd se u\u017e lid\u00e9 t\u011b\u0161\u00ed,&#8220; uzav\u0159el kapeln\u00edk Karel Nov\u00e1\u010dek.<\/p>\n\n\n\n<p>Lenka Posp\u00ed\u0161ilov\u00e1<\/p>\n\n\n\n<p>T\u00e1borsk\u00fd den\u00edk<\/p>\n\n\n\n<p><a rel=\"noreferrer noopener\" aria-label=\" (otev\u0159e se na nov\u00e9 z\u00e1lo\u017ece)\" href=\"https:\/\/taborsky.denik.cz\/\" target=\"_blank\">https:\/\/taborsky.denik.cz\/<\/a><br><\/p>\n","protected":false},"excerpt":{"rendered":"<div class=\"mh-excerpt\"><p>Kapela Pitt BAND z Nemy\u0161le se chyst\u00e1 na svou v po\u0159ad\u00ed jeden\u00e1ctou benefici. Jedn\u00e1 se o tradi\u010dn\u00ed podzimn\u00ed tane\u010dn\u00ed z\u00e1bavu v kulturn\u00edm dom\u011b v Sudom\u011b\u0159ic\u00edch <a class=\"mh-excerpt-more\" href=\"https:\/\/www.invarena.cz\/?p=32780\" title=\"V\u00fdt\u011b\u017eek koncertu v\u011bnuj\u00ed posti\u017een\u00e9 d\u00edvce\">[&#8230;]<\/a><\/p>\n<\/div>","protected":false},"author":1,"featured_media":14143,"comment_status":"open","ping_status":"closed","sticky":false,"template":"","format":"standard","meta":{"footnotes":""},"categories":[9],"tags":[],"class_list":["post-32780","post","type-post","status-publish","format-standard","has-post-thumbnail","hentry","category-zpravy"],"_links":{"self":[{"href":"https:\/\/www.invarena.cz\/index.php?rest_route=\/wp\/v2\/posts\/32780","targetHints":{"allow":["GET"]}}],"collection":[{"href":"https:\/\/www.invarena.cz\/index.php?rest_route=\/wp\/v2\/posts"}],"about":[{"href":"https:\/\/www.invarena.cz\/index.php?rest_route=\/wp\/v2\/types\/post"}],"author":[{"embeddable":true,"href":"https:\/\/www.invarena.cz\/index.php?rest_route=\/wp\/v2\/users\/1"}],"replies":[{"embeddable":true,"href":"https:\/\/www.invarena.cz\/index.php?rest_route=%2Fwp%2Fv2%2Fcomments&post=32780"}],"version-history":[{"count":0,"href":"https:\/\/www.invarena.cz\/index.php?rest_route=\/wp\/v2\/posts\/32780\/revisions"}],"wp:featuredmedia":[{"embeddable":true,"href":"https:\/\/www.invarena.cz\/index.php?rest_route=\/wp\/v2\/media\/14143"}],"wp:attachment":[{"href":"https:\/\/www.invarena.cz\/index.php?rest_route=%2Fwp%2Fv2%2Fmedia&parent=32780"}],"wp:term":[{"taxonomy":"category","embeddable":true,"href":"https:\/\/www.invarena.cz\/index.php?rest_route=%2Fwp%2Fv2%2Fcategories&post=32780"},{"taxonomy":"post_tag","embeddable":true,"href":"https:\/\/www.invarena.cz\/index.php?rest_route=%2Fwp%2Fv2%2Ftags&post=32780"}],"curies":[{"name":"wp","href":"https:\/\/api.w.org\/{rel}","templated":true}]}}