{"id":32798,"date":"2019-11-18T20:13:51","date_gmt":"2019-11-18T19:13:51","guid":{"rendered":"http:\/\/www.invarena.cz\/?p=32798"},"modified":"2019-11-19T12:01:33","modified_gmt":"2019-11-19T11:01:33","slug":"prekazky-nevidomym-kladou-i-stavebni-urady","status":"publish","type":"post","link":"https:\/\/www.invarena.cz\/?p=32798","title":{"rendered":"P\u0159ek\u00e1\u017eky nevidom\u00fdm kladou i stavebn\u00ed \u00fa\u0159ady"},"content":{"rendered":"\n<p><br><strong>Viktor Dudr ze Sjednocen\u00e9 organizace nevidom\u00fdch a slabozrak\u00fdch hovo\u0159\u00ed o stavebn\u00edch \u00faprav\u00e1ch, kter\u00e9 by m\u011bly \u0161patn\u011b vid\u00edc\u00edm lidem uleh\u010dovat \u017eivot. Dnes u\u017e jsou takov\u00e9 \u00fapravy podle stavebn\u00edho z\u00e1kona u nov\u00fdch staveb a rekonstrukc\u00ed povinnost\u00ed. Jen\u017ee st\u00e1le se objevuj\u00ed chyby, kter\u00e9 mohou b\u00fdt velmi nebezpe\u010dn\u00e9. Report\u00e1\u017e po\u0159adu \u010cT1 \u010cern\u00e9 ovce.  <\/strong><\/p>\n\n\n\n<p>moder\u00e1torka  <br>R\u016fzn\u00e9 \u00fapravy, kter\u00e9 maj\u00ed nevidom\u00fdm pomoci, jsou \u010dasto chybn\u00e9. A tak jsme je v n\u011bkolika m\u011bstech vyzkou\u0161eli.  <\/p>\n\n\n\n<p>Viktor DUDR,   <br>Jak to, \u017ee to ti projektanti je\u0161t\u011b neum\u00ed? Jak to, \u017ee jim to p\u0159\u00edslu\u0161n\u00e9 speci\u00e1ln\u00ed stavebn\u00ed \u00fa\u0159ady schvaluj\u00ed? N\u00e1s to omezuje. My chceme b\u00fdt co nejv\u00edce samostatn\u00ed, co nejv\u00edce nez\u00e1visl\u00ed na n\u011bjak\u00e9 asistenci, pro\u010d to dosud nefunguje?  <\/p>\n\n\n\n<p>redaktorka  <br>Viktor Dudr ze Sjednocen\u00e9 organizace nevidom\u00fdch a slabozrak\u00fdch hovo\u0159\u00ed o stavebn\u00edch \u00faprav\u00e1ch, kter\u00e9 by m\u011bly \u0161patn\u011b vid\u00edc\u00edm lidem uleh\u010dovat \u017eivot. Dnes u\u017e jsou takov\u00e9 \u00fapravy podle stavebn\u00edho z\u00e1kona u nov\u00fdch staveb a rekonstrukc\u00ed povinnost\u00ed. Jen\u017ee st\u00e1le se objevuj\u00ed chyby, kter\u00e9 mohou b\u00fdt velmi nebezpe\u010dn\u00e9. A pr\u00e1v\u011b na ty n\u00e1s upozornili nevidom\u00ed v Jind\u0159ichov\u011b Hradci, v Pardubic\u00edch, na pra\u017esk\u00e9m Proseku a v Plzni. O Jind\u0159ichov\u011b Hradci jsme vys\u00edlali u\u017e v roce 2009, kdy n\u00e1s m\u00edstn\u00ed nevidom\u00ed upozornili na \u0161patn\u011b p\u0159edl\u00e1\u017ed\u011bn\u00e9 n\u00e1m\u011bst\u00ed.  <\/p>\n\n\n\n<p>Viktor DUDR,   <br>Zaprv\u00e9 ty sign\u00e1ln\u00ed p\u00e1sy jsou v n\u011bkter\u00fdch m\u00edstech \u0161patn\u011b sm\u011brov\u00e1ny, tak\u017ee vedou nevidom\u00e9ho ne na p\u0159echod, ale \u0161ikmo, bych \u0159ekl kr\u00e1tce, pod auto, a je zvolen nevhodn\u00fd materi\u00e1l, kter\u00fd nen\u00ed dostate\u010dn\u011b hmatn\u00fd a nav\u00edc je na tom sam\u00e9m n\u00e1m\u011bst\u00ed pou\u017eit je\u0161t\u011b na jin\u00fdch m\u00edstech, tak\u017ee m\u016f\u017ee doj\u00edt snadno k omylu.  <\/p>\n\n\n\n<p>redaktorka  <br>Jak m\u00e1 p\u0159echod vypadat, aby ho nevidom\u00fd na\u0161el a bezpe\u010dn\u011b pou\u017eil, upravuje vyhl\u00e1\u0161ka, kter\u00e1 plat\u00ed u\u017e od roku 2001. P\u0159echody mus\u00ed b\u00fdt z\u0159eteln\u00e9, mus\u00ed se odli\u0161ovat od okol\u00ed a mus\u00ed b\u00fdt zhotoveny z odli\u0161n\u00e9ho materi\u00e1lu. A pr\u00e1v\u011b to byl v Jind\u0159ichov\u011b Hradci k\u00e1men \u00farazu. M\u011bsto se tehdy rozhodlo opravit pouze sm\u011br p\u0159echod\u016f, pou\u017eit\u00fd materi\u00e1l z\u016fstal. Jsou tady takov\u00e9 kostky, kter\u00e9 jsou povrchem stejn\u011b hladk\u00e9 jako ty vedlej\u0161\u00ed, ty mal\u00e9, to je to \u0161patn\u011b?  <\/p>\n\n\n\n<p>nevidom\u00fd  <br>Ano, to je pr\u00e1v\u011b to \u0161patn\u011b, proto\u017ee spr\u00e1vn\u00fd materi\u00e1l mus\u00ed b\u00fdti takov\u00fd, aby ho nevidom\u00fd bezpe\u010dn\u011b na\u0161el.  <\/p>\n\n\n\n<p> redaktorka  <br>P\u0159esto\u017ee na tento z\u00e1va\u017en\u00fd probl\u00e9m z\u00e1stupci nevidom\u00fdch poukazovali u\u017e v roce 2006, m\u011bstu se do opravy necht\u011blo. A spor dokonce skon\u010dil u soudu. Kdy\u017e jsme se letos do Jind\u0159ichova Hradce p\u0159ijeli pod\u00edvat, bylo n\u00e1m\u011bst\u00ed kone\u010dn\u011b p\u0159ed\u011blan\u00e9.  <\/p>\n\n\n\n<p>Bohumil KOM\u00cdNEK, radn\u00ed pro dopravu a rozvoj m\u011bsta, Jind\u0159ich\u016fv Hradec \/\u010cSSD\/  <br>Samoz\u0159ejm\u011b ty finan\u010dn\u00ed prost\u0159edky na to byly n\u011bjak\u00e9 vynalo\u017een\u00e9, bylo to i z n\u011bjak\u00fdch \u010d\u00e1ste\u010dn\u011b dotac\u00ed, tak\u017ee jsme \u0159\u00edkali, ale takhle to bylo schv\u00e1leno, tak teda po\u010dkejme, a\u017e rozhodne n\u011bkdo jin\u00fd, ne jenom n\u011bjakou dohodou, \u017ee to je \u0161patn\u011b.  <\/p>\n\n\n\n<p>, redaktorka  <br>A potom rozhodl krajsk\u00fd \u00fa\u0159ad i Ministerstvo dopravy.  <\/p>\n\n\n\n<p>Bohumil KOM\u00cdNEK, <br>Samoz\u0159ejm\u011b t\u00edm spr\u00e1vn\u00edm \u0159\u00edzen\u00edm z jednotliv\u00fdch stupn\u00ed, a\u017e nakonec teda jsme se dohodli, \u017ee a\u0165 rozhodne rad\u0161i soud, tak\u017ee jsme to vlastn\u011b nechali na soudu a ten soud rozhodl a\u017e v roce 2016. Tak\u017ee10 let po rekonstrukci tohoto n\u00e1m\u011bst\u00ed.  <\/p>\n\n\n\n<p> redaktorka  <br>A uznali jste tedy, \u017ee m\u011bli z\u0159ejm\u011b ti nevidom\u00ed pravdu, kdy\u017e rozhodl i soud podle toho?  <\/p>\n\n\n\n<p>Bohumil KOM\u00cdNEK, <br>To samoz\u0159ejm\u011b soud rozhodl, tak my jsme respektovali rozhodnut\u00ed soudu.  <\/p>\n\n\n\n<p>, redaktorka  <br>M\u011bsto Jind\u0159ich\u016fv Hradec za 2 280 000 opravilo vodic\u00ed linie a p\u0159echody. A my se pod\u00edv\u00e1me, jestli se skute\u010dn\u011b mohou nevidom\u00ed pohybovat po m\u011bst\u011b bezpe\u010dn\u011b.  <\/p>\n\n\n\n<p>Ale\u0161 KLABOUCH, nevidom\u00fd  <br>Tady mi vad\u00ed jedna z\u00e1sadn\u00ed v\u011bc. Te\u010f stoj\u00edm na sign\u00e1ln\u00edm p\u00e1su. Od toho sign\u00e1ln\u00edho p\u00e1su se d\u00e1m doprava.  Tady se chyt\u00edm p\u0159irozen\u00e9 vodic\u00ed linie, co\u017e je toto, ale m\u00e1m tady ty kontejnery,  tady se m\u016f\u017eu, takzvan\u011b \u0159e\u010deno, bouchat a motat. Jedin\u00fd kloudn\u00fd \u0159e\u0161en\u00ed by tady bylo prost\u011b ud\u011blat od jednoho toho p\u0159echodu ke druh\u00fdmu um\u011blou vodic\u00ed linii, kdy ten \u010dlov\u011bk do t\u00e9 dr\u00e1\u017eky  d\u00e1 tu h\u016fl a ta dr\u00e1\u017eka vlastn\u011b vede po p\u0159\u00edm\u00fdm sm\u011bru.  <\/p>\n\n\n\n<p>Viktor DUDR,   <br>Jak je vid\u011bt, v Jind\u0159ichov\u011b Hradci bu\u010f necht\u011bj\u00ed, nebo se to je\u0161t\u011b nenau\u010dili. Pro\u010d tam ten kontejner je? V\u017edy\u0165 to je p\u0159ek\u00e1\u017eka na vodic\u00ed linii. Tak\u017ee, kdy\u017e se ten kontejner tam dal, tak na to n\u011bkdo m\u011bl pamatovat a m\u011bl naj\u00edt pro n\u011bj vhodn\u011bj\u0161\u00ed um\u00edst\u011bn\u00ed.  <\/p>\n\n\n\n<p>Bohumil KOM\u00cdNEK, radn\u00ed pro dopravu a rozvoj m\u011bsta, Jind\u0159ich\u016fv Hradec \/\u010cSSD\/  <br>Tak samoz\u0159ejm\u011b to ch\u00e1pu, \u017ee by se mohl pra\u0161tit, ty kontejnery jsou prakticky v n\u011bjak\u00e9m takov\u00e9m v\u00fdklenku, tak\u017ee nejsou \u00fapln\u011b p\u0159esunut\u00e9, d\u00e1 se \u0159\u00edci, ty, co tady chod\u00ed pravideln\u011b, tak ur\u010dit\u011b o nich v\u00ed a daj\u00ed si na to pozor, ch\u00e1pu, \u017ee pokud je tu n\u011bkdo poprv\u00e9 a dostal by se do t\u011bchto m\u00edst, tak je to pro n\u011bj mo\u017en\u00e1 problematick\u00e9, ale zase mus\u00edm \u0159\u00edci, \u017ee nen\u00ed to takov\u00fd \u00fapln\u011b z\u00e1sadn\u00ed probl\u00e9m, kter\u00fd my tady vn\u00edm\u00e1me ve m\u011bst\u011b, a jedin\u011b, co m\u016f\u017eeme teda v tuhle chv\u00edli \u0159\u00edci, \u017ee m\u016f\u017eeme se pod\u00edvat na to, jestli bychom tady neud\u011blali n\u011bjak\u00fd zar\u00e1\u017eky pro ty nevidom\u00fd, kter\u00fd by dok\u00e1zaly tady j\u00edt okolo toho a nahmatat, jak jsem \u0159\u00edkal, d\u0159\u00edve, ne\u017e se dostanou ke kontejneru jako takov\u00e9mu.  <\/p>\n\n\n\n<p>redaktorka  <br>Podobn\u00fd probl\u00e9m jsme na\u0161li tak\u00e9 na pra\u017esk\u00e9m Proseku.  <\/p>\n\n\n\n<p>Viktor DUDR,  <br>Kr\u00e1sn\u011b vydl\u00e1\u017ed\u011bn\u00e9 n\u00e1m\u011bst\u00ed\u010dko, p\u011bkn\u00e1, p\u0159irozen\u00e1 vodic\u00ed linie, podle kter\u00e9 mohu n\u00e1m\u011bst\u00ed obch\u00e1zet a hledat p\u0159\u00edslu\u0161n\u00fd obchod, kde pot\u0159ebuju t\u0159eba i nakoupit, tak\u017ee kr\u00e1\u010d\u00edm.  .  <\/p>\n\n\n\n<p>Viktor DUDR,<br>buch.  <\/p>\n\n\n\n<p>redaktorka  <br>Lavi\u010dka.  <\/p>\n\n\n\n<p>,Viktor DUDR, <br>Lavi\u010dka. To by je\u0161t\u011b ani tak nevadilo, mus\u00edm j\u00edt tak, aby m\u011b h\u016flka v\u010das upozornila na p\u0159ek\u00e1\u017eku, ale co kdy\u017e tu n\u011bkdo sed\u00ed? Star\u0161\u00ed p\u00e1n, kter\u00fd si nev\u0161imne, a j\u00e1 ho \u0165uknu do holen\u011b. On si mysl\u00ed, \u017ee ho chci uhodit. Nebo dokonce maminka s ko\u010d\u00e1rkem, s miminkem. Ta se lekne. Velice nep\u0159\u00edjemn\u00e1 situace pro m\u011b a doch\u00e1z\u00ed k n\u00ed tady pom\u011brn\u011b \u010dasto.  <\/p>\n\n\n\n<p> redaktorka  <br>Ko\u0161.  <\/p>\n\n\n\n<p>Viktor DUDR,   <br>Taky odpadkov\u00fd ko\u0161, co proti n\u011bmu m\u016f\u017eeme m\u00edt, jenom to, \u017ee p\u0159ek\u00e1\u017e\u00ed u p\u0159irozen\u00e9 vodic\u00ed linie.  <\/p>\n\n\n\n<p> redaktorka  <br>Dal\u0161\u00ed lavi\u010dka.  <\/p>\n\n\n\n<p>DUDR,   <br>To je dal\u0161\u00ed, ano, tak\u017ee jedna za druhou, je v tom syst\u00e9m.  <\/p>\n\n\n\n<p>redaktorka  <br>Pozor!  <\/p>\n\n\n\n<p>DUDR,   <br>No a te\u010f vid\u00edte, k \u010demu m\u016f\u017ee doj\u00edt. Tady bych se opravdu mohl zranit. Tu p\u0159ek\u00e1\u017eku jsem nezachytil hol\u00ed.  <\/p>\n\n\n\n<p>redaktorka  <br>V\u00edte, co to je? Je to stojan na kola. Mohl by b\u00fdt jinde.  <\/p>\n\n\n\n<p>Viktor DUDR,   <br>Zase, nem\u016f\u017eeme proti n\u011bmu nic m\u00edt, ale nesm\u00ed p\u0159ek\u00e1\u017eet. A nav\u00edc tady teda je to opravdu ohro\u017euj\u00edc\u00ed.  <\/p>\n\n\n\n<p> redaktorka  <br>Podle nevidom\u00fdch je zde jasn\u011b poru\u0161ena vyhl\u00e1\u0161ka stavebn\u00edho z\u00e1kona.  <\/p>\n\n\n\n<p>Viktor DUDR,   <br>Ta \u0159\u00edk\u00e1, \u017ee vodic\u00ed linie, a\u0165 u\u017e je um\u011bl\u00e1, nebo p\u0159irozen\u00e1, mus\u00ed b\u00fdt voln\u00e1, voln\u011b pr\u016fchoz\u00ed a p\u0159ek\u00e1\u017eky mus\u00ed b\u00fdt alespo\u0148 1 a p\u016fl metru od n\u00ed vzd\u00e1leny.  <\/p>\n\n\n\n<p> redaktorka  <br>To tady spln\u011bno nen\u00ed.  Na poru\u0161en\u00ed z\u00e1kona pan Dudr upozor\u0148oval u\u017e p\u0159ed rokem p\u0159i instalaci lavi\u010dek, kdy\u017e se n\u00e1m\u011bst\u00ed dl\u00e1\u017edilo.  <\/p>\n\n\n\n<p>Viktor DUDR, <br>jsem ofici\u00e1ln\u00ed reakci nedostal, sna\u017eil jsem se tak\u00e9 osobn\u011b projednat to s vedouc\u00edm Odboru \u017eivotn\u00edho prost\u0159ed\u00ed m\u011bstsk\u00e9 \u010d\u00e1sti Praha 9. Nedohodl jsem se, jaksi jsme si nerozum\u011bli, ten pan vedouc\u00ed snad o existenci toho p\u0159\u00edslu\u0161n\u00e9ho stavebn\u00edho p\u0159edpisu nev\u011bd\u011bl, tak\u017ee se zat\u00edm nic nestalo.  <\/p>\n\n\n\n<p>, redaktorka  <br>A tak jsme se s dotazem, pro\u010d jsou lavi\u010dky nevhodn\u011b um\u00edst\u011bn\u00e9 a ohro\u017euj\u00ed nevidom\u00e9, obr\u00e1tili na m\u011bstskou \u010d\u00e1st Praha 9 my.  <\/p>\n\n\n\n<p>Marie KURKOV\u00c1, mluv\u010d\u00ed, Praha 9  <br>D\u011bkujeme za upozorn\u011bn\u00ed, situaci jsme prov\u011b\u0159ili a okam\u017eit\u011b jsme zjednali n\u00e1pravu, tak douf\u00e1me, \u017ee to bude ke spokojenosti nevidom\u00fdch.  <\/p>\n\n\n\n<p>Viktor DUDR,   <br>No, jsem mile p\u0159ekvapen. Pokud jsem se o to pokou\u0161el j\u00e1 ze strany na\u0161\u00ed odbo\u010dky z organizace nevidom\u00fdch, tak to po\u0159\u00e1d ne\u0161lo, ne\u0161lo, no a p\u0159i\u0161la \u010cesk\u00e1 televize, \u010cern\u00e9 ovce, d\u011bkuju. Mysl\u00edm, \u017ee tady je snaha d\u00e1t to do po\u0159\u00e1dku tak, aby i poslepu se tady dalo chodit a nikoho jsem p\u0159itom neobt\u011b\u017eoval a dob\u0159e trefil.  <\/p>\n\n\n\n<p> redaktorka  <br>V Pardubic\u00edch se sna\u017e\u00ed vych\u00e1zet nevidom\u00fdm vst\u0159\u00edc. Ned\u00e1vno tu byl rekonstruov\u00e1n cel\u00fd prostor p\u0159ed n\u00e1dra\u017e\u00edm. Jen\u017ee i tady se nevidom\u00fd m\u016f\u017ee dostat do nebezpe\u010d\u00ed. A te\u010f v\u00edte, \u017ee vch\u00e1z\u00edte na silnici?  <\/p>\n\n\n\n<p>Viktor DUDR,   <br>Tak to tedy nev\u00edm, \u017ee jsem na silnici.  <\/p>\n\n\n\n<p>Jaroslav MATU\u0160KA, Katedra technologie a \u0159\u00edzen\u00ed dopravy, Dopravn\u00ed fakulta Jana Pernera, Univerzita Pardubice  <br>Pro nevidom\u00e9 je tady vytvo\u0159ena vodic\u00ed linie dr\u00e1\u017ekovan\u00e1, ta je spr\u00e1vn\u011b, je lemovan\u00e1, ale v okam\u017eiku, kdy nevidom\u00fd vstupuje do vozovky, kter\u00e1 vede ke stanovi\u0161ti taxi a podobn\u011b, tak nedostane \u017e\u00e1dnou hmatnou informace o tom, jestli je je\u0161t\u011b na chodn\u00edku nebo v \u010d\u00e1sti pro chodce, anebo u\u017e ve vozovce.  <\/p>\n\n\n\n<p>DUDR,  <br>Tady \u017e\u00e1dn\u00e9 hmatov\u00e9 ani jin\u00e9 ozna\u010den\u00ed, \u017ee je tu silnice.Norma \u0159\u00edk\u00e1, \u017ee v takov\u00e9m p\u0159\u00edpad\u011b tam m\u00e1 b\u00fdt sign\u00e1ln\u00ed p\u00e1s nap\u0159\u00ed\u010d.  <\/p>\n\n\n\n<p> redaktorka  <br>V Pardubic\u00edch na na\u0161e p\u0159ipom\u00ednky zareagovalo m\u011bsto ihned.  <\/p>\n\n\n\n<p>Radim JEL\u00cdNEK, mluv\u010d\u00ed Magistr\u00e1tu m\u011bsta Pardubic  <br>Ten dne\u0161n\u00ed podn\u011bt, kter\u00fd jste n\u00e1m uk\u00e1zali, je samoz\u0159ejm\u011b k \u0159e\u0161en\u00ed, ur\u010dit\u011b se j\u00edm budeme zab\u00fdvat, p\u0159edn\u00e1dra\u017e\u00ed je pod dotac\u00ed Evropsk\u00e9 unie, respektive \u0161v\u00fdcarsk\u00e9ho donera, je tam podm\u00ednka udr\u017eitelnosti, to znamen\u00e1, pokud skloub\u00edme tyto podm\u00ednky, jist\u011b budeme \u0159e\u0161it.  <\/p>\n\n\n\n<p> redaktorka  <br>Zat\u00edmco v Pardubic\u00edch hned po osloven\u00ed za\u010dalo m\u011bsto p\u0159ipom\u00ednky \u0159e\u0161it, v Plzni n\u00e1s p\u0159\u00edstup k nevidom\u00fdm p\u0159ekvapil.  V Plzni prob\u011bhla velk\u00e1 rekonstrukce autobusov\u00e9ho n\u00e1dra\u017e\u00ed a chyba byla hned u vchodu.  <br><br>hl\u00e1\u0161en\u00ed pro nevidom\u00e9  <br>Lev\u00fd eskal\u00e1tor jede dol\u016f, prav\u00fd jede nahoru.  <br><br> redaktorka  <br>To je chyba.  <br><br>Viktor DUDR,   <br>No, je a samoz\u0159ejm\u011b. A pro u\u017eivatele hrub\u00e1, proto\u017ee nev\u00ed, \u017ee ty eskal\u00e1tory jedou p\u0159esn\u011b opa\u010dn\u011b.  <br><br> redaktorka  <br>Dal\u0161\u00ed past \u010dek\u00e1 na nevidom\u00e9 u toalet. P\u0159esto\u017ee n\u00e1\u0161 figurant do otev\u0159en\u00fdch dve\u0159\u00ed p\u0159ek\u00e1\u017eej\u00edc\u00edch ve vodic\u00ed linii narazil, netu\u0161il, \u017ee se jedn\u00e1 o z\u00e1chody. Pozn\u00e1te, \u017ee je to toaleta?  <br><br>Franti\u0161ek BRA\u0160NA, metodik, Sjednocen\u00e1 organizace nevidom\u00fdch a slabozrak\u00fdch  <br>Nen\u00ed to podle \u010deho poznat, akustika nefunguje, \u0161t\u00edtek tady\u017e\u00e1dnej nen\u00ed, tak pro m\u011b to toalety nejsou.  <br><br>Viktor DUDR, <br>Toalety. I nevidom\u00fd by je m\u011bl naj\u00edt. Chyb\u00ed akustick\u00fd orienta\u010dn\u00ed maj\u00e1k, kter\u00fd by n\u00e1m identifikoval, tady to je a kter\u00fd to je, no a potom dve\u0159e by m\u011bly b\u00fdt ozna\u010deny hmatn\u00fdm srozumiteln\u00fdm \u0161t\u00edtkem. U takzvan\u00e9ho bezbari\u00e9rov\u00e9ho z\u00e1chodu ten \u0161t\u00edtek je, ale z\u00e1chod nen\u00ed p\u0159\u00edstupn\u00fd. Je zam\u010den\u00fd. Dokonce n\u00e1m nefungoval ani eurokl\u00ed\u010d, no, tak kde se m\u00e1 ten nevidom\u00fd dozv\u011bd\u011bt, kde ten kl\u00ed\u010d z\u00edsk\u00e1?  <br><br> redaktorka  <br>Dal\u0161\u00ed probl\u00e9m nov\u00e9ho autobusov\u00e9ho termin\u00e1lu v Plzni je pou\u017eit\u00fd materi\u00e1l, tedy dla\u017eebn\u00ed kostky, kter\u00e9 by m\u011bl nevidom\u00fd bezpe\u010dn\u011b rozeznat. V\u00edte, kde jste nebo kam jste do\u0161el?  <br><br>Franti\u0161ek BRA\u0160NA, <br>P\u0159edpokl\u00e1d\u00e1m, \u017ee jsme u autobus\u016f, kdy\u017e jsou tady sly\u0161et, ale jako v t\u00fd plo\u0161e se orientovat te\u010f u\u017e asi bude trochu n\u00e1ro\u010dn\u011bj\u0161\u00ed.  <br><br> redaktorka  <br>Tady je n\u011bjak\u00fd sign\u00e1ln\u00ed p\u00e1s, vy jste ho nena\u0161el?  <br><br>Franti\u0161ek BRA\u0160NA, <br>Tak ur\u010dit\u011b nena\u0161el, proto\u017ee tady \u017e\u00e1dnej sign\u00e1ln\u00ed p\u00e1s nen\u00ed. To je oby\u010dejn\u00e1 dla\u017eba, kter\u00e1 je mo\u017en\u00e1 architektonicky hezk\u00e1, ale reli\u00e9fn\u011b na po\u0161lap hol\u00ed ani jin\u00fdm zp\u016fsobem nen\u00ed najiteln\u00e1.  <br><br>Viktor DUDR, <br>Ke ka\u017ed\u00e9mu ozna\u010dn\u00edku, to znamen\u00e1 tam, kde p\u0159istavov\u00e1ny autobusy, by m\u011b m\u011bl dov\u00e9st sign\u00e1ln\u00ed p\u00e1s, kter\u00fd nahmat\u00e1m hol\u00ed. A to se mi nikde tady nepovedlo.\u00a0 <br><br> redaktorka  <br>\u0160li jsme se tedy na radnici zeptat, pro\u010d je na nov\u011b zrekonstruovan\u00e9m n\u00e1dra\u017e\u00ed tolik nedostatk\u016f.  <br><br>Pavel GRISN\u00cdK, vedouc\u00ed odboru investic, Magistr\u00e1t m\u011bsta Plze\u0148  <br>P\u0159estupn\u00ed termin\u00e1l \u0160umavsk\u00e1 je ve zku\u0161ebn\u00edm provozu n\u011bkdy od 15. prosince lo\u0148sk\u00e9ho roku a do dne\u0161n\u00ed doby se ke mn\u011b nebo ke spr\u00e1vc\u016fm \u017e\u00e1dn\u00e1 takov\u00e1hle informace nedostala. My jsme to opravdu postavili podle projektu. A samoz\u0159ejm\u011b sna\u017e\u00edme se, aby to bylo p\u0159\u00edstupn\u00fd pro v\u0161echny, jak t\u011blesn\u011b, zrakov\u011b, v\u0161echny posti\u017een\u00fd, a jestli\u017ee ten projektant, a to \u0159\u00edk\u00e1m, s kulat\u00fdm raz\u00edtkem, kter\u00fd m\u00e1 v\u0161echny certifikace, v\u0161echny opr\u00e1vn\u011bn\u00ed, nakresl\u00ed, \u017ee to bude takhle, a ten materi\u00e1l \u0159ekne, aby byl takov\u00fd a takov\u00fd, a dodavatel n\u00e1m d\u00e1 prohl\u00e1\u0161en\u00ed, tak si trouf\u00e1m \u0159\u00edct, \u017ee v\u00edc pro to ud\u011blat nem\u016f\u017eu.  <br><br> redaktorka  <br>Na radnici jsme dostali dokumenty prokazuj\u00edc\u00ed, \u017ee je dla\u017eba certifikovan\u00e1 pro osoby se zrakov\u00fdm posti\u017een\u00edm. A tak jsme na m\u00edsto pozvali v\u00fdrobce, kter\u00fd je na prohl\u00e1\u0161en\u00ed o shod\u011b uveden. Jeho slova n\u00e1s p\u0159ekvapila. Tohle jsou va\u0161e v\u00fdrobky, va\u0161\u00ed spole\u010dnosti?  <br><br>Josef HABART, jednatel, \u010cesk\u00e1 \u017eula s.r.o.  <br>Toto konkr\u00e9tn\u011b na\u0161e v\u00fdrobky nejsou.  <br><br> redaktorka  <br>Tady jsou n\u011bjak\u00e9 certifik\u00e1ty, to jsou certifik\u00e1ty va\u0161\u00ed firmy?  <br><br>Josef HABART,   <br>Ano.  <br><br>redaktorka  <br>A jsou na tyhle v\u00fdrobky?  <br><br>Josef HABART,   <br>No, jsou na na\u0161e v\u00fdrobky. Jsou na v\u00fdrobky tohoto typu, ov\u0161em ne na konkr\u00e9tn\u011b tyto, ale na ty, kter\u00e9 jsme dod\u00e1vali a pokl\u00e1dali na hlavn\u00edm n\u00e1dra\u017e\u00ed v Plzni.  <br><br> redaktorka  <br>A tak jsme se znovu zeptali, pro\u010d jsme dostali certifik\u00e1ty, kter\u00e9 nemaj\u00ed se stavbou autobusov\u00e9ho n\u00e1dra\u017e\u00ed nic spole\u010dn\u00e9ho.  <br><br>Pavel GRISN\u00cdK, vedouc\u00ed odboru investic, Magistr\u00e1t m\u011bsta Plze\u0148  <br>V obdob\u00ed roku 2016 a\u017e 2018 zde prob\u00edhaly dv\u011b velk\u00e9 stavby v \u0159\u00e1dech stamilion\u016f. Jedna stavba, na n\u00ed\u017e stoj\u00edme, to je p\u0159estupn\u00ed termin\u00e1l \u0160umavsk\u00e1, druh\u00e1 stavba byl takzvan\u00fd p\u0159estupn\u00ed uzel, druh\u00e1 stavba, kterou jsme d\u011blali v r\u00e1mci S\u017dDC, a tam jsme d\u011blali p\u0159edn\u00e1dra\u017en\u00ed prostor. Je to tady vzdu\u0161nou \u010darou asi 100 m. A kdo se tro\u0161ku to\u010d\u00ed v investic\u00edch a tro\u0161ku se t\u00edm zab\u00fdv\u00e1, tak v\u00ed, \u017ee t\u011bch doklad\u016f jsou obrovsk\u00fd mno\u017estv\u00ed, jsou to tis\u00edce a tis\u00edce pap\u00edr\u016f, kter\u00fd my mus\u00edme probrat a n\u011bjak\u00fdm zp\u016fsobem p\u0159edlo\u017eit, a mus\u00edm teda uznat, \u017ee opravdu ten pap\u00edr nepat\u0159\u00ed sem na tu stavbu, ale pat\u0159\u00ed na tu vedlej\u0161\u00ed.  <br><br> redaktorka  <br>Jak\u00e9 dla\u017eebn\u00ed kostky jsou tedy pou\u017eity na autobusov\u00e9m n\u00e1dra\u017e\u00ed?  <br><br>Josef HABART,   <br>Tady se jedn\u00e1 o zv\u00fdraz\u0148ovac\u00ed dla\u017ebu pro nevidom\u00e9 a ta m\u00e1 m\u00edt jin\u00fd parametry, ne\u017e jsou tady proveden\u00fd.  Na prvn\u00ed pohled ani jeden z t\u011bchto v\u00fdrobk\u016f ty parametry nespl\u0148uje.  <br><br>Pavel GRISN\u00cdK,   <br>A\u017e budu m\u00edt jedn\u00e1n\u00ed s dodavatelem, tak samoz\u0159ejm\u011b v r\u00e1mci reklama\u010dn\u00edho \u0159\u00edzen\u00ed jsem schopen tyhlety v\u011bci v\u0161echny d\u00e1t dohromady v\u010detn\u011b certifik\u00e1t\u016f o dla\u017eb\u00e1ch, o v\u0161ech mo\u017en\u00fdch v\u011bcech, kter\u00fd slabozrak\u00fdm chyb\u00ed. A je\u0161t\u011b m\u016f\u017eu \u0159\u00edct jednu v\u011bc, \u017ee v p\u0159\u00edpad\u011b, \u017ee to ten dodavatel nedolo\u017e\u00ed, tak v r\u00e1mci reklama\u010dn\u00edho \u0159\u00edzen\u00ed budeme celou tu dla\u017ebu m\u011bnit tak, aby byla v po\u0159\u00e1dku.  <br><br> redaktorka  <br>Zat\u00edm ale dla\u017ebu nevidom\u00ed nejsou schopni nahmatat a podle n\u00ed se orientovat. A na z\u00e1v\u011br jedna rada pro projektanty, stavebn\u00edky, ale i stavebn\u00ed \u00fa\u0159ady. Kdy\u017e nev\u00edm, tak se zept\u00e1m.  <br><br>Renata ZDA\u0158ILOV\u00c1, \u010cesk\u00e1 komora autorizovan\u00fdch in\u017een\u00fdr\u016f a technik\u016f \u010dinn\u00fdch ve v\u00fdstavb\u011b  <br>V r\u00e1mci \u010cesk\u00e9 komory autorizovan\u00fdch in\u017een\u00fdr\u016f a technik\u016f \u010dinn\u00fdch ve v\u00fdstavb\u011b je zaji\u0161\u0165ov\u00e1na poradna pro autorizovan\u00e9 osoby, ale i pro stavebn\u00ed \u00fa\u0159ady z pohledu bezbari\u00e9rov\u00e9ho u\u017e\u00edv\u00e1n\u00ed. To poradenstv\u00ed prob\u00edh\u00e1 bu\u010fto osobn\u00ed konzultac\u00ed, ale m\u016f\u017ee prob\u00edhat tak\u00e9 a velmi \u010dasto je vyu\u017e\u00edv\u00e1na korespondence mailov\u00e1 \u010di telefonick\u00e1.  <br><br>redaktorka  <br>Ono toti\u017e p\u0159ed\u011bl\u00e1vat hotov\u00e9 stavby vyjde ur\u010dit\u011b dr\u00e1\u017e ne\u017e je rovnou ud\u011blat po\u0159\u00e1dn\u011b.  <br><br><\/p>\n","protected":false},"excerpt":{"rendered":"<div class=\"mh-excerpt\"><p>Viktor Dudr ze Sjednocen\u00e9 organizace nevidom\u00fdch a slabozrak\u00fdch hovo\u0159\u00ed o stavebn\u00edch \u00faprav\u00e1ch, kter\u00e9 by m\u011bly \u0161patn\u011b vid\u00edc\u00edm lidem uleh\u010dovat \u017eivot. Dnes u\u017e jsou takov\u00e9 \u00fapravy <a class=\"mh-excerpt-more\" href=\"https:\/\/www.invarena.cz\/?p=32798\" title=\"P\u0159ek\u00e1\u017eky nevidom\u00fdm kladou i stavebn\u00ed \u00fa\u0159ady\">[&#8230;]<\/a><\/p>\n<\/div>","protected":false},"author":1,"featured_media":21011,"comment_status":"open","ping_status":"closed","sticky":false,"template":"","format":"standard","meta":{"footnotes":""},"categories":[7],"tags":[],"class_list":["post-32798","post","type-post","status-publish","format-standard","has-post-thumbnail","hentry","category-spolecnost"],"_links":{"self":[{"href":"https:\/\/www.invarena.cz\/index.php?rest_route=\/wp\/v2\/posts\/32798","targetHints":{"allow":["GET"]}}],"collection":[{"href":"https:\/\/www.invarena.cz\/index.php?rest_route=\/wp\/v2\/posts"}],"about":[{"href":"https:\/\/www.invarena.cz\/index.php?rest_route=\/wp\/v2\/types\/post"}],"author":[{"embeddable":true,"href":"https:\/\/www.invarena.cz\/index.php?rest_route=\/wp\/v2\/users\/1"}],"replies":[{"embeddable":true,"href":"https:\/\/www.invarena.cz\/index.php?rest_route=%2Fwp%2Fv2%2Fcomments&post=32798"}],"version-history":[{"count":0,"href":"https:\/\/www.invarena.cz\/index.php?rest_route=\/wp\/v2\/posts\/32798\/revisions"}],"wp:featuredmedia":[{"embeddable":true,"href":"https:\/\/www.invarena.cz\/index.php?rest_route=\/wp\/v2\/media\/21011"}],"wp:attachment":[{"href":"https:\/\/www.invarena.cz\/index.php?rest_route=%2Fwp%2Fv2%2Fmedia&parent=32798"}],"wp:term":[{"taxonomy":"category","embeddable":true,"href":"https:\/\/www.invarena.cz\/index.php?rest_route=%2Fwp%2Fv2%2Fcategories&post=32798"},{"taxonomy":"post_tag","embeddable":true,"href":"https:\/\/www.invarena.cz\/index.php?rest_route=%2Fwp%2Fv2%2Ftags&post=32798"}],"curies":[{"name":"wp","href":"https:\/\/api.w.org\/{rel}","templated":true}]}}