{"id":3280,"date":"2013-03-29T10:16:00","date_gmt":"2013-03-29T09:16:00","guid":{"rendered":"http:\/\/www.invarena.cz\/?p=3280"},"modified":"2013-03-30T12:33:58","modified_gmt":"2013-03-30T11:33:58","slug":"sef-postizenych-uzemnil-kalouska-mily-mirku-uzivej-velikonoc-a-zklidni-se","status":"publish","type":"post","link":"https:\/\/www.invarena.cz\/?p=3280","title":{"rendered":"\u0160\u00e9f posti\u017een\u00fdch uzemnil Kalouska: Mil\u00fd Mirku, u\u017e\u00edvej Velikonoc a zklidni se"},"content":{"rendered":"<p><strong>P\u0159edsedy N\u00e1rodn\u00ed rady osob se zdravotn\u00edm posti\u017een\u00edm V\u00e1clava Kr\u00e1sy se dotkla slova ministra financ\u00ed Miroslava Kalouska (na sn\u00edmku). Ten se o Kr\u00e1sovi dvakr\u00e1t zm\u00ednil na tiskov\u00e9 konferenci k pl\u00e1novan\u00e9mu omezen\u00ed sKaret.<\/strong><br \/>\n<!--more--><br \/>\nNejprve Kalousek na tiskov\u00e9 konferenci \u0159ekl: &#8222;Pokud se zept\u00e1te skute\u010dn\u00fdch ter\u00e9nn\u00edch pracovn\u00edk\u016f v soci\u00e1ln\u00edch slu\u017eb\u00e1ch, nikoliv pana Kr\u00e1sy, tak v\u00e1m \u0159eknou, \u017ee sKarty jsou u\u017eite\u010dn\u00e1 v\u011bc. Ur\u010dit\u011b nem\u00e1 \u017e\u00e1dn\u00fd smysl je zastavit. Mo\u017en\u00e1 m\u00e1 smysl trochu p\u0159ibrzdit, u\u010dinit je v\u00edce dobrovoln\u00fdmi.&#8220;<\/p>\n<p>Pot\u00e9 Kr\u00e1su zm\u00ednil je\u0161t\u011b jednou a to v souvislosti s t\u00edm, \u017ee p\u0159edseda se stav\u00ed proti cel\u00e9mu syst\u00e9mu sKaret. A podle Kalouska pouze proto, aby se stal slavn\u011bj\u0161\u00edm a podpo\u0159il soci\u00e1ln\u00ed demokraty. Kr\u00e1sa pova\u017euje Kalouskova slova za ur\u00e1\u017eliv\u00e1 a na sv\u00e9m blogu ihned zareagoval.<\/p>\n<p>Ve sv\u00e9m vzkazu se zm\u00ednil i o exministrovi MPSV Jarom\u00edru Dr\u00e1bkovi, kter\u00fd cel\u00fd proces sKaret spustil. &#8222;Dnes se jasn\u011b ukazuje, \u017ee ne ka\u017ed\u00fd politik se hod\u00ed na ka\u017ed\u00e9 ministerstvo. Technokratick\u00fd p\u0159\u00edstup obou p\u00e1n\u016f k soci\u00e1ln\u00ed politice musel skon\u010dit fiaskem,&#8220; p\u00ed\u0161e na blogu Aktu\u00e1ln\u011b.cz.<\/p>\n<p>Tak\u00e9 dod\u00e1v\u00e1, \u017ee jako k\u0159es\u0165an pro\u017e\u00edv\u00e1 velikono\u010dn\u00ed sv\u00e1tky intenzivn\u011bji, ne\u017e on. &#8222;Mil\u00fd Mirku, my k\u0159es\u0165an\u00e9 pro\u017e\u00edv\u00e1me intenzivn\u011b velikono\u010dn\u00ed obdob\u00ed. Bylo by dobr\u00e9, kdyby sis jednou \u0159ekl, \u017ee p\u0159estane\u0161 napadat lidi, kte\u0159\u00ed nesouhlas\u00ed s Tv\u00fdm n\u00e1zorem, a p\u0159ipustil si, \u017ee jsou tak\u00e9 lid\u00e9, kte\u0159\u00ed d\u011blaj\u00ed v\u011bci proto, \u017ee je pova\u017euj\u00ed za spr\u00e1vn\u00e9 a pot\u0159ebn\u00e9,&#8220; p\u00ed\u0161e z\u00e1v\u011brem.<\/p>\n<p>Parlamentnilisty.cz<\/p>\n","protected":false},"excerpt":{"rendered":"<div class=\"mh-excerpt\"><p>P\u0159edsedy N\u00e1rodn\u00ed rady osob se zdravotn\u00edm posti\u017een\u00edm V\u00e1clava Kr\u00e1sy se dotkla slova ministra financ\u00ed Miroslava Kalouska (na sn\u00edmku). Ten se o Kr\u00e1sovi dvakr\u00e1t zm\u00ednil na <a class=\"mh-excerpt-more\" href=\"https:\/\/www.invarena.cz\/?p=3280\" title=\"\u0160\u00e9f posti\u017een\u00fdch uzemnil Kalouska: Mil\u00fd Mirku, u\u017e\u00edvej Velikonoc a zklidni se\">[&#8230;]<\/a><\/p>\n<\/div>","protected":false},"author":1,"featured_media":1692,"comment_status":"open","ping_status":"open","sticky":false,"template":"","format":"standard","meta":{"footnotes":""},"categories":[6],"tags":[],"class_list":["post-3280","post","type-post","status-publish","format-standard","has-post-thumbnail","hentry","category-politika"],"_links":{"self":[{"href":"https:\/\/www.invarena.cz\/index.php?rest_route=\/wp\/v2\/posts\/3280","targetHints":{"allow":["GET"]}}],"collection":[{"href":"https:\/\/www.invarena.cz\/index.php?rest_route=\/wp\/v2\/posts"}],"about":[{"href":"https:\/\/www.invarena.cz\/index.php?rest_route=\/wp\/v2\/types\/post"}],"author":[{"embeddable":true,"href":"https:\/\/www.invarena.cz\/index.php?rest_route=\/wp\/v2\/users\/1"}],"replies":[{"embeddable":true,"href":"https:\/\/www.invarena.cz\/index.php?rest_route=%2Fwp%2Fv2%2Fcomments&post=3280"}],"version-history":[{"count":0,"href":"https:\/\/www.invarena.cz\/index.php?rest_route=\/wp\/v2\/posts\/3280\/revisions"}],"wp:featuredmedia":[{"embeddable":true,"href":"https:\/\/www.invarena.cz\/index.php?rest_route=\/wp\/v2\/media\/1692"}],"wp:attachment":[{"href":"https:\/\/www.invarena.cz\/index.php?rest_route=%2Fwp%2Fv2%2Fmedia&parent=3280"}],"wp:term":[{"taxonomy":"category","embeddable":true,"href":"https:\/\/www.invarena.cz\/index.php?rest_route=%2Fwp%2Fv2%2Fcategories&post=3280"},{"taxonomy":"post_tag","embeddable":true,"href":"https:\/\/www.invarena.cz\/index.php?rest_route=%2Fwp%2Fv2%2Ftags&post=3280"}],"curies":[{"name":"wp","href":"https:\/\/api.w.org\/{rel}","templated":true}]}}