{"id":32805,"date":"2019-11-19T13:10:03","date_gmt":"2019-11-19T12:10:03","guid":{"rendered":"http:\/\/www.invarena.cz\/?p=32805"},"modified":"2019-11-19T13:10:04","modified_gmt":"2019-11-19T12:10:04","slug":"tratit-za-pracovni-uraz-a-nemoc-z-povolani-budeme-mene-nahrady-se-zvysi","status":"publish","type":"post","link":"https:\/\/www.invarena.cz\/?p=32805","title":{"rendered":"Tratit za pracovn\u00ed \u00faraz a nemoc z povol\u00e1n\u00ed budeme m\u00e9n\u011b. N\u00e1hrady se zv\u00fd\u0161\u00ed"},"content":{"rendered":"\n<p>Zv\u00fd\u0161\u00ed se i n\u00e1hrada pro poz\u016fstal\u00e9 po zem\u0159el\u00fdch pracovn\u00edc\u00edch. Stejn\u011b by se m\u011bly nav\u00fd\u0161it i n\u00e1hrady u policist\u016f, hasi\u010d\u016f, celn\u00edk\u016f \u010di voj\u00e1k\u016f.  N\u00e1hrada po \u00farazu \u010di nemoci z povol\u00e1n\u00ed p\u0159edstavuje rozd\u00edl mezi pr\u016fm\u011brn\u00fdm v\u00fdd\u011blkem p\u0159ed \u00farazem \u010di onemocn\u011bn\u00edm a p\u0159\u00edjmem po nemoci, kter\u00fd zahrnuje vyd\u011blanou \u010d\u00e1stku i p\u0159\u00edpadn\u00fd invalidn\u00ed d\u016fchod. Tento rozd\u00edl pak dorovn\u00e1vaj\u00ed zam\u011bstnavatel\u00e9 ze sv\u00e9ho poji\u0161t\u011bn\u00ed. <br><br>Cel\u00fd \u010dl\u00e1nek naleznete na idnes.cz: <a href=\"https:\/\/www.idnes.cz\/ekonomika\/domaci\/nahrady-pracovni-uraz-nemoc-z-povolani-prumerna-mzda.A191118_173740_domaci_chtl\" target=\"_blank\" rel=\"noreferrer noopener\" aria-label=\" (otev\u0159e se na nov\u00e9 z\u00e1lo\u017ece)\">https:\/\/www.idnes.cz\/ekonomika\/domaci\/nahrady-pracovni-uraz-nemoc-z-povolani-prumerna-mzda.A191118_173740_domaci_chtl<\/a><br><br><\/p>\n","protected":false},"excerpt":{"rendered":"<div class=\"mh-excerpt\"><p>Zv\u00fd\u0161\u00ed se i n\u00e1hrada pro poz\u016fstal\u00e9 po zem\u0159el\u00fdch pracovn\u00edc\u00edch. Stejn\u011b by se m\u011bly nav\u00fd\u0161it i n\u00e1hrady u policist\u016f, hasi\u010d\u016f, celn\u00edk\u016f \u010di voj\u00e1k\u016f. N\u00e1hrada po \u00farazu <a class=\"mh-excerpt-more\" href=\"https:\/\/www.invarena.cz\/?p=32805\" title=\"Tratit za pracovn\u00ed \u00faraz a nemoc z povol\u00e1n\u00ed budeme m\u00e9n\u011b. N\u00e1hrady se zv\u00fd\u0161\u00ed\">[&#8230;]<\/a><\/p>\n<\/div>","protected":false},"author":1,"featured_media":18323,"comment_status":"open","ping_status":"closed","sticky":false,"template":"","format":"standard","meta":{"footnotes":""},"categories":[9],"tags":[],"class_list":["post-32805","post","type-post","status-publish","format-standard","has-post-thumbnail","hentry","category-zpravy"],"_links":{"self":[{"href":"https:\/\/www.invarena.cz\/index.php?rest_route=\/wp\/v2\/posts\/32805","targetHints":{"allow":["GET"]}}],"collection":[{"href":"https:\/\/www.invarena.cz\/index.php?rest_route=\/wp\/v2\/posts"}],"about":[{"href":"https:\/\/www.invarena.cz\/index.php?rest_route=\/wp\/v2\/types\/post"}],"author":[{"embeddable":true,"href":"https:\/\/www.invarena.cz\/index.php?rest_route=\/wp\/v2\/users\/1"}],"replies":[{"embeddable":true,"href":"https:\/\/www.invarena.cz\/index.php?rest_route=%2Fwp%2Fv2%2Fcomments&post=32805"}],"version-history":[{"count":0,"href":"https:\/\/www.invarena.cz\/index.php?rest_route=\/wp\/v2\/posts\/32805\/revisions"}],"wp:featuredmedia":[{"embeddable":true,"href":"https:\/\/www.invarena.cz\/index.php?rest_route=\/wp\/v2\/media\/18323"}],"wp:attachment":[{"href":"https:\/\/www.invarena.cz\/index.php?rest_route=%2Fwp%2Fv2%2Fmedia&parent=32805"}],"wp:term":[{"taxonomy":"category","embeddable":true,"href":"https:\/\/www.invarena.cz\/index.php?rest_route=%2Fwp%2Fv2%2Fcategories&post=32805"},{"taxonomy":"post_tag","embeddable":true,"href":"https:\/\/www.invarena.cz\/index.php?rest_route=%2Fwp%2Fv2%2Ftags&post=32805"}],"curies":[{"name":"wp","href":"https:\/\/api.w.org\/{rel}","templated":true}]}}