{"id":32808,"date":"2019-11-19T13:21:00","date_gmt":"2019-11-19T12:21:00","guid":{"rendered":"http:\/\/www.invarena.cz\/?p=32808"},"modified":"2019-11-19T13:21:01","modified_gmt":"2019-11-19T12:21:01","slug":"pro-adamka-bylo-vybrano-112-tisic-korun-a-550-euro","status":"publish","type":"post","link":"https:\/\/www.invarena.cz\/?p=32808","title":{"rendered":"Pro Ad\u00e1mka bylo vybr\u00e1no 112 tis\u00edc korun a 550 Euro!"},"content":{"rendered":"\n<p>Jubilejn\u00ed des\u00e1t\u00fd ro\u010dn\u00edk galave\u010dera Boxe\u0159i d\u011btem prov\u00e1zela tradi\u010dn\u011b \u00fa\u017easn\u00e1 atmosf\u00e9ra. Boxe\u0159i i ostatn\u00ed, kte\u0159\u00ed zav\u00edtali do Kulturn\u00edho centra Rakovn\u00edk, uk\u00e1zali, \u017ee maj\u00ed srdce na spr\u00e1vn\u00e9m m\u00edst\u011b a Ad\u00e1mkovi v\u0161ichni spole\u010dn\u011b vybrali skv\u011bl\u00fdch 111 824 K\u010d a 550 Euro. Pen\u00edze p\u016fjdou na nov\u00fd elektronick\u00fd voz\u00edk.<\/p>\n\n\n\n<p>Rakovn\u00edk \u2013  Zapln\u011bn\u00fd s\u00e1l &#8222;rakovnick\u00e9 Lucerny&#8220; si op\u011bt u\u017e\u00edval zaj\u00edmav\u00e9 boxersk\u00e9 duely, tane\u010dn\u00ed i jin\u00e1 vystoupen\u00ed, ale tak\u00e9 p\u0159\u00edtomnost n\u011bkolika borc\u016f, kte\u0159\u00ed ve sv\u011bt\u011b bojov\u00fdch sport\u016f n\u011bco znamenaj\u00ed. Pozv\u00e1n\u00ed p\u0159ijal boxer Ond\u0159ej P\u00e1la. Nechyb\u011bli ani z\u00e1pasn\u00edci v MMA Alex Cverna, Tom\u00e1\u0161 Pele\u0161ka a podpo\u0159it nemocn\u00e9ho Ad\u00e1mka p\u0159ijel i Karlos V\u00e9mola, a to i p\u0159esto, \u017ee n\u011bkolik dn\u00ed p\u0159ed charitativn\u00ed akc\u00ed prod\u011blal operaci ramene. <\/p>\n\n\n\n<p>Boxersk\u00e9 duely rakovnick\u00fdch osobnost\u00ed nab\u00eddly op\u011bt mnoho humorn\u00fdch vlo\u017eek a skv\u011blou pod\u00edvanou. K vid\u011bn\u00ed byl tak\u00e9 zaj\u00edmav\u00fd doprovodn\u00fd program. Akci spolu s ji\u017e tradi\u010dn\u00edm moder\u00e1torem Petrem Mend\u00edkem skv\u011ble odmoderovala Marcela Tom\u010d\u00edkov\u00e1 \u0160k\u00e1bov\u00e1. <\/p>\n\n\n\n<p>Des\u00e1t\u00fd ro\u010dn\u00edk rovn\u011b\u017e podpo\u0159ili rakovni\u010dt\u00ed, novostra\u0161e\u010dt\u00ed motork\u00e1\u0159i a Motork\u00e1\u0159i hendikepovan\u00fdm d\u011btem, ale tak\u00e9 boxe\u0159i ze sp\u0159\u00e1telen\u00e9ho odd\u00edlu Weimar. &#8222;Chci pod\u011bkovat v\u0161em, co dorazili a podpo\u0159ili tuto akci, proto\u017ee d\u00edky nim to je,&#8220; byl dojat\u00fd organiz\u00e1tor akce Radek \u010cerven\u00fd.<\/p>\n\n\n\n<p>Rakovnick\u00fd den\u00edk<\/p>\n\n\n\n<p><a rel=\"noreferrer noopener\" aria-label=\" (otev\u0159e se na nov\u00e9 z\u00e1lo\u017ece)\" href=\"http:\/\/www.rakovnicky.denik.cz\/\" target=\"_blank\">http:\/\/www.rakovnicky.denik.cz\/<\/a><\/p>\n","protected":false},"excerpt":{"rendered":"<div class=\"mh-excerpt\"><p>Jubilejn\u00ed des\u00e1t\u00fd ro\u010dn\u00edk galave\u010dera Boxe\u0159i d\u011btem prov\u00e1zela tradi\u010dn\u011b \u00fa\u017easn\u00e1 atmosf\u00e9ra. Boxe\u0159i i ostatn\u00ed, kte\u0159\u00ed zav\u00edtali do Kulturn\u00edho centra Rakovn\u00edk, uk\u00e1zali, \u017ee maj\u00ed srdce na spr\u00e1vn\u00e9m <a class=\"mh-excerpt-more\" href=\"https:\/\/www.invarena.cz\/?p=32808\" title=\"Pro Ad\u00e1mka bylo vybr\u00e1no 112 tis\u00edc korun a 550 Euro!\">[&#8230;]<\/a><\/p>\n<\/div>","protected":false},"author":1,"featured_media":24717,"comment_status":"open","ping_status":"closed","sticky":false,"template":"","format":"standard","meta":{"footnotes":""},"categories":[9],"tags":[],"class_list":["post-32808","post","type-post","status-publish","format-standard","has-post-thumbnail","hentry","category-zpravy"],"_links":{"self":[{"href":"https:\/\/www.invarena.cz\/index.php?rest_route=\/wp\/v2\/posts\/32808","targetHints":{"allow":["GET"]}}],"collection":[{"href":"https:\/\/www.invarena.cz\/index.php?rest_route=\/wp\/v2\/posts"}],"about":[{"href":"https:\/\/www.invarena.cz\/index.php?rest_route=\/wp\/v2\/types\/post"}],"author":[{"embeddable":true,"href":"https:\/\/www.invarena.cz\/index.php?rest_route=\/wp\/v2\/users\/1"}],"replies":[{"embeddable":true,"href":"https:\/\/www.invarena.cz\/index.php?rest_route=%2Fwp%2Fv2%2Fcomments&post=32808"}],"version-history":[{"count":0,"href":"https:\/\/www.invarena.cz\/index.php?rest_route=\/wp\/v2\/posts\/32808\/revisions"}],"wp:featuredmedia":[{"embeddable":true,"href":"https:\/\/www.invarena.cz\/index.php?rest_route=\/wp\/v2\/media\/24717"}],"wp:attachment":[{"href":"https:\/\/www.invarena.cz\/index.php?rest_route=%2Fwp%2Fv2%2Fmedia&parent=32808"}],"wp:term":[{"taxonomy":"category","embeddable":true,"href":"https:\/\/www.invarena.cz\/index.php?rest_route=%2Fwp%2Fv2%2Fcategories&post=32808"},{"taxonomy":"post_tag","embeddable":true,"href":"https:\/\/www.invarena.cz\/index.php?rest_route=%2Fwp%2Fv2%2Ftags&post=32808"}],"curies":[{"name":"wp","href":"https:\/\/api.w.org\/{rel}","templated":true}]}}