{"id":32814,"date":"2019-11-19T13:54:31","date_gmt":"2019-11-19T12:54:31","guid":{"rendered":"http:\/\/www.invarena.cz\/?p=32814"},"modified":"2019-11-19T13:54:35","modified_gmt":"2019-11-19T12:54:35","slug":"ma-amputovanou-nohu-pod-kolenem-dostane-prispevek-na-auto","status":"publish","type":"post","link":"https:\/\/www.invarena.cz\/?p=32814","title":{"rendered":"M\u00e1 amputovanou nohu pod kolenem. Dostane p\u0159\u00edsp\u011bvek na auto?"},"content":{"rendered":"\n<p><strong>DOTAZ: Man\u017eelka je po amputaci leve dolni kon\u010detiny pod kolenem a je slep\u00e1. M\u00e1 n\u00e1rok na p\u0159\u00edsp\u011bvek na auto?<\/strong><\/p>\n\n\n\n<p><strong>ODPOV\u011a\u010e:<\/strong><\/p>\n\n\n\n<p>Nevidomost bohu\u017eel nepat\u0159\u00ed mezi indikace pro p\u0159izn\u00e1n\u00ed p\u0159\u00edsp\u011bvku na po\u0159\u00edzen\u00ed automobilu. <\/p>\n\n\n\n<p>Amputace doln\u00ed kon\u010detiny pod kolenem tak\u00e9 nepat\u0159\u00ed ke zdravotn\u00edm stav\u016fm, je\u017e jasn\u011b oprav\u0148uj\u00ed k tomuto p\u0159\u00edsp\u011bvku. T\u00e9m\u011b\u0159 s jistotou by \u017eadatelka m\u011bla n\u00e1rok na tento p\u0159\u00edsp\u011bvek v p\u0159\u00edpad\u011b, \u017ee by se jednalo o ztr\u00e1tu doln\u00ed kon\u010detiny nad kolenem, tedy ve stehn\u011b, nebo pokud by se jednalo o anatomickou ztr\u00e1tu pod kolenem nikoli u jedn\u00e9, ale u obou doln\u00edch kon\u010detin. <\/p>\n\n\n\n<p>Neuv\u00e1d\u00edte \u017e\u00e1dnou informaci, v jak\u00e9m stavu je doln\u00ed kon\u010detina vyjma amputace pod kolenem. Pokud by tato anatomisk\u00e1 ztr\u00e1ta  byla prov\u00e1zena nap\u0159\u00edklad funk\u010dn\u00ed ztr\u00e1tou cel\u00e9 doln\u00ed kon\u010detiny, tedy t\u011b\u017ekou poruchou hybnosti v kolen\u011b a ky\u010dli, pak i v tomto p\u0159\u00edpad\u011b by mohl b\u00fdt p\u0159izn\u00e1n n\u00e1rok na z\u00edsk\u00e1n\u00ed tohoto p\u0159\u00edsp\u011bvku.<\/p>\n\n\n\n<p>Dan\u00fd typ posti\u017een\u00ed popsan\u00fd v dotazu v\u0161ak zcela neodpov\u00edd\u00e1 ani jednomu ze zdravotn\u00edch stav\u016f oprav\u0148uj\u00edc\u00edch k p\u0159izn\u00e1n\u00ed p\u0159\u00edsp\u011bvku, jejich\u017e seznam uv\u00e1d\u00edme n\u00ed\u017ee.  Nicm\u00e9n\u011b \u017e\u00e1dost podat m\u016f\u017eete na p\u0159\u00edslu\u0161n\u00e9m pracovi\u0161ti \u00fa\u0159adu pr\u00e1ce, \u017e\u00e1dost nen\u00ed nijak zpoplat\u0148ov\u00e1na, jen je t\u0159eba ji doplnit o aktu\u00e1ln\u00ed l\u00e9ka\u0159sk\u00e9 zpr\u00e1vy, ov\u0161em s administrac\u00ed t\u00e9to \u017e\u00e1dosti je spojena \u0159ada hodin \u00fasil\u00ed.             <\/p>\n\n\n\n<p><strong>P\u0159\u00edsp\u011bvek na zvl\u00e1\u0161tn\u00ed pom\u016fcku \u2013 na po\u0159\u00edzen\u00ed motorov\u00e9ho vozidla \u2013 se p\u0159izn\u00e1v\u00e1 na dva n\u00e1sleduj\u00edc\u00ed okruhy zdravotn\u00edho posti\u017een\u00ed:<\/strong><\/p>\n\n\n\n<p>a) t\u011b\u017ek\u00e1 vada nosn\u00e9ho nebo pohybov\u00e9ho \u00fastroj\u00ed<\/p>\n\n\n\n<p>b) t\u011b\u017ek\u00e1 nebo hlubok\u00e1 ment\u00e1ln\u00ed retardace a stavy na rozhran\u00ed t\u011b\u017ek\u00e9 ment\u00e1ln\u00ed retardace.<\/p>\n\n\n\n<p><strong>Za t\u011b\u017ekou vadu nosn\u00e9ho nebo pohybov\u00e9ho \u00fastroj\u00ed se pova\u017euje:&nbsp;<\/strong><\/p>\n\n\n\n<p>\u2013 anatomick\u00e1 ztr\u00e1ta obou doln\u00edch kon\u010detin v b\u00e9rc\u00edch a v\u00fd\u0161e,<\/p>\n\n\n\n<p>\u2013 funk\u010dn\u00ed ztr\u00e1ta obou doln\u00edch kon\u010detin na podklad\u011b \u00fapln\u00e9 obrny (plegie) nebo t\u011b\u017ek\u00e9ho ochrnut\u00ed,<\/p>\n\n\n\n<p>\u2013 funk\u010dn\u00ed ztr\u00e1ta jedn\u00e9 horn\u00ed a jedn\u00e9 doln\u00ed kon\u010detiny na podklad\u011b \u00fapln\u00e9 obrny (plegie) nebo t\u011b\u017ek\u00e9ho ochrnut\u00ed,<\/p>\n\n\n\n<p>\u2013 ankyl\u00f3za obou ky\u010deln\u00edch kloub\u016f nebo obou kolenn\u00edch kloub\u016f nebo podstatn\u00e9 omezen\u00ed hybnosti obou ky\u010deln\u00edch nebo kolenn\u00edch kloub\u016f pro t\u011b\u017ek\u00e9 kontraktury v okol\u00ed,<\/p>\n\n\n\n<p>\u2013 ztuhnut\u00ed v\u0161ech \u00fasek\u016f p\u00e1te\u0159e s t\u011b\u017ek\u00fdm omezen\u00edm pohyblivosti alespo\u0148 dvou nosn\u00fdch kloub\u016f doln\u00edch kon\u010detin,<\/p>\n\n\n\n<p>\u2013 t\u011b\u017ek\u00e9 funk\u010dn\u00ed poruchy pohyblivosti na z\u00e1klad\u011b posti\u017een\u00ed t\u0159\u00ed a v\u00edce funk\u010dn\u00edch celk\u016f pohybov\u00e9ho \u00fastroj\u00ed s p\u0159\u00edpadnou odk\u00e1zanost\u00ed na voz\u00edk pro invalidy; funk\u010dn\u00edm celkem se p\u0159itom rozum\u00ed trup, p\u00e1nev, kon\u010detina,<\/p>\n\n\n\n<p>\u2013 dispropor\u010dn\u00ed poruchy r\u016fstu prov\u00e1zen\u00e9 deformitami kon\u010detin a hrudn\u00edku, pokud t\u011blesn\u00e1 v\u00fd\u0161ka posti\u017een\u00e9ho po ukon\u010den\u00ed r\u016fstu nep\u0159esahuje 120 cm,<\/p>\n\n\n\n<p>\u2013 anatomick\u00e1 ztr\u00e1ta doln\u00ed kon\u010detiny ve stehn\u011b bez mo\u017enosti oprot\u00e9zov\u00e1n\u00ed nebo exartikulace v ky\u010deln\u00edm kloubu,<\/p>\n\n\n\n<p>\u2013 anatomick\u00e1 nebo funk\u010dn\u00ed ztr\u00e1ta kon\u010detiny,<\/p>\n\n\n\n<p>\u2013 anatomick\u00e1 nebo funk\u010dn\u00ed ztr\u00e1ta obou horn\u00edch kon\u010detin,<\/p>\n\n\n\n<p>\u2013 anatomick\u00e1 ztr\u00e1ta doln\u00ed kon\u010detiny ve stehn\u011b s mo\u017enost\u00ed oprot\u00e9zov\u00e1n\u00ed.<\/p>\n\n\n\n<p>redakce invArena<\/p>\n\n\n\n<p><br><br> &#8212;<\/p>\n","protected":false},"excerpt":{"rendered":"<div class=\"mh-excerpt\"><p>DOTAZ: Man\u017eelka je po amputaci leve dolni kon\u010detiny pod kolenem a je slep\u00e1. M\u00e1 n\u00e1rok na p\u0159\u00edsp\u011bvek na auto? ODPOV\u011a\u010e: Nevidomost bohu\u017eel nepat\u0159\u00ed mezi indikace <a class=\"mh-excerpt-more\" href=\"https:\/\/www.invarena.cz\/?p=32814\" title=\"M\u00e1 amputovanou nohu pod kolenem. Dostane p\u0159\u00edsp\u011bvek na auto?\">[&#8230;]<\/a><\/p>\n<\/div>","protected":false},"author":1,"featured_media":22866,"comment_status":"open","ping_status":"closed","sticky":false,"template":"","format":"standard","meta":{"footnotes":""},"categories":[18],"tags":[],"class_list":["post-32814","post","type-post","status-publish","format-standard","has-post-thumbnail","hentry","category-poradna"],"_links":{"self":[{"href":"https:\/\/www.invarena.cz\/index.php?rest_route=\/wp\/v2\/posts\/32814","targetHints":{"allow":["GET"]}}],"collection":[{"href":"https:\/\/www.invarena.cz\/index.php?rest_route=\/wp\/v2\/posts"}],"about":[{"href":"https:\/\/www.invarena.cz\/index.php?rest_route=\/wp\/v2\/types\/post"}],"author":[{"embeddable":true,"href":"https:\/\/www.invarena.cz\/index.php?rest_route=\/wp\/v2\/users\/1"}],"replies":[{"embeddable":true,"href":"https:\/\/www.invarena.cz\/index.php?rest_route=%2Fwp%2Fv2%2Fcomments&post=32814"}],"version-history":[{"count":0,"href":"https:\/\/www.invarena.cz\/index.php?rest_route=\/wp\/v2\/posts\/32814\/revisions"}],"wp:featuredmedia":[{"embeddable":true,"href":"https:\/\/www.invarena.cz\/index.php?rest_route=\/wp\/v2\/media\/22866"}],"wp:attachment":[{"href":"https:\/\/www.invarena.cz\/index.php?rest_route=%2Fwp%2Fv2%2Fmedia&parent=32814"}],"wp:term":[{"taxonomy":"category","embeddable":true,"href":"https:\/\/www.invarena.cz\/index.php?rest_route=%2Fwp%2Fv2%2Fcategories&post=32814"},{"taxonomy":"post_tag","embeddable":true,"href":"https:\/\/www.invarena.cz\/index.php?rest_route=%2Fwp%2Fv2%2Ftags&post=32814"}],"curies":[{"name":"wp","href":"https:\/\/api.w.org\/{rel}","templated":true}]}}