{"id":32863,"date":"2019-11-25T12:33:38","date_gmt":"2019-11-25T11:33:38","guid":{"rendered":"http:\/\/www.invarena.cz\/?p=32863"},"modified":"2019-11-25T12:33:40","modified_gmt":"2019-11-25T11:33:40","slug":"lukas-peska-adventni-rozsvitani","status":"publish","type":"post","link":"https:\/\/www.invarena.cz\/?p=32863","title":{"rendered":"LUK\u00c1\u0160 PE\u0160KA Adventn\u00ed RozSv\u00edt\u00e1n\u00ed"},"content":{"rendered":"\n<p>Legend\u00e1rn\u00ed Ve\u010dern\u00ed\u010dek se vydal do sv\u011bta a ztratil se. \u017d\u00e1ci \u0161koly Sv\u00edt\u00e1n\u00ed se ho vydali hledat a p\u0159ivedli jej zp\u011bt. Takov\u00fd je lajtmotiv autorsk\u00e9 poh\u00e1dky, kterou \u017e\u00e1ci sehraj\u00ed na bes\u00eddce p\u0159i akci Adventn\u00ed RozSv\u00edt\u00e1n\u00ed.<\/p>\n\n\n\n<p>Uskute\u010dn\u00ed se v pond\u011bl\u00ed 25. listopadu v 15 hodin v s\u00e1le Kongresov\u00e9ho centra Pal\u00e1ce Pardubice. \u0160kola Sv\u00edt\u00e1n\u00ed p\u0159i n\u00ed sou\u010dasn\u011b ud\u011bl\u00ed Ceny Gr\u00e1ci\u00ed sv\u00fdm podporovatel\u016fm a dobrodinc\u016fm v oblasti finan\u010dn\u00ed i nefinan\u010dn\u00ed podpory. Tradi\u010dn\u00ed sou\u010d\u00e1st\u00ed akce bude i jarmark \u0161koly Sv\u00edt\u00e1n\u00ed, kter\u00fd se odehraje v p\u0159\u00edzem\u00ed Pal\u00e1ce Pardubice od 13 hodin.<\/p>\n\n\n\n<p>N\u00e1v\u0161t\u011bvn\u00edci si mohou zakoupit origin\u00e1ln\u00ed v\u00e1no\u010dn\u00ed v\u00fdrobky a dekorace z na\u0161\u00ed d\u00edlny, a vyzkou\u0161et si zdoben\u00ed pern\u00ed\u010dk\u016f. Nebude chyb\u011bt ani vystoupen\u00ed muzikoterapeutick\u00e9ho souboru Mlima Jua. <\/p>\n\n\n\n<p>Z\u00e1kladn\u00ed \u0161kola a Praktick\u00e1 \u0161kola Sv\u00edt\u00e1n\u00ed v\u00edce ne\u017e \u010dtvrt stolet\u00ed pe\u010duje o mlad\u00e9 lidi s kombinovan\u00fdm posti\u017een\u00edm a p\u0159in\u00e1\u0161\u00ed tak sv\u011btlo do rodin hendikepovan\u00fdch.<\/p>\n\n\n\n<p>Luk\u00e1\u0161 Pe\u0161ka<\/p>\n\n\n\n<p>Pardubick\u00fd den\u00edk<\/p>\n\n\n\n<p><a rel=\"noreferrer noopener\" aria-label=\" (otev\u0159e se na nov\u00e9 z\u00e1lo\u017ece)\" href=\"http:\/\/pardubicky.denik.cz\/\" target=\"_blank\">http:\/\/pardubicky.denik.cz\/<\/a><\/p>\n","protected":false},"excerpt":{"rendered":"<div class=\"mh-excerpt\"><p>Legend\u00e1rn\u00ed Ve\u010dern\u00ed\u010dek se vydal do sv\u011bta a ztratil se. \u017d\u00e1ci \u0161koly Sv\u00edt\u00e1n\u00ed se ho vydali hledat a p\u0159ivedli jej zp\u011bt. Takov\u00fd je lajtmotiv autorsk\u00e9 poh\u00e1dky, <a class=\"mh-excerpt-more\" href=\"https:\/\/www.invarena.cz\/?p=32863\" title=\"LUK\u00c1\u0160 PE\u0160KA Adventn\u00ed RozSv\u00edt\u00e1n\u00ed\">[&#8230;]<\/a><\/p>\n<\/div>","protected":false},"author":1,"featured_media":14120,"comment_status":"open","ping_status":"closed","sticky":false,"template":"","format":"standard","meta":{"footnotes":""},"categories":[9],"tags":[],"class_list":["post-32863","post","type-post","status-publish","format-standard","has-post-thumbnail","hentry","category-zpravy"],"_links":{"self":[{"href":"https:\/\/www.invarena.cz\/index.php?rest_route=\/wp\/v2\/posts\/32863","targetHints":{"allow":["GET"]}}],"collection":[{"href":"https:\/\/www.invarena.cz\/index.php?rest_route=\/wp\/v2\/posts"}],"about":[{"href":"https:\/\/www.invarena.cz\/index.php?rest_route=\/wp\/v2\/types\/post"}],"author":[{"embeddable":true,"href":"https:\/\/www.invarena.cz\/index.php?rest_route=\/wp\/v2\/users\/1"}],"replies":[{"embeddable":true,"href":"https:\/\/www.invarena.cz\/index.php?rest_route=%2Fwp%2Fv2%2Fcomments&post=32863"}],"version-history":[{"count":0,"href":"https:\/\/www.invarena.cz\/index.php?rest_route=\/wp\/v2\/posts\/32863\/revisions"}],"wp:featuredmedia":[{"embeddable":true,"href":"https:\/\/www.invarena.cz\/index.php?rest_route=\/wp\/v2\/media\/14120"}],"wp:attachment":[{"href":"https:\/\/www.invarena.cz\/index.php?rest_route=%2Fwp%2Fv2%2Fmedia&parent=32863"}],"wp:term":[{"taxonomy":"category","embeddable":true,"href":"https:\/\/www.invarena.cz\/index.php?rest_route=%2Fwp%2Fv2%2Fcategories&post=32863"},{"taxonomy":"post_tag","embeddable":true,"href":"https:\/\/www.invarena.cz\/index.php?rest_route=%2Fwp%2Fv2%2Ftags&post=32863"}],"curies":[{"name":"wp","href":"https:\/\/api.w.org\/{rel}","templated":true}]}}