{"id":32866,"date":"2019-11-25T12:47:25","date_gmt":"2019-11-25T11:47:25","guid":{"rendered":"http:\/\/www.invarena.cz\/?p=32866"},"modified":"2019-11-25T12:47:27","modified_gmt":"2019-11-25T11:47:27","slug":"spojuji-generace-beneficni-drazbou-i-navstevami","status":"publish","type":"post","link":"https:\/\/www.invarena.cz\/?p=32866","title":{"rendered":"Spojuj\u00ed generace benefi\u010dn\u00ed dra\u017ebou i n\u00e1v\u0161t\u011bvami"},"content":{"rendered":"\n<p>Spojujeme generace \u2013 to je motto obecn\u011b prosp\u011b\u0161n\u00e9 spole\u010dnosti Pontis, kter\u00e1 v \u0160umperku na poli soci\u00e1ln\u00edch slu\u017eeb p\u016fsob\u00ed u\u017e dv\u011b des\u00edtky let. Je jednou z nejv\u011bt\u0161\u00edch &#8222;neziskovek&#8220; v Olomouck\u00e9m kraji. <\/p>\n\n\n\n<p>\u0160umperk \u2013  Za spojov\u00e1n\u00ed generac\u00ed v organizaci je mo\u017en\u00e9 pova\u017eovat i to, \u017ee sv\u00e9 slu\u017eby poskytuj\u00ed klient\u016fm \u0161irok\u00e9ho v\u011bkov\u00e9ho spektra, od mal\u00fdch d\u011bt\u00ed, kter\u00e9 bydl\u00ed s rodi\u010di v azylov\u00e9m dom\u011b po seniory, kte\u0159\u00ed \u017eij\u00ed v domech s pe\u010dovatelskou slu\u017ebou, nav\u0161t\u011bvuj\u00ed stacion\u00e1\u0159 \u010di se \u00fa\u010dastn\u00ed r\u016fzn\u00fdch aktivit, kter\u00e9 Pontis po\u0159\u00e1d\u00e1. <\/p>\n\n\n\n<p>Jednou z velmi \u00fasp\u011b\u0161n\u00fdch akc\u00ed byla nap\u0159\u00edklad benefi\u010dn\u00ed dra\u017eba obraz\u016f, kter\u00e9 senio\u0159i vytvo\u0159ili v r\u00e1mci v\u00fdtvarn\u00fdch kurz\u016f. Pomohli tak hendikepovan\u00fdm d\u011btem.<\/p>\n\n\n\n<p>&#8222;Obrazy na\u0161i klienti vytv\u00e1\u0159eli v pr\u016fb\u011bhu cel\u00e9ho roku a nezda\u0159ilej\u0161\u00ed d\u00edlo pak v\u011bnovali do dra\u017eby, kter\u00e1 se konala v kl\u00e1\u0161tern\u00edm kostele. V\u00fdt\u011b\u017eek byl ur\u010den na terapeutick\u00e9 cvi\u010den\u00ed pro d\u011bti po mozkov\u00e9 obrn\u011b speci\u00e1ln\u00ed metodou Therasuit,&#8220; vysv\u011btlil \u0159editel Pontisu Miroslav Ad\u00e1mek.<\/p>\n\n\n\n<p>O propojen\u00ed generac\u00ed se zasluhuj\u00ed tak\u00e9 d\u011bti z r\u016fzn\u00fdch \u0161umpersk\u00fdch mate\u0159inek, kter\u00e9 pravideln\u011b nav\u0161t\u011bvuj\u00ed seniory v denn\u00edm stacion\u00e1\u0159i. <\/p>\n\n\n\n<p>&#8222;N\u011bkte\u0159\u00ed senio\u0159i t\u0159eba vnou\u010data nemaj\u00ed, nebo bydl\u00ed daleko, n\u011bkdy i v zahrani\u010d\u00ed, tak\u017ee nejsou v kontaktu. Podobn\u011b jsou na tom i n\u011bkter\u00e9 d\u011bti, kter\u00e9 naopak nemaj\u00ed prarodi\u010de. Je to o vz\u00e1jemn\u00e9m kontaktu obou skupin, ob\u011b se vlastn\u011b u\u010d\u00ed navz\u00e1jem spolu komunikovat,&#8220; p\u0159ibl\u00ed\u017eil Miroslav Ad\u00e1mek.<\/p>\n\n\n\n<p>N\u00e1v\u0161t\u011bvy mal\u00fdch d\u011bt\u00ed se ve stacion\u00e1\u0159i konaj\u00ed p\u0159i p\u0159\u00edle\u017eitostech, jako je nap\u0159\u00edklad masopust, Den senior\u016f \u010di r\u016fzn\u00e9 jin\u00e9 sv\u00e1tky. Mal\u00ed n\u00e1v\u0161t\u011bvn\u00edci i jejich hostitel\u00e9 se na setk\u00e1n\u00ed pe\u010dliv\u011b p\u0159ipravuj\u00ed. &#8222;D\u011bti v\u017edy p\u0159edvedou n\u011bjak\u00fd program a potom n\u00e1sleduje ta neofici\u00e1ln\u00ed \u010d\u00e1st, kdy si navz\u00e1jem pov\u00eddaj\u00ed. Senio\u0159i d\u011btem zase nap\u0159\u00edklad nape\u010dou kol\u00e1\u010dky \u010di pro n\u011b vyrob\u00ed r\u016fzn\u00e9 drobn\u00e9 d\u00e1rky. Aktivn\u00ed jsou ob\u011b skupiny, tak\u017ee setk\u00e1v\u00e1n\u00ed je ur\u010dit\u011b pro v\u0161echny velk\u00fdm p\u0159\u00ednosem,&#8220; dodal Miroslav Ad\u00e1mek.<\/p>\n\n\n\n<p>Den\u00edk ve spolupr\u00e1ci se spole\u010dnost\u00ed DM \u010cesk\u00e1 republika p\u0159ipravuj\u00ed projekt Propojujeme generace, kter\u00fd m\u00e1 uk\u00e1zat pozitivn\u00ed aktivity vedouc\u00ed k propojen\u00ed nejstar\u0161\u00edch a nejmlad\u0161\u00edch generac\u00ed. V\u00edce informac\u00ed najdete v z\u00edt\u0159ej\u0161\u00edm t\u00fdden\u00edku Moravsk\u00fd sever. <br> <br> &#8212; <br> <br> V\u00edce v t\u00fdden\u00edku Moravsk\u00fd sever <br> <br>Spole\u010dnost dm drogerie markt se rozhodla finan\u010dn\u011b podpo\u0159it domovy senior\u016f, kter\u00e9 p\u0159iprav\u00ed projekt na podporu propojen\u00ed generac\u00ed. A jakou \u010d\u00e1stku rozd\u011bl\u00ed mezi 70 domov\u016f z cel\u00e9 \u010cesk\u00e9 republiky, z\u00e1le\u017e\u00ed i na v\u00e1s. Tento p\u00e1tek je dnem, kter\u00fd se ve v\u0161ech prodejn\u00e1ch dm nese pod n\u00e1zvem Giving Friday. V dm nepodl\u00e9haj\u00ed slevov\u00e9mu \u0161\u00edlenstv\u00ed, ale cht\u011bj\u00ed p\u011bt procent obratu z tohoto p\u00e1tku v\u011bnovat t\u011bm, kte\u0159\u00ed se sna\u017e\u00ed p\u0159ipravovat programy a projekty spojuj\u00edc\u00ed generace. Podle prozat\u00edmn\u00edch odhad\u016f by mohla spole\u010dnost dm rozd\u011blit mezi domovy dva miliony korun. A to u\u017e stoj\u00ed za to! Sledujte z\u00edtra n\u00e1\u0161 t\u00fdden\u00edk, kde najdete bli\u017e\u0161\u00ed informace.<\/p>\n\n\n\n<p>HANA KUBOV\u00c1<\/p>\n\n\n\n<p>\u0160umpersk\u00fd a Jesenick\u00fd den\u00edk<\/p>\n\n\n\n<p><a rel=\"noreferrer noopener\" aria-label=\" (otev\u0159e se na nov\u00e9 z\u00e1lo\u017ece)\" href=\"http:\/\/www.sumpersky.denik.cz\/\" target=\"_blank\">http:\/\/www.sumpersky.denik.cz\/<\/a><\/p>\n","protected":false},"excerpt":{"rendered":"<div class=\"mh-excerpt\"><p>Spojujeme generace \u2013 to je motto obecn\u011b prosp\u011b\u0161n\u00e9 spole\u010dnosti Pontis, kter\u00e1 v \u0160umperku na poli soci\u00e1ln\u00edch slu\u017eeb p\u016fsob\u00ed u\u017e dv\u011b des\u00edtky let. Je jednou z <a class=\"mh-excerpt-more\" href=\"https:\/\/www.invarena.cz\/?p=32866\" title=\"Spojuj\u00ed generace benefi\u010dn\u00ed dra\u017ebou i n\u00e1v\u0161t\u011bvami\">[&#8230;]<\/a><\/p>\n<\/div>","protected":false},"author":1,"featured_media":23101,"comment_status":"open","ping_status":"closed","sticky":false,"template":"","format":"standard","meta":{"footnotes":""},"categories":[9],"tags":[],"class_list":["post-32866","post","type-post","status-publish","format-standard","has-post-thumbnail","hentry","category-zpravy"],"_links":{"self":[{"href":"https:\/\/www.invarena.cz\/index.php?rest_route=\/wp\/v2\/posts\/32866","targetHints":{"allow":["GET"]}}],"collection":[{"href":"https:\/\/www.invarena.cz\/index.php?rest_route=\/wp\/v2\/posts"}],"about":[{"href":"https:\/\/www.invarena.cz\/index.php?rest_route=\/wp\/v2\/types\/post"}],"author":[{"embeddable":true,"href":"https:\/\/www.invarena.cz\/index.php?rest_route=\/wp\/v2\/users\/1"}],"replies":[{"embeddable":true,"href":"https:\/\/www.invarena.cz\/index.php?rest_route=%2Fwp%2Fv2%2Fcomments&post=32866"}],"version-history":[{"count":0,"href":"https:\/\/www.invarena.cz\/index.php?rest_route=\/wp\/v2\/posts\/32866\/revisions"}],"wp:featuredmedia":[{"embeddable":true,"href":"https:\/\/www.invarena.cz\/index.php?rest_route=\/wp\/v2\/media\/23101"}],"wp:attachment":[{"href":"https:\/\/www.invarena.cz\/index.php?rest_route=%2Fwp%2Fv2%2Fmedia&parent=32866"}],"wp:term":[{"taxonomy":"category","embeddable":true,"href":"https:\/\/www.invarena.cz\/index.php?rest_route=%2Fwp%2Fv2%2Fcategories&post=32866"},{"taxonomy":"post_tag","embeddable":true,"href":"https:\/\/www.invarena.cz\/index.php?rest_route=%2Fwp%2Fv2%2Ftags&post=32866"}],"curies":[{"name":"wp","href":"https:\/\/api.w.org\/{rel}","templated":true}]}}