{"id":32883,"date":"2019-11-27T15:47:33","date_gmt":"2019-11-27T14:47:33","guid":{"rendered":"http:\/\/www.invarena.cz\/?p=32883"},"modified":"2019-11-27T15:47:35","modified_gmt":"2019-11-27T14:47:35","slug":"lonsky-vytezek-prekonan","status":"publish","type":"post","link":"https:\/\/www.invarena.cz\/?p=32883","title":{"rendered":"Lo\u0148sk\u00fd v\u00fdt\u011b\u017eek p\u0159ekon\u00e1n"},"content":{"rendered":"\n<p>Sb\u00edrka pro Sv\u011btlu\u0161ku je v pln\u00e9m proudu. P\u0159esn\u011bji ve sv\u00e9 polovin\u011b. U\u017e te\u010f jste n\u00e1m pomohli p\u0159ekonat celkov\u00fd v\u00fdt\u011b\u017eek z lo\u0148sk\u00e9ho roku. Pr\u00e1v\u011b jsme na v\u00edce ne\u017e 5 milionech korun. <\/p>\n\n\n\n<p>&#8222;Moc d\u011bkujeme v\u0161em na\u0161im z\u00e1kazn\u00edk\u016fm, kte\u0159\u00ed se rozhodli p\u0159isp\u011bt. K V\u00e1noc\u016fm dobr\u00e9 skutky pat\u0159\u00ed a my jsme dojat\u00ed a z\u00e1rove\u0148 zv\u011bdav\u00ed, kolik se je\u0161t\u011b poda\u0159\u00ed pro Sv\u011btlu\u0161ku z\u00edskat. \u010cas na to m\u00e1me do ned\u011ble 1. prosince. Zapojit se m\u016f\u017ee ka\u017ed\u00fd, a to n\u00e1kupem v\u00e1no\u010dn\u00edch jmenovek, kter\u00e9 najde na v\u0161ech na\u0161ich prodejn\u00e1ch na pokladn\u00e1ch a informac\u00edch za 30 korun,&#8220; \u0159\u00edk\u00e1 Renata Maierl, tiskov\u00e1 mluv\u010d\u00ed spole\u010dnosti Kaufland.<\/p>\n\n\n\n<p>Celou \u010d\u00e1stku z prodeje z\u00edsk\u00e1 Sv\u011btlu\u0161ka, projekt Nada\u010dn\u00edho fondu \u010cesk\u00e9ho rozhlasu, kter\u00fd pom\u00e1h\u00e1 d\u011btem a dosp\u011bl\u00fdm s t\u011b\u017ek\u00fdm zrakov\u00fdm posti\u017een\u00edm. Pomoc p\u016fjde na slu\u017eby pro rodiny s d\u011btmi se zrakov\u00fdm posti\u017een\u00edm, osobn\u00ed asistenci, n\u00e1kup kompenza\u010dn\u00edch pom\u016fcek, v\u00fdcvik vodic\u00edch ps\u016f nebo na podporu p\u0159i studiu. Nap\u0159\u00edklad \u010d\u00e1stka za 1 000 kus\u016f prodan\u00fdch jmenovek pokryje ro\u010dn\u00ed stipendium nevidom\u00e9ho studenta na vysok\u00e9 \u0161kole nebo za 2 000 kus\u016f jmenovek se d\u00e1 po\u0159\u00eddit tandemov\u00e9 kolo.<\/p>\n\n\n\n<p>Tak se do v\u00e1no\u010dn\u00ed sb\u00edrky zapojte i vy, ud\u011blejte dobr\u00fd skutek a spole\u010dn\u011b s Kauflandem rozsvi\u0165te V\u00e1noce nevidom\u00fdm! <br> <br>Term\u00edn kon\u00e1n\u00ed sb\u00edrky \u2013 od 18. 11. do 1. 12. 2019<\/p>\n\n\n\n<p>Pra\u017esk\u00fd den\u00edk<\/p>\n\n\n\n<p><a rel=\"noreferrer noopener\" aria-label=\" (otev\u0159e se na nov\u00e9 z\u00e1lo\u017ece)\" href=\"http:\/\/www.prazsky.denik.cz\/\" target=\"_blank\">http:\/\/www.prazsky.denik.cz\/<\/a><\/p>\n","protected":false},"excerpt":{"rendered":"<div class=\"mh-excerpt\"><p>Sb\u00edrka pro Sv\u011btlu\u0161ku je v pln\u00e9m proudu. P\u0159esn\u011bji ve sv\u00e9 polovin\u011b. U\u017e te\u010f jste n\u00e1m pomohli p\u0159ekonat celkov\u00fd v\u00fdt\u011b\u017eek z lo\u0148sk\u00e9ho roku. Pr\u00e1v\u011b jsme na <a class=\"mh-excerpt-more\" href=\"https:\/\/www.invarena.cz\/?p=32883\" title=\"Lo\u0148sk\u00fd v\u00fdt\u011b\u017eek p\u0159ekon\u00e1n\">[&#8230;]<\/a><\/p>\n<\/div>","protected":false},"author":1,"featured_media":1944,"comment_status":"open","ping_status":"closed","sticky":false,"template":"","format":"standard","meta":{"footnotes":""},"categories":[9],"tags":[],"class_list":["post-32883","post","type-post","status-publish","format-standard","has-post-thumbnail","hentry","category-zpravy"],"_links":{"self":[{"href":"https:\/\/www.invarena.cz\/index.php?rest_route=\/wp\/v2\/posts\/32883","targetHints":{"allow":["GET"]}}],"collection":[{"href":"https:\/\/www.invarena.cz\/index.php?rest_route=\/wp\/v2\/posts"}],"about":[{"href":"https:\/\/www.invarena.cz\/index.php?rest_route=\/wp\/v2\/types\/post"}],"author":[{"embeddable":true,"href":"https:\/\/www.invarena.cz\/index.php?rest_route=\/wp\/v2\/users\/1"}],"replies":[{"embeddable":true,"href":"https:\/\/www.invarena.cz\/index.php?rest_route=%2Fwp%2Fv2%2Fcomments&post=32883"}],"version-history":[{"count":0,"href":"https:\/\/www.invarena.cz\/index.php?rest_route=\/wp\/v2\/posts\/32883\/revisions"}],"wp:featuredmedia":[{"embeddable":true,"href":"https:\/\/www.invarena.cz\/index.php?rest_route=\/wp\/v2\/media\/1944"}],"wp:attachment":[{"href":"https:\/\/www.invarena.cz\/index.php?rest_route=%2Fwp%2Fv2%2Fmedia&parent=32883"}],"wp:term":[{"taxonomy":"category","embeddable":true,"href":"https:\/\/www.invarena.cz\/index.php?rest_route=%2Fwp%2Fv2%2Fcategories&post=32883"},{"taxonomy":"post_tag","embeddable":true,"href":"https:\/\/www.invarena.cz\/index.php?rest_route=%2Fwp%2Fv2%2Ftags&post=32883"}],"curies":[{"name":"wp","href":"https:\/\/api.w.org\/{rel}","templated":true}]}}