{"id":32987,"date":"2020-01-02T10:56:43","date_gmt":"2020-01-02T09:56:43","guid":{"rendered":"http:\/\/www.invarena.cz\/?p=32987"},"modified":"2020-01-02T10:56:44","modified_gmt":"2020-01-02T09:56:44","slug":"ministerstvo-prace-a-socialnich-veci-co-se-meni-v-roce-2020","status":"publish","type":"post","link":"https:\/\/www.invarena.cz\/?p=32987","title":{"rendered":"Ministerstvo pr\u00e1ce a soci\u00e1ln\u00edch v\u011bc\u00ed: Co se m\u011bn\u00ed v roce 2020?"},"content":{"rendered":"\n<p>Stejn\u011b jako v p\u0159edchoz\u00edch letech p\u0159inese i rok 2020 v oblasti pr\u00e1ce a soci\u00e1ln\u00edch v\u011bc\u00ed \u0159adu zm\u011bn. Od ledna dojde k dal\u0161\u00edmu rekordn\u00edmu r\u016fstu d\u016fchod\u016f, minim\u00e1ln\u00ed mzdy a spolu s n\u00ed v\u0161ech \u00farovn\u00ed zaru\u010den\u00e9 mzdy. MPSV pod veden\u00edm ministryn\u011b Jany Mal\u00e1\u010dov\u00e9 (\u010cSSD) se poda\u0159ilo po dlouh\u00fdch 12 letech nal\u00e9zt podporu pro nav\u00fd\u0161en\u00ed rodi\u010dovsk\u00e9ho p\u0159\u00edsp\u011bvku.<\/p>\n\n\n\n<p>Cel\u00fd \u010dl\u00e1nek naleznete v Parlamentn\u00edch Listech: <a href=\"https:\/\/www.parlamentnilisty.cz\/zpravy\/tiskovezpravy\/Ministerstvo-prace-a-socialnich-veci-Co-se-meni-v-roce-2020-608671\" target=\"_blank\" rel=\"noreferrer noopener\" aria-label=\" (otev\u0159e se na nov\u00e9 z\u00e1lo\u017ece)\">https:\/\/www.parlamentnilisty.cz\/zpravy\/tiskovezpravy\/Ministerstvo-prace-a-socialnich-veci-Co-se-meni-v-roce-2020-608671<\/a><\/p>\n","protected":false},"excerpt":{"rendered":"<div class=\"mh-excerpt\"><p>Stejn\u011b jako v p\u0159edchoz\u00edch letech p\u0159inese i rok 2020 v oblasti pr\u00e1ce a soci\u00e1ln\u00edch v\u011bc\u00ed \u0159adu zm\u011bn. Od ledna dojde k dal\u0161\u00edmu rekordn\u00edmu r\u016fstu d\u016fchod\u016f, <a class=\"mh-excerpt-more\" href=\"https:\/\/www.invarena.cz\/?p=32987\" title=\"Ministerstvo pr\u00e1ce a soci\u00e1ln\u00edch v\u011bc\u00ed: Co se m\u011bn\u00ed v roce 2020?\">[&#8230;]<\/a><\/p>\n<\/div>","protected":false},"author":1,"featured_media":1226,"comment_status":"open","ping_status":"closed","sticky":false,"template":"","format":"standard","meta":{"footnotes":""},"categories":[9],"tags":[],"class_list":["post-32987","post","type-post","status-publish","format-standard","has-post-thumbnail","hentry","category-zpravy"],"_links":{"self":[{"href":"https:\/\/www.invarena.cz\/index.php?rest_route=\/wp\/v2\/posts\/32987","targetHints":{"allow":["GET"]}}],"collection":[{"href":"https:\/\/www.invarena.cz\/index.php?rest_route=\/wp\/v2\/posts"}],"about":[{"href":"https:\/\/www.invarena.cz\/index.php?rest_route=\/wp\/v2\/types\/post"}],"author":[{"embeddable":true,"href":"https:\/\/www.invarena.cz\/index.php?rest_route=\/wp\/v2\/users\/1"}],"replies":[{"embeddable":true,"href":"https:\/\/www.invarena.cz\/index.php?rest_route=%2Fwp%2Fv2%2Fcomments&post=32987"}],"version-history":[{"count":0,"href":"https:\/\/www.invarena.cz\/index.php?rest_route=\/wp\/v2\/posts\/32987\/revisions"}],"wp:featuredmedia":[{"embeddable":true,"href":"https:\/\/www.invarena.cz\/index.php?rest_route=\/wp\/v2\/media\/1226"}],"wp:attachment":[{"href":"https:\/\/www.invarena.cz\/index.php?rest_route=%2Fwp%2Fv2%2Fmedia&parent=32987"}],"wp:term":[{"taxonomy":"category","embeddable":true,"href":"https:\/\/www.invarena.cz\/index.php?rest_route=%2Fwp%2Fv2%2Fcategories&post=32987"},{"taxonomy":"post_tag","embeddable":true,"href":"https:\/\/www.invarena.cz\/index.php?rest_route=%2Fwp%2Fv2%2Ftags&post=32987"}],"curies":[{"name":"wp","href":"https:\/\/api.w.org\/{rel}","templated":true}]}}