{"id":32999,"date":"2020-01-02T11:46:35","date_gmt":"2020-01-02T10:46:35","guid":{"rendered":"http:\/\/www.invarena.cz\/?p=32999"},"modified":"2020-01-02T11:46:36","modified_gmt":"2020-01-02T10:46:36","slug":"vyslapem-do-doubravky-prispivaji-turiste-z-brodska-na-stezky-pro-vozickare","status":"publish","type":"post","link":"https:\/\/www.invarena.cz\/?p=32999","title":{"rendered":"V\u00fd\u0161lapem do Doubravky p\u0159isp\u00edvaj\u00ed turist\u00e9 z Brodska na stezky pro voz\u00ed\u010dk\u00e1\u0159e"},"content":{"rendered":"\n<p>Jdi na Nov\u00fd rok a p\u0159ekonej lenost. To je motto s n\u00edm\u017e se ka\u017ed\u00fd rok prvn\u00edho ledna vyd\u00e1vaj\u00ed turist\u00e9 z Havl\u00ed\u010dkobrodska do malebn\u00e9ho \u00fadol\u00ed \u0159eky Doubravy na Chot\u011bbo\u0159sku<\/p>\n\n\n\n<p>Je to a\u017e neuv\u011b\u0159iteln\u00e9, ale ka\u017edoro\u010dn\u00ed sestup do \u00fadol\u00ed \u0159eky Doubravy, kter\u00fd po\u0159\u00e1d\u00e1 odbor Klubu \u010desk\u00fdch turist\u016f (K\u010cT) Havl\u00ed\u010dk\u016fv Brod v\u017edy prvn\u00edho ledna, m\u00e1 letos u\u017e po\u0159adov\u00e9 \u010d\u00edslo 37. Pravideln\u00e1 turistick\u00e1 akce m\u00e1 ale daleko hlub\u0161\u00ed v\u00fdznam. Turist\u00e9 z Brodska se tak zapojuj\u00ed do celost\u00e1tn\u00ed akce Novoro\u010dn\u00ed \u010dty\u0159l\u00edstek, jeho\u017e c\u00edlem je vybudovat zna\u010den\u00e9 turistick\u00e9 trasy pro voz\u00ed\u010dk\u00e1\u0159e a nov\u011b i z\u00edskat pen\u00edze na bezbari\u00e9rov\u00e9 vstupy do n\u011bkter\u00fdch turistick\u00fdch chat.<\/p>\n\n\n\n<p>Leto\u0161n\u00edho v\u00fd\u0161lapu kolem Doubravy se z\u00fa\u010dastnilo asi 70\u00a0turist\u016f. Nap\u0159\u00edklad Jaroslava Kohoutov\u00e1 a Ladislav Rasocha nevynechali snad ani jednou a, jak zd\u016fraz\u0148uj\u00ed, po\u0159\u00e1d je to bav\u00ed. Zvl\u00e1\u0161\u0165 kdy\u017e t\u00edm podpo\u0159\u00ed dobrou v\u011bc.<\/p>\n\n\n\n<p>Minim\u00e1ln\u00ed v\u00fd\u0161e p\u0159\u00edsp\u011bvku od ka\u017ed\u00e9ho \u00fa\u010dastn\u00edka Novoro\u010dn\u00edho v\u00fd\u0161lapu je 20\u00a0korun. Ka\u017ed\u00fd rok tak turist\u00e9 z\u00a0Brodska po\u0161lou na dobro\u010dinn\u00e9 konto kolem \u010dty\u0159 tis\u00edcovek. <\/p>\n\n\n\n<p>\u201eKlub \u010cesk\u00fdch turist\u016f z\u00a0odboru Havl\u00ed\u010dk\u016fv Brod se do akce zapojil poprv\u00e9 v\u00a0roce 2012.\u00a0Celkov\u00e1 \u010d\u00e1stka, kterou jsme poslali na konto Novoro\u010dn\u00edho \u010dty\u0159l\u00edstku na vybudov\u00e1n\u00ed voz\u00ed\u010dk\u00e1\u0159sk\u00fdch stezek je v\u010detn\u011b roku 2019\u00a0u\u017e 33\u00a0537\u00a0korun,\u201c prozradila za brodsk\u00e9 turisty Lenka \u017d\u00e1kov\u00e1.<\/p>\n\n\n\n<p>Klub \u010cesk\u00fdch turist\u016f buduje tyto stezky pro posti\u017een\u00e9 od roku 2009.&nbsp;Jak\nvysv\u011btlila Lenka \u017d\u00e1kov\u00e1, trasy maj\u00ed t\u0159i stupn\u011b obt\u00ed\u017enosti. Modr\u00e1 je pro m\u00e9n\u011b\nzdatn\u00e9 voz\u00ed\u010dk\u00e1\u0159e. \u010cerven\u00e1 pro ty zdatn\u011bj\u0161\u00ed a \u010dern\u00e1 je pro voz\u00ed\u010dk\u00e1\u0159e\ns&nbsp;doprovodem a ter\u00e9nn\u00ed elektrick\u00e9 voz\u00edky. Ka\u017ed\u00fd rok tak vznikne nov\u00e1 trasa\npro posti\u017een\u00e9. Prvn\u00ed byla v&nbsp;Brn\u011b v&nbsp;Mari\u00e1nsk\u00e9m \u00fadol\u00ed. V&nbsp;roce\n2019&nbsp;se dokon\u010dovala stezka kolem Kr\u00e1sn\u00e9 L\u00edpy. Pen\u00edze slou\u017e\u00ed\ni&nbsp;k&nbsp;vytv\u00e1\u0159en\u00ed bezbari\u00e9rov\u00fdch vstup\u016f do n\u011bkter\u00fdch turistick\u00fdch chat.\nLoni se tak do\u010dkala \u00fapravy chata na \u010cih\u00e1ku v&nbsp;Orlick\u00fdch hor\u00e1ch.<\/p>\n\n\n\n<p>N\u00e1zev Novoro\u010dn\u00ed \u010dty\u0159l\u00edstek je podle Lenky \u017d\u00e1kov\u00e9 odvozen od \u010dty\u0159\u00a0novoro\u010dn\u00edch\u00a0dobr\u00fdch p\u0159edsevzet\u00ed, kter\u00e1 si turist\u00e9 d\u00e1vaj\u00ed. Jdi na Nov\u00fd rok na v\u00fdlet a p\u0159ekonej pohodlnost. Pozvi n\u011bkoho ze sv\u00e9ho okol\u00ed a ud\u011blej radost bli\u017en\u00edm. Poznej kus p\u0159\u00edrody a p\u0159isp\u011bj pot\u0159ebn\u00fdm.<\/p>\n\n\n\n<p>Havl\u00ed\u010dkobrodsk\u00fd Klub \u010desk\u00fdch turist\u016f (K\u010cT) pat\u0159\u00ed k\u00a0nejaktivn\u011bj\u0161\u00edm v\u00a0kraji, sdru\u017euje v\u00edce ne\u017e t\u0159i stovky \u010dlen\u016f. Ka\u017edoro\u010dn\u011b se \u00fa\u010dastn\u00ed v\u00edce ne\u017e t\u0159\u00edstovek akc\u00ed.<\/p>\n\n\n\n<p>Pl\u00e1nuj\u00ed i\u00a0do budoucna. Nap\u0159\u00edklad podle Ladislava Rasochy by si Havl\u00ed\u010dkobrodsko zaslou\u017eilo rozhlednu.<\/p>\n\n\n\n<p>\u201eN\u00e1\u0161 okres je v podstat\u011b jedin\u00fd, ve kter\u00e9m n\u00e1v\u0161t\u011bvn\u00edci \u017e\u00e1dnou rozhlednu nenajdou. Je na \u010dase za\u010d\u00edt uva\u017eovat o zm\u011bn\u011b. Vhodn\u00e9 kopce bychom tady ur\u010dit\u011b na\u0161li,&#8220; podotkl se Rasocha.<\/p>\n\n\n\n<p>\u0160t\u011bp\u00e1nka Saadouni<\/p>\n\n\n\n<p>denik.cz: <a href=\"https:\/\/www.denik.cz\/regiony\/vyslapem-do-doubravky-prispivaji-turiste-z-brodska-na-stezky-pro-vozickare-20200102.html\" target=\"_blank\" rel=\"noreferrer noopener\" aria-label=\" (otev\u0159e se na nov\u00e9 z\u00e1lo\u017ece)\">https:\/\/www.denik.cz\/regiony\/vyslapem-do-doubravky-prispivaji-turiste-z-brodska-na-stezky-pro-vozickare-20200102.html<\/a><br><\/p>\n","protected":false},"excerpt":{"rendered":"<div class=\"mh-excerpt\"><p>Jdi na Nov\u00fd rok a p\u0159ekonej lenost. To je motto s n\u00edm\u017e se ka\u017ed\u00fd rok prvn\u00edho ledna vyd\u00e1vaj\u00ed turist\u00e9 z Havl\u00ed\u010dkobrodska do malebn\u00e9ho \u00fadol\u00ed \u0159eky <a class=\"mh-excerpt-more\" href=\"https:\/\/www.invarena.cz\/?p=32999\" title=\"V\u00fd\u0161lapem do Doubravky p\u0159isp\u00edvaj\u00ed turist\u00e9 z Brodska na stezky pro voz\u00ed\u010dk\u00e1\u0159e\">[&#8230;]<\/a><\/p>\n<\/div>","protected":false},"author":1,"featured_media":12418,"comment_status":"open","ping_status":"closed","sticky":false,"template":"","format":"standard","meta":{"footnotes":""},"categories":[9],"tags":[],"class_list":["post-32999","post","type-post","status-publish","format-standard","has-post-thumbnail","hentry","category-zpravy"],"_links":{"self":[{"href":"https:\/\/www.invarena.cz\/index.php?rest_route=\/wp\/v2\/posts\/32999","targetHints":{"allow":["GET"]}}],"collection":[{"href":"https:\/\/www.invarena.cz\/index.php?rest_route=\/wp\/v2\/posts"}],"about":[{"href":"https:\/\/www.invarena.cz\/index.php?rest_route=\/wp\/v2\/types\/post"}],"author":[{"embeddable":true,"href":"https:\/\/www.invarena.cz\/index.php?rest_route=\/wp\/v2\/users\/1"}],"replies":[{"embeddable":true,"href":"https:\/\/www.invarena.cz\/index.php?rest_route=%2Fwp%2Fv2%2Fcomments&post=32999"}],"version-history":[{"count":0,"href":"https:\/\/www.invarena.cz\/index.php?rest_route=\/wp\/v2\/posts\/32999\/revisions"}],"wp:featuredmedia":[{"embeddable":true,"href":"https:\/\/www.invarena.cz\/index.php?rest_route=\/wp\/v2\/media\/12418"}],"wp:attachment":[{"href":"https:\/\/www.invarena.cz\/index.php?rest_route=%2Fwp%2Fv2%2Fmedia&parent=32999"}],"wp:term":[{"taxonomy":"category","embeddable":true,"href":"https:\/\/www.invarena.cz\/index.php?rest_route=%2Fwp%2Fv2%2Fcategories&post=32999"},{"taxonomy":"post_tag","embeddable":true,"href":"https:\/\/www.invarena.cz\/index.php?rest_route=%2Fwp%2Fv2%2Ftags&post=32999"}],"curies":[{"name":"wp","href":"https:\/\/api.w.org\/{rel}","templated":true}]}}