{"id":33006,"date":"2020-01-03T10:40:42","date_gmt":"2020-01-03T09:40:42","guid":{"rendered":"http:\/\/www.invarena.cz\/?p=33006"},"modified":"2020-01-03T10:40:43","modified_gmt":"2020-01-03T09:40:43","slug":"firma-zakoupila-vozicek-pro-chlapce-po-obrne","status":"publish","type":"post","link":"https:\/\/www.invarena.cz\/?p=33006","title":{"rendered":"Firma zakoupila voz\u00ed\u010dek pro chlapce po obrn\u011b"},"content":{"rendered":"\n<p>Ka\u017ed\u00fd rok veden\u00ed firmy uvoln\u00ed \u010d\u00e1stku, kter\u00e1 je charitativn\u00edm v\u00fdborem rozd\u011blena na jednotliv\u00e9 projekty v pr\u016fb\u011bhu dan\u00e9ho kalend\u00e1\u0159n\u00edho roku. <br><br>Ve spole\u010dnosti Krofian si uv\u011bdomujeme, \u017ee ne ka\u017ed\u00fd m\u00e1 v \u017eivot\u011b to \u0161t\u011bst\u00ed a narod\u00ed se zdrav\u00fd nebo v t\u00e9 bohat\u0161\u00ed \u010d\u00e1sti sv\u011bta. Proto veden\u00ed i zam\u011bstnanci firmy vn\u00edmaj\u00ed jako svou povinnost a spole\u010denskou odpov\u011bdnost pom\u00e1hat druh\u00fdm a p\u0159isp\u00edvat tak alespo\u0148 trochu k lep\u0161\u00ed spole\u010dnosti.<\/p>\n\n\n\n<p>Na podzim tak zakoupili invalidn\u00ed voz\u00ed\u010dek pro Petra \u017divsu. Petr se narodil v z\u00e1\u0159\u00ed 2001 v nemocnici v \u010cesk\u00e9 L\u00edp\u011b. I p\u0159es naprosto bezprobl\u00e9mov\u00e9 t\u011bhotenstv\u00ed do\u0161lo p\u0159i porodu ke komplikac\u00edm (asfyxie, resuscitace), v jejich\u017e d\u016fsledku je posti\u017een d\u011btskou mozkovou obrnou, ke kter\u00e9 se pozd\u011bji p\u0159idala epilepsie.<\/p>\n\n\n\n<p>Petr je po t\u011blesn\u00e9 str\u00e1nce zcela nehybn\u00fd. Skv\u011ble ale vn\u00edm\u00e1 a d\u00edky alternativn\u00edm metod\u00e1m komunikace se dorozum\u00edv\u00e1 s nejbli\u017e\u0161\u00edm okol\u00edm. \u017dije v obci Sloup v \u010cech\u00e1ch se sv\u00fdmi rodi\u010di, mlad\u0161\u00ed sest\u0159i\u010dkou a br\u00e1\u0161kou. Na n\u011bkolik hodin denn\u011b nav\u0161t\u011bvuje speci\u00e1ln\u00ed \u0161kolu pro zdravotn\u011b posti\u017een\u00e9 v \u010cesk\u00e9 L\u00edp\u011b, kde se vzd\u011bl\u00e1v\u00e1 pod dohledem Speci\u00e1ln\u00edho pedagogick\u00e9ho centra pro zdravotn\u011b posti\u017een\u00e9 v Liberci. To pro n\u011bj p\u0159ipravilo speci\u00e1ln\u00ed vzd\u011bl\u00e1vac\u00ed a integra\u010dn\u00ed program. Miluje va\u0159en\u00ed, hudbu a z\u00e1bavu v jak\u00e9koliv podob\u011b.<\/p>\n\n\n\n<p>Voz\u00ed\u010dek v cen\u011b 65 000 K\u010d jsme p\u0159edali osobn\u011b v prostor\u00e1ch firmy.<\/p>\n\n\n\n<p>Alena Krofi\u00e1nov\u00e1<\/p>\n\n\n\n<p>\u010ceskolipsk\u00fd den\u00edk<\/p>\n\n\n\n<p><a rel=\"noreferrer noopener\" aria-label=\" (otev\u0159e se na nov\u00e9 z\u00e1lo\u017ece)\" href=\"https:\/\/ceskolipsky.denik.cz\/\" target=\"_blank\">https:\/\/ceskolipsky.denik.cz\/<\/a><br><br><\/p>\n","protected":false},"excerpt":{"rendered":"<div class=\"mh-excerpt\"><p>Ka\u017ed\u00fd rok veden\u00ed firmy uvoln\u00ed \u010d\u00e1stku, kter\u00e1 je charitativn\u00edm v\u00fdborem rozd\u011blena na jednotliv\u00e9 projekty v pr\u016fb\u011bhu dan\u00e9ho kalend\u00e1\u0159n\u00edho roku. Ve spole\u010dnosti Krofian si uv\u011bdomujeme, \u017ee <a class=\"mh-excerpt-more\" href=\"https:\/\/www.invarena.cz\/?p=33006\" title=\"Firma zakoupila voz\u00ed\u010dek pro chlapce po obrn\u011b\">[&#8230;]<\/a><\/p>\n<\/div>","protected":false},"author":1,"featured_media":600,"comment_status":"open","ping_status":"closed","sticky":false,"template":"","format":"standard","meta":{"footnotes":""},"categories":[9],"tags":[],"class_list":["post-33006","post","type-post","status-publish","format-standard","has-post-thumbnail","hentry","category-zpravy"],"_links":{"self":[{"href":"https:\/\/www.invarena.cz\/index.php?rest_route=\/wp\/v2\/posts\/33006","targetHints":{"allow":["GET"]}}],"collection":[{"href":"https:\/\/www.invarena.cz\/index.php?rest_route=\/wp\/v2\/posts"}],"about":[{"href":"https:\/\/www.invarena.cz\/index.php?rest_route=\/wp\/v2\/types\/post"}],"author":[{"embeddable":true,"href":"https:\/\/www.invarena.cz\/index.php?rest_route=\/wp\/v2\/users\/1"}],"replies":[{"embeddable":true,"href":"https:\/\/www.invarena.cz\/index.php?rest_route=%2Fwp%2Fv2%2Fcomments&post=33006"}],"version-history":[{"count":0,"href":"https:\/\/www.invarena.cz\/index.php?rest_route=\/wp\/v2\/posts\/33006\/revisions"}],"wp:featuredmedia":[{"embeddable":true,"href":"https:\/\/www.invarena.cz\/index.php?rest_route=\/wp\/v2\/media\/600"}],"wp:attachment":[{"href":"https:\/\/www.invarena.cz\/index.php?rest_route=%2Fwp%2Fv2%2Fmedia&parent=33006"}],"wp:term":[{"taxonomy":"category","embeddable":true,"href":"https:\/\/www.invarena.cz\/index.php?rest_route=%2Fwp%2Fv2%2Fcategories&post=33006"},{"taxonomy":"post_tag","embeddable":true,"href":"https:\/\/www.invarena.cz\/index.php?rest_route=%2Fwp%2Fv2%2Ftags&post=33006"}],"curies":[{"name":"wp","href":"https:\/\/api.w.org\/{rel}","templated":true}]}}