{"id":33009,"date":"2020-01-03T10:50:00","date_gmt":"2020-01-03T09:50:00","guid":{"rendered":"http:\/\/www.invarena.cz\/?p=33009"},"modified":"2020-01-03T10:50:01","modified_gmt":"2020-01-03T09:50:01","slug":"na-radnici-zmizely-bariery-postizenym-pomuze-vytah","status":"publish","type":"post","link":"https:\/\/www.invarena.cz\/?p=33009","title":{"rendered":"Na radnici zmizely bari\u00e9ry. Posti\u017een\u00fdm pom\u016f\u017ee v\u00fdtah"},"content":{"rendered":"\n<p>Lidem na voz\u00ed\u010dku nebo o berl\u00edch se po Nov\u00e9m roce v\u00fdrazn\u011b usnadnilo vy\u0159izov\u00e1n\u00ed z\u00e1le\u017eitost\u00ed na M\u011bstsk\u00e9m \u00fa\u0159ad\u011b ve Str\u00e1\u017enici na Hodon\u00ednsku. Stavebn\u00ed d\u011bln\u00edci toti\u017e dokon\u010dili bezbari\u00e9rov\u00e9 \u00fapravy radnice.<\/p>\n\n\n\n<p>Str\u00e1\u017enice \u2013 P\u0159\u00edchoz\u00ed mohou nov\u011b vyjet za \u00fa\u0159edn\u00edky v\u00fdtahem. &#8222;Mysl\u00edm, \u017ee jej vyu\u017eij\u00ed hlavn\u011b ti, kdo naho\u0159e pot\u0159ebuj\u00ed vy\u0159\u00eddit z\u00e1le\u017eitosti na finan\u010dn\u00edm odboru, nap\u0159\u00edklad co se t\u00fdk\u00e1 poplatk\u016f za svoz odpadu. Tyto \u00fapravy velice v\u00edt\u00e1me,&#8220; \u0159ekla p\u0159edsedkyn\u011b str\u00e1\u017enick\u00e9ho Svazu zdravotn\u011b posti\u017een\u00fdch Bo\u017eena Pozneck\u00e1.<\/p>\n\n\n\n<p>Pr\u00e1ce na bezbari\u00e9rov\u00e9m p\u0159\u00edstupu skon\u010dily kr\u00e1tce p\u0159ed V\u00e1nocemi. &#8222;K tomu jsme je\u0161t\u011b nechali v p\u0159\u00edzem\u00ed budovy opravit soci\u00e1ln\u00ed za\u0159\u00edzen\u00ed. Pro t\u011blesn\u011b posti\u017een\u00e9 je p\u0159ipraven\u00e1 i nov\u00e1 bezbari\u00e9rov\u00e1 toaleta,&#8220; p\u0159ibl\u00ed\u017eil vedouc\u00ed investi\u010dn\u00edho odboru str\u00e1\u017enick\u00e9 radnice Petr Hel\u00edsek. Dodal, \u017ee nav\u00edc je opraven\u00fd i chodn\u00edk od n\u00e1m\u011bst\u00ed Svobody po z\u00e1kladn\u00ed um\u011bleckou \u0161kolu.<\/p>\n\n\n\n<p>Stavebn\u00ed pr\u00e1ce vy\u0161ly m\u011bsto na p\u011bt a p\u016fl milionu korun, v\u00edce ne\u017e milion pokryje dotace z ministerstva pro m\u00edstn\u00ed rozvoj.<\/p>\n\n\n\n<p>Blanensk\u00fd den\u00edk<\/p>\n\n\n\n<p><a rel=\"noreferrer noopener\" aria-label=\" (otev\u0159e se na nov\u00e9 z\u00e1lo\u017ece)\" href=\"http:\/\/blanensky.denik.cz\/\" target=\"_blank\">http:\/\/blanensky.denik.cz\/<\/a><\/p>\n","protected":false},"excerpt":{"rendered":"<div class=\"mh-excerpt\"><p>Lidem na voz\u00ed\u010dku nebo o berl\u00edch se po Nov\u00e9m roce v\u00fdrazn\u011b usnadnilo vy\u0159izov\u00e1n\u00ed z\u00e1le\u017eitost\u00ed na M\u011bstsk\u00e9m \u00fa\u0159ad\u011b ve Str\u00e1\u017enici na Hodon\u00ednsku. Stavebn\u00ed d\u011bln\u00edci toti\u017e dokon\u010dili <a class=\"mh-excerpt-more\" href=\"https:\/\/www.invarena.cz\/?p=33009\" title=\"Na radnici zmizely bari\u00e9ry. Posti\u017een\u00fdm pom\u016f\u017ee v\u00fdtah\">[&#8230;]<\/a><\/p>\n<\/div>","protected":false},"author":1,"featured_media":4719,"comment_status":"open","ping_status":"closed","sticky":false,"template":"","format":"standard","meta":{"footnotes":""},"categories":[9],"tags":[],"class_list":["post-33009","post","type-post","status-publish","format-standard","has-post-thumbnail","hentry","category-zpravy"],"_links":{"self":[{"href":"https:\/\/www.invarena.cz\/index.php?rest_route=\/wp\/v2\/posts\/33009","targetHints":{"allow":["GET"]}}],"collection":[{"href":"https:\/\/www.invarena.cz\/index.php?rest_route=\/wp\/v2\/posts"}],"about":[{"href":"https:\/\/www.invarena.cz\/index.php?rest_route=\/wp\/v2\/types\/post"}],"author":[{"embeddable":true,"href":"https:\/\/www.invarena.cz\/index.php?rest_route=\/wp\/v2\/users\/1"}],"replies":[{"embeddable":true,"href":"https:\/\/www.invarena.cz\/index.php?rest_route=%2Fwp%2Fv2%2Fcomments&post=33009"}],"version-history":[{"count":0,"href":"https:\/\/www.invarena.cz\/index.php?rest_route=\/wp\/v2\/posts\/33009\/revisions"}],"wp:featuredmedia":[{"embeddable":true,"href":"https:\/\/www.invarena.cz\/index.php?rest_route=\/wp\/v2\/media\/4719"}],"wp:attachment":[{"href":"https:\/\/www.invarena.cz\/index.php?rest_route=%2Fwp%2Fv2%2Fmedia&parent=33009"}],"wp:term":[{"taxonomy":"category","embeddable":true,"href":"https:\/\/www.invarena.cz\/index.php?rest_route=%2Fwp%2Fv2%2Fcategories&post=33009"},{"taxonomy":"post_tag","embeddable":true,"href":"https:\/\/www.invarena.cz\/index.php?rest_route=%2Fwp%2Fv2%2Ftags&post=33009"}],"curies":[{"name":"wp","href":"https:\/\/api.w.org\/{rel}","templated":true}]}}