{"id":33012,"date":"2020-01-03T10:55:38","date_gmt":"2020-01-03T09:55:38","guid":{"rendered":"http:\/\/www.invarena.cz\/?p=33012"},"modified":"2020-01-03T10:55:39","modified_gmt":"2020-01-03T09:55:39","slug":"hlavni-posta-v-trebici-je-stale-plna-barier","status":"publish","type":"post","link":"https:\/\/www.invarena.cz\/?p=33012","title":{"rendered":"Hlavn\u00ed po\u0161ta v T\u0159eb\u00ed\u010di je st\u00e1le pln\u00e1 bari\u00e9r"},"content":{"rendered":"\n<p>Lid\u00e9 se k p\u0159ep\u00e1\u017ek\u00e1m dostanou jen po schodech. St\u00e1tn\u00ed podnik slibuje, \u017ee \u0159e\u0161en\u00ed najde na ja\u0159e.<\/p>\n\n\n\n<p>T\u0159eb\u00ed\u010d \u2013 Je a\u017e k nev\u00ed\u0159e, \u017ee v dne\u0161n\u00ed dob\u011b bezbari\u00e9rov\u00fdch chodn\u00edk\u016f, autobus\u016f, vlak\u016f, toalet, byt\u016f, dokonce i rozhleden existuje v T\u0159eb\u00ed\u010di ve\u0159ejn\u00e1 budova, kterou denn\u011b nav\u0161t\u00edv\u00ed v\u00edc ne\u017e tis\u00edc lid\u00ed a je pln\u00e1 p\u0159ek\u00e1\u017eek, krout\u00ed hlavou T\u0159eb\u00ed\u010dan Rostislav Nov\u00e1k. Na mysli m\u00e1 rozpadaj\u00edc\u00ed se objekt hlavn\u00ed po\u0161ty v ulici Smila Osovsk\u00e9ho v sam\u00e9m centru m\u011bsta. Nejv\u00edc jej \u0161tve, \u017ee na lidi s hendikepem nebo maminky s ko\u010d\u00e1rky \u010dek\u00e1 p\u0159i cest\u011b k p\u0159ep\u00e1\u017ek\u00e1m v prvn\u00edm pat\u0159e schodi\u0161t\u011b.<\/p>\n\n\n\n<p>&#8222;Sta\u010dilo by p\u0159itom jen zrekonstruovat n\u00e1kladn\u00ed v\u00fdtah ve vstupn\u00ed chodb\u011b na v\u00fdtah osobn\u00ed. Je p\u0159ece tolik lid\u00ed, kter\u00e9 stoup\u00e1n\u00ed po schodech nesm\u00edrn\u011b zat\u011b\u017euje,&#8220; zd\u016fraz\u0148uje Nov\u00e1k.<\/p>\n\n\n\n<p>Jako nespokojen\u00fd klient napsal st\u00e1tn\u00edmu podniku \u010cesk\u00e1 po\u0161ta, aby se situac\u00ed n\u011bco d\u011blal. Je p\u0159esv\u011bd\u010den\u00fd, \u017ee by mohlo pomoci i m\u011bsto.<\/p>\n\n\n\n<p>&#8222;Historick\u00e1 budova, star\u00e1 sto dvacet let, nen\u00ed pam\u00e1tkov\u011b chr\u00e1n\u011bn\u00e1. Nemluvili by do toho pam\u00e1tk\u00e1\u0159i, t\u00edm sp\u00ed\u0161 by to n\u011bjak mohlo j\u00edt,&#8220; mysl\u00ed si Novotn\u00fd.<\/p>\n\n\n\n<p>Z pra\u017esk\u00e9ho veden\u00ed \u010cesk\u00e9 po\u0161ty z Prahy mu odpov\u011bd\u011bli, \u017ee to budou \u0159e\u0161it a\u017e s celkovou rekonstrukc\u00ed budovy. Kdy se na ni chystaj\u00ed, ale z odpov\u011bdi nebylo jasn\u00e9.<\/p>\n\n\n\n<p>Mluv\u010d\u00ed po\u0161ty Maty\u00e1\u0161 Vit\u00edk pro Den\u00edk nazna\u010dil, \u017ee se o ch\u00e1traj\u00edc\u00ed po\u0161t\u011b v T\u0159eb\u00ed\u010di nyn\u00ed za\u010dne v podniku v\u00edc mluvit. &#8222;Nyn\u00ed vyhodnocujeme mo\u017enosti, jak zlep\u0161it z\u00e1kaznick\u00fd a zam\u011bstnaneck\u00fd standard na po\u0161t\u011b v T\u0159eb\u00ed\u010di. Jednou z mo\u017enost\u00ed je rekonstrukce pobo\u010dky, p\u0159\u00edpadn\u011b prodej budovy s t\u00edm, \u017ee po\u0161ta by z\u016fstala na sv\u00e9m m\u00edst\u011b. V prvn\u00edm \u010dtvrtlet\u00ed bude jasn\u00e9, jakou cestou se vyd\u00e1me,&#8220; sd\u011blil.<\/p>\n\n\n\n<p>&#8222;Pokud hendikepovan\u00fd z\u00e1kazn\u00edk nebo maminka s ko\u010d\u00e1rkem p\u0159ijdou na po\u0161tu, je mo\u017en\u00e9 vyu\u017e\u00edt zvonek pro p\u0159ivol\u00e1n\u00ed obsluhy a domluvit si vy\u0159\u00edzen\u00ed po\u0161tovn\u00edch z\u00e1le\u017eitost\u00ed,&#8220; doplnil.<\/p>\n\n\n\n<p>Den\u00edk oslovil s dotazem na \u00farove\u0148 hlavn\u00ed po\u0161ty i t\u0159eb\u00ed\u010dskou radnici. &#8222;U\u017e jsme o tom d\u0159\u00edve jednali. Budova je ve vlastnictv\u00ed po\u0161ty a my ji nem\u016f\u017eeme nutit ke stavebn\u00edm \u00faprav\u00e1m. Chceme ale co nejd\u0159\u00edve za\u010d\u00edt jednat pr\u00e1v\u011b sm\u011brem ke zlep\u0161en\u00ed p\u0159\u00edstupnosti,&#8220; reagovala mluv\u010d\u00ed radnice Irini Martakidisov\u00e1.<\/p>\n\n\n\n<p>Mezi lidmi se objevila i spekulace, \u017ee chce \u010cesk\u00e1 po\u0161ta budovu zav\u0159\u00edt a z\u0159\u00eddit hlavn\u00ed objekt ve \u017d\u010f\u00e1rsk\u00e9ho ulici na okraji m\u011bsta, kde m\u00e1 depo. To mluv\u010d\u00ed Vit\u00edk ozna\u010dil jako nepravdu. &#8222;Hlavn\u00ed po\u0161ta z\u016fstane i v budoucnu na sv\u00e9m m\u00edst\u011b,&#8220; zd\u016fraznil.<\/p>\n\n\n\n<p>HANA JAKUBCOV\u00c1<\/p>\n\n\n\n<p>T\u0159eb\u00ed\u010dsk\u00fd den\u00edk<\/p>\n\n\n\n<p><a rel=\"noreferrer noopener\" aria-label=\" (otev\u0159e se na nov\u00e9 z\u00e1lo\u017ece)\" href=\"http:\/\/www.trebicsky.denik.cz\/\" target=\"_blank\">http:\/\/www.trebicsky.denik.cz\/<\/a><\/p>\n","protected":false},"excerpt":{"rendered":"<div class=\"mh-excerpt\"><p>Lid\u00e9 se k p\u0159ep\u00e1\u017ek\u00e1m dostanou jen po schodech. St\u00e1tn\u00ed podnik slibuje, \u017ee \u0159e\u0161en\u00ed najde na ja\u0159e. T\u0159eb\u00ed\u010d \u2013 Je a\u017e k nev\u00ed\u0159e, \u017ee v dne\u0161n\u00ed <a class=\"mh-excerpt-more\" href=\"https:\/\/www.invarena.cz\/?p=33012\" title=\"Hlavn\u00ed po\u0161ta v T\u0159eb\u00ed\u010di je st\u00e1le pln\u00e1 bari\u00e9r\">[&#8230;]<\/a><\/p>\n<\/div>","protected":false},"author":1,"featured_media":14825,"comment_status":"open","ping_status":"closed","sticky":false,"template":"","format":"standard","meta":{"footnotes":""},"categories":[9],"tags":[],"class_list":["post-33012","post","type-post","status-publish","format-standard","has-post-thumbnail","hentry","category-zpravy"],"_links":{"self":[{"href":"https:\/\/www.invarena.cz\/index.php?rest_route=\/wp\/v2\/posts\/33012","targetHints":{"allow":["GET"]}}],"collection":[{"href":"https:\/\/www.invarena.cz\/index.php?rest_route=\/wp\/v2\/posts"}],"about":[{"href":"https:\/\/www.invarena.cz\/index.php?rest_route=\/wp\/v2\/types\/post"}],"author":[{"embeddable":true,"href":"https:\/\/www.invarena.cz\/index.php?rest_route=\/wp\/v2\/users\/1"}],"replies":[{"embeddable":true,"href":"https:\/\/www.invarena.cz\/index.php?rest_route=%2Fwp%2Fv2%2Fcomments&post=33012"}],"version-history":[{"count":0,"href":"https:\/\/www.invarena.cz\/index.php?rest_route=\/wp\/v2\/posts\/33012\/revisions"}],"wp:featuredmedia":[{"embeddable":true,"href":"https:\/\/www.invarena.cz\/index.php?rest_route=\/wp\/v2\/media\/14825"}],"wp:attachment":[{"href":"https:\/\/www.invarena.cz\/index.php?rest_route=%2Fwp%2Fv2%2Fmedia&parent=33012"}],"wp:term":[{"taxonomy":"category","embeddable":true,"href":"https:\/\/www.invarena.cz\/index.php?rest_route=%2Fwp%2Fv2%2Fcategories&post=33012"},{"taxonomy":"post_tag","embeddable":true,"href":"https:\/\/www.invarena.cz\/index.php?rest_route=%2Fwp%2Fv2%2Ftags&post=33012"}],"curies":[{"name":"wp","href":"https:\/\/api.w.org\/{rel}","templated":true}]}}