{"id":33015,"date":"2020-01-03T11:01:16","date_gmt":"2020-01-03T10:01:16","guid":{"rendered":"http:\/\/www.invarena.cz\/?p=33015"},"modified":"2020-01-03T11:01:17","modified_gmt":"2020-01-03T10:01:17","slug":"vytah-v-divadle-je-ve-zkusebnim-provozu","status":"publish","type":"post","link":"https:\/\/www.invarena.cz\/?p=33015","title":{"rendered":"V\u00fdtah v divadle je ve zku\u0161ebn\u00edm provozu"},"content":{"rendered":"\n<p>Po dlouh\u00fdch letech se nyn\u00ed p\u0159\u00edbramsk\u00fd kulturn\u00ed d\u016fm kone\u010dn\u011b otev\u0159el i voz\u00ed\u010dk\u00e1\u0159\u016fm a lidem se sn\u00ed\u017eenu mobilitou. Kr\u00e1tce p\u0159ed sv\u00e1tky byl zkolaudov\u00e1n v\u00fdtah, o jeho\u017e stavb\u011b se mluvilo \u0159adu let.  <\/p>\n\n\n\n<p>P\u0159\u00edbram \u2013 V\u00fdtah byl do zku\u0161ebn\u00edho provozu uveden\u00fd v p\u00e1tek 27. prosince a je ur\u010den\u00fd v\u00fdhradn\u011b zdravotn\u011b handicapovan\u00fdm n\u00e1v\u0161t\u011bvn\u00edk\u016fm divadla, kina \u010di dal\u0161\u00edch kulturn\u00edch \u010di spole\u010densk\u00fdch akc\u00ed v kulturn\u00edm dom\u011b. V\u00fdtah je v provozu s obsluhou person\u00e1lu divadla. <\/p>\n\n\n\n<p>Na velk\u00e9 i mal\u00e9 sc\u00e9n\u011b jsou k dispozici dv\u011b m\u00edsta pro invalidn\u00ed voz\u00edk, v kin\u011b je m\u00edst 10 a estr\u00e1dn\u00ed s\u00e1l je bez omezen\u00ed. &#8222;Upozor\u0148ujeme, \u017ee zdravotn\u011b handicapovan\u00ed, zrovna tak, jako ostatn\u00ed div\u00e1ci, nebudou po za\u010d\u00e1tku p\u0159edstaven\u00ed vpu\u0161t\u011bni do s\u00e1lu,&#8220; p\u0159ipom\u00edn\u00e1 z\u00e1stupkyn\u011b \u0159editele p\u0159\u00edbramsk\u00e9ho divadla Anna \u010ciperov\u00e1. <\/p>\n\n\n\n<p>Stavba v\u00fdtahu st\u00e1la 6 758 082 K\u010d v\u010detn\u011b DPH a m\u011bsto na ni z\u00edskalo dotace z Ministerstva kultury \u010cR ve v\u00fd\u0161i 70 procent uznateln\u00fdch n\u00e1klad\u016f.<\/p>\n\n\n\n<p>&#8222;V p\u0159\u00ed\u0161t\u00edm roce budeme v bezbari\u00e9rov\u00e9m p\u0159\u00edstupu kulturn\u00edho domu pokra\u010dovat, dojde k \u00faprav\u00e1m p\u0159\u00edstupov\u00fdch cest od autobusov\u00fdch zast\u00e1vek,&#8220; uvedl starosta m\u011bsta Jan Konvalinka.<\/p>\n\n\n\n<p>P\u0159\u00edbramsk\u00fd den\u00edk<\/p>\n\n\n\n<p><a rel=\"noreferrer noopener\" aria-label=\" (otev\u0159e se na nov\u00e9 z\u00e1lo\u017ece)\" href=\"http:\/\/www.pribramsky.denik.cz\/\" target=\"_blank\">http:\/\/www.pribramsky.denik.cz\/<\/a><\/p>\n","protected":false},"excerpt":{"rendered":"<div class=\"mh-excerpt\"><p>Po dlouh\u00fdch letech se nyn\u00ed p\u0159\u00edbramsk\u00fd kulturn\u00ed d\u016fm kone\u010dn\u011b otev\u0159el i voz\u00ed\u010dk\u00e1\u0159\u016fm a lidem se sn\u00ed\u017eenu mobilitou. Kr\u00e1tce p\u0159ed sv\u00e1tky byl zkolaudov\u00e1n v\u00fdtah, o jeho\u017e <a class=\"mh-excerpt-more\" href=\"https:\/\/www.invarena.cz\/?p=33015\" title=\"V\u00fdtah v divadle je ve zku\u0161ebn\u00edm provozu\">[&#8230;]<\/a><\/p>\n<\/div>","protected":false},"author":1,"featured_media":20251,"comment_status":"open","ping_status":"closed","sticky":false,"template":"","format":"standard","meta":{"footnotes":""},"categories":[9],"tags":[],"class_list":["post-33015","post","type-post","status-publish","format-standard","has-post-thumbnail","hentry","category-zpravy"],"_links":{"self":[{"href":"https:\/\/www.invarena.cz\/index.php?rest_route=\/wp\/v2\/posts\/33015","targetHints":{"allow":["GET"]}}],"collection":[{"href":"https:\/\/www.invarena.cz\/index.php?rest_route=\/wp\/v2\/posts"}],"about":[{"href":"https:\/\/www.invarena.cz\/index.php?rest_route=\/wp\/v2\/types\/post"}],"author":[{"embeddable":true,"href":"https:\/\/www.invarena.cz\/index.php?rest_route=\/wp\/v2\/users\/1"}],"replies":[{"embeddable":true,"href":"https:\/\/www.invarena.cz\/index.php?rest_route=%2Fwp%2Fv2%2Fcomments&post=33015"}],"version-history":[{"count":0,"href":"https:\/\/www.invarena.cz\/index.php?rest_route=\/wp\/v2\/posts\/33015\/revisions"}],"wp:featuredmedia":[{"embeddable":true,"href":"https:\/\/www.invarena.cz\/index.php?rest_route=\/wp\/v2\/media\/20251"}],"wp:attachment":[{"href":"https:\/\/www.invarena.cz\/index.php?rest_route=%2Fwp%2Fv2%2Fmedia&parent=33015"}],"wp:term":[{"taxonomy":"category","embeddable":true,"href":"https:\/\/www.invarena.cz\/index.php?rest_route=%2Fwp%2Fv2%2Fcategories&post=33015"},{"taxonomy":"post_tag","embeddable":true,"href":"https:\/\/www.invarena.cz\/index.php?rest_route=%2Fwp%2Fv2%2Ftags&post=33015"}],"curies":[{"name":"wp","href":"https:\/\/api.w.org\/{rel}","templated":true}]}}