{"id":33021,"date":"2020-01-03T12:10:40","date_gmt":"2020-01-03T11:10:40","guid":{"rendered":"http:\/\/www.invarena.cz\/?p=33021"},"modified":"2020-01-06T09:52:47","modified_gmt":"2020-01-06T08:52:47","slug":"mam-dmo-a-ztp-p-mam-narok-na-auto","status":"publish","type":"post","link":"https:\/\/www.invarena.cz\/?p=33021","title":{"rendered":"M\u00e1m DMO a ZTP\/P. M\u00e1m n\u00e1rok na auto?"},"content":{"rendered":"\n<p><strong>DOTAZ: pe\u010duj\u00ed o \u010dlov\u011bka posti\u017een\u00e9ho d\u011btskou mozkovou obrnou , m\u00e1 pr\u00fakazku ZTP\/P 3 st. M\u00e1 n\u00e1rok na p\u0159\u00edsp\u011bvek na auto? <\/strong><\/p>\n\n\n\n<p><strong>Odpov\u011b\u010f<\/strong>: <\/p>\n\n\n\n<p><strong>N\u00e1rok na p\u0159\u00edsp\u011bvek na auto jako na zvl\u00e1\u0161tn\u00ed pom\u016fcku <\/strong> <strong>maj\u00ed pouze osoby s t\u011b\u017ekou vadou nebo pohybov\u00e9ho \u00fastroj\u00ed anebo osoby s t\u011b\u017ekou nebo hlubokou ment\u00e1ln\u00ed retardac\u00ed<\/strong>.<\/p>\n\n\n\n<p>Konkr\u00e9tn\u011b jde t\u0159eba o osoby s neurologick\u00fdmi diagn\u00f3zami jako je pr\u00e1v\u011b  <strong>d\u011btsk\u00e1 mozkov\u00e1 obrna, <\/strong>a to v p\u0159\u00edpad\u011b, \u017ee jsou posti\u017eeny (ovykle par\u00e9zou) v\u0161echny \u010dty\u0159i kon\u010detiny.  <\/p>\n\n\n\n<p>Vzhledem k tomu, \u017ee m\u00e1 pr\u016fkaz ZTP\/P a invaliditu 3. stupn\u011b, p\u0159edpokl\u00e1d\u00e1m, \u017ee z\u00e1va\u017enost posti\u017een\u00ed je zna\u010dn\u00e1 a \u017ee m\u00e1te velmi vysokou pravd\u011bpodobnost p\u0159izn\u00e1n\u00ed n\u00e1roku na tento typ p\u0159\u00edsp\u011bvku.  Zb\u00fdv\u00e1 jen p\u0159edlo\u017eit \u017e\u00e1dost s p\u0159\u00edslu\u0161nou zdravotn\u00ed dokumentac\u00ed obsahuj\u00edc\u00ed zejm\u00e9na aktu\u00e1ln\u00ed l\u00e9ka\u0159skou zpr\u00e1vu o shora zm\u00edn\u011bn\u00e9 diagn\u00f3ze. <\/p>\n\n\n\n<p>redakce invArena<\/p>\n\n\n\n<p><\/p>\n","protected":false},"excerpt":{"rendered":"<div class=\"mh-excerpt\"><p>DOTAZ: pe\u010duj\u00ed o \u010dlov\u011bka posti\u017een\u00e9ho d\u011btskou mozkovou obrnou , m\u00e1 pr\u00fakazku ZTP\/P 3 st. M\u00e1 n\u00e1rok na p\u0159\u00edsp\u011bvek na auto? Odpov\u011b\u010f: N\u00e1rok na p\u0159\u00edsp\u011bvek na <a class=\"mh-excerpt-more\" href=\"https:\/\/www.invarena.cz\/?p=33021\" title=\"M\u00e1m DMO a ZTP\/P. M\u00e1m n\u00e1rok na auto?\">[&#8230;]<\/a><\/p>\n<\/div>","protected":false},"author":1,"featured_media":14188,"comment_status":"open","ping_status":"closed","sticky":false,"template":"","format":"standard","meta":{"footnotes":""},"categories":[18],"tags":[],"class_list":["post-33021","post","type-post","status-publish","format-standard","has-post-thumbnail","hentry","category-poradna"],"_links":{"self":[{"href":"https:\/\/www.invarena.cz\/index.php?rest_route=\/wp\/v2\/posts\/33021","targetHints":{"allow":["GET"]}}],"collection":[{"href":"https:\/\/www.invarena.cz\/index.php?rest_route=\/wp\/v2\/posts"}],"about":[{"href":"https:\/\/www.invarena.cz\/index.php?rest_route=\/wp\/v2\/types\/post"}],"author":[{"embeddable":true,"href":"https:\/\/www.invarena.cz\/index.php?rest_route=\/wp\/v2\/users\/1"}],"replies":[{"embeddable":true,"href":"https:\/\/www.invarena.cz\/index.php?rest_route=%2Fwp%2Fv2%2Fcomments&post=33021"}],"version-history":[{"count":0,"href":"https:\/\/www.invarena.cz\/index.php?rest_route=\/wp\/v2\/posts\/33021\/revisions"}],"wp:featuredmedia":[{"embeddable":true,"href":"https:\/\/www.invarena.cz\/index.php?rest_route=\/wp\/v2\/media\/14188"}],"wp:attachment":[{"href":"https:\/\/www.invarena.cz\/index.php?rest_route=%2Fwp%2Fv2%2Fmedia&parent=33021"}],"wp:term":[{"taxonomy":"category","embeddable":true,"href":"https:\/\/www.invarena.cz\/index.php?rest_route=%2Fwp%2Fv2%2Fcategories&post=33021"},{"taxonomy":"post_tag","embeddable":true,"href":"https:\/\/www.invarena.cz\/index.php?rest_route=%2Fwp%2Fv2%2Ftags&post=33021"}],"curies":[{"name":"wp","href":"https:\/\/api.w.org\/{rel}","templated":true}]}}