{"id":33134,"date":"2020-01-10T18:07:00","date_gmt":"2020-01-10T17:07:00","guid":{"rendered":"http:\/\/www.invarena.cz\/?p=33134"},"modified":"2020-01-10T18:07:12","modified_gmt":"2020-01-10T17:07:12","slug":"neslysici-skolaci-kamaradili-s-pc","status":"publish","type":"post","link":"https:\/\/www.invarena.cz\/?p=33134","title":{"rendered":"Nesly\u0161\u00edc\u00ed \u0161kol\u00e1ci kamar\u00e1dili s PC"},"content":{"rendered":"\n<p>Nela \u0160ub\u0159ichov\u00e1 m\u00e1 nejt\u011b\u017e\u0161\u00ed za sebou. Upravit dokument ve Wordu a sestavit prezentaci \u010ceska zvl\u00e1dla bez obt\u00ed\u017e\u00ed, zato s malov\u00e1n\u00edm vlaku na monitoru se malinko tr\u00e1pila. Te\u010f u\u017e ji \u010dek\u00e1 jenom po\u010d\u00edta\u010dov\u00e1 hra, kter\u00e1 je voln\u011bj\u0161\u00ed a m\u016f\u017ee p\u0159i n\u00ed z\u00edskat posledn\u00ed cenn\u00e9 body. <\/p>\n\n\n\n<p>&#8222;P\u0159ipravovali jsme se od listopadu, pracovat s po\u010d\u00edta\u010dem m\u011b bav\u00ed,&#8220; \u0159\u00edk\u00e1 \u010dtrn\u00e1ctilet\u00e1 nesly\u0161\u00edc\u00ed d\u00edvka z Olomouce, je\u017e by v budoucnu r\u00e1da studovala grafickou \u0161kolu. Ve Vala\u0161sk\u00e9m Mezi\u0159\u00ed\u010d\u00ed se ve st\u0159edu z\u00fa\u010dastnila sout\u011b\u017ee s n\u00e1zvem Po\u010d\u00edta\u010d je m\u016fj kamar\u00e1d. <br> <br>Sout\u011b\u017e uspo\u0159\u00e1dala vala\u0161skomezi\u0159\u00ed\u010dsk\u00e1 \u0161kola pro sluchov\u011b posti\u017een\u00e9, ji v jej\u00edm z\u00e1m\u011bru utvrdila. Na leto\u0161n\u00edm patn\u00e1ct\u00e9m ro\u010dn\u00edku se utkala \u010dty\u0159\u010dlenn\u00e1 dru\u017estva z osmi \u0161kol z cel\u00e9 republiky. <\/p>\n\n\n\n<p>&#8222;Sout\u011b\u017e je ur\u010dena nesly\u0161\u00edc\u00edm d\u011btem, kter\u00e9 se kv\u016fli sv\u00e9mu omezen\u00ed nemohou zapojit do sportovn\u00edch akc\u00ed,&#8220; vysv\u011btluje Vladim\u00edr Kurtin z po\u0159\u00e1daj\u00edc\u00ed \u0161koly a dod\u00e1v\u00e1, \u017ee pr\u00e1ce s po\u010d\u00edta\u010dem nen\u00ed samo\u00fa\u010deln\u00e1. &#8222;Jej\u00ed z\u00e1klady ovl\u00e1d\u00e1 t\u00e9m\u011b\u0159 ka\u017ed\u00fd, nav\u00edc sout\u011b\u017e\u00edc\u00ed mohou p\u0159edveden\u00e9 znalosti a dovednosti z\u00faro\u010dit i v praktick\u00e9m \u017eivot\u011b,&#8220; vysv\u011btluje Vladim\u00edr Kurtin.<\/p>\n\n\n\n<p>Vala\u0161sk\u00fd den\u00edk<\/p>\n\n\n\n<p><a rel=\"noreferrer noopener\" aria-label=\" (otev\u0159e se na nov\u00e9 z\u00e1lo\u017ece)\" href=\"https:\/\/valassky.denik.cz\" target=\"_blank\">https:\/\/valassky.denik.cz<\/a><\/p>\n","protected":false},"excerpt":{"rendered":"<div class=\"mh-excerpt\"><p>Nela \u0160ub\u0159ichov\u00e1 m\u00e1 nejt\u011b\u017e\u0161\u00ed za sebou. Upravit dokument ve Wordu a sestavit prezentaci \u010ceska zvl\u00e1dla bez obt\u00ed\u017e\u00ed, zato s malov\u00e1n\u00edm vlaku na monitoru se malinko <a class=\"mh-excerpt-more\" href=\"https:\/\/www.invarena.cz\/?p=33134\" title=\"Nesly\u0161\u00edc\u00ed \u0161kol\u00e1ci kamar\u00e1dili s PC\">[&#8230;]<\/a><\/p>\n<\/div>","protected":false},"author":1,"featured_media":14158,"comment_status":"open","ping_status":"closed","sticky":false,"template":"","format":"standard","meta":{"footnotes":""},"categories":[9],"tags":[],"class_list":["post-33134","post","type-post","status-publish","format-standard","has-post-thumbnail","hentry","category-zpravy"],"_links":{"self":[{"href":"https:\/\/www.invarena.cz\/index.php?rest_route=\/wp\/v2\/posts\/33134","targetHints":{"allow":["GET"]}}],"collection":[{"href":"https:\/\/www.invarena.cz\/index.php?rest_route=\/wp\/v2\/posts"}],"about":[{"href":"https:\/\/www.invarena.cz\/index.php?rest_route=\/wp\/v2\/types\/post"}],"author":[{"embeddable":true,"href":"https:\/\/www.invarena.cz\/index.php?rest_route=\/wp\/v2\/users\/1"}],"replies":[{"embeddable":true,"href":"https:\/\/www.invarena.cz\/index.php?rest_route=%2Fwp%2Fv2%2Fcomments&post=33134"}],"version-history":[{"count":0,"href":"https:\/\/www.invarena.cz\/index.php?rest_route=\/wp\/v2\/posts\/33134\/revisions"}],"wp:featuredmedia":[{"embeddable":true,"href":"https:\/\/www.invarena.cz\/index.php?rest_route=\/wp\/v2\/media\/14158"}],"wp:attachment":[{"href":"https:\/\/www.invarena.cz\/index.php?rest_route=%2Fwp%2Fv2%2Fmedia&parent=33134"}],"wp:term":[{"taxonomy":"category","embeddable":true,"href":"https:\/\/www.invarena.cz\/index.php?rest_route=%2Fwp%2Fv2%2Fcategories&post=33134"},{"taxonomy":"post_tag","embeddable":true,"href":"https:\/\/www.invarena.cz\/index.php?rest_route=%2Fwp%2Fv2%2Ftags&post=33134"}],"curies":[{"name":"wp","href":"https:\/\/api.w.org\/{rel}","templated":true}]}}