{"id":33137,"date":"2020-01-10T18:22:13","date_gmt":"2020-01-10T17:22:13","guid":{"rendered":"http:\/\/www.invarena.cz\/?p=33137"},"modified":"2020-01-10T18:22:14","modified_gmt":"2020-01-10T17:22:14","slug":"ridici-jsou-pri-zneuzivani-parkovani-pro-handicapovane-vynalezavi-v-zakryvani-prukazu-upravovani-i-vymluvach","status":"publish","type":"post","link":"https:\/\/www.invarena.cz\/?p=33137","title":{"rendered":"\u0158idi\u010di jsou p\u0159i zneu\u017e\u00edv\u00e1n\u00ed parkov\u00e1n\u00ed pro handicapovan\u00e9 vynal\u00e9zav\u00ed v zakr\u00fdv\u00e1n\u00ed pr\u016fkaz\u016f, upravov\u00e1n\u00ed i v\u00fdmluv\u00e1ch"},"content":{"rendered":"\n<p>N\u00e1rok na parkov\u00e1n\u00ed na vyhrazen\u00e9m parkovac\u00edm m\u00edst\u011b neznamen\u00e1, \u017ee pohodln\u011b zaparkujete. Rozs\u00e1hl\u00e9 syst\u00e9mov\u00e9 probl\u00e9my odhalil dotazn\u00edkov\u00fd pr\u016fzkum \u010cesk\u00e9 asociace paraplegik\u016f\u00a0\u2013 CZEPA realizovan\u00fd na 412\u00a0dr\u017eitel\u00edch parkovac\u00edch pr\u016fkaz\u016f, v\u00a0drtiv\u00e9 v\u011bt\u0161in\u011b voz\u00ed\u010dk\u00e1\u0159\u016f. S\u00a0t\u00edm koresponduj\u00ed informace od M\u011bstsk\u00e9 policie Praha, kter\u00e1 eviduje n\u00e1r\u016fst p\u0159estupk\u016f spojen\u00fdch s\u00a0neopr\u00e1vn\u011bn\u00fdm parkov\u00e1n\u00edm.<\/p>\n\n\n\n<p>Cel\u00fd \u010dl\u00e1nek naleznete v Pra\u017esk\u00e9m Patriotu: <a href=\"https:\/\/www.prazskypatriot.cz\/ridici-jsou-pri-zneuzivani-parkovani-pro-handicapovane-vynalezavi-v-zakryvani-prukazu-upravovani-i-vymluvach\/\" target=\"_blank\" rel=\"noreferrer noopener\" aria-label=\" (otev\u0159e se na nov\u00e9 z\u00e1lo\u017ece)\">https:\/\/www.prazskypatriot.cz\/ridici-jsou-pri-zneuzivani-parkovani-pro-handicapovane-vynalezavi-v-zakryvani-prukazu-upravovani-i-vymluvach\/<\/a><\/p>\n","protected":false},"excerpt":{"rendered":"<div class=\"mh-excerpt\"><p>N\u00e1rok na parkov\u00e1n\u00ed na vyhrazen\u00e9m parkovac\u00edm m\u00edst\u011b neznamen\u00e1, \u017ee pohodln\u011b zaparkujete. Rozs\u00e1hl\u00e9 syst\u00e9mov\u00e9 probl\u00e9my odhalil dotazn\u00edkov\u00fd pr\u016fzkum \u010cesk\u00e9 asociace paraplegik\u016f\u00a0\u2013 CZEPA realizovan\u00fd na 412\u00a0dr\u017eitel\u00edch parkovac\u00edch <a class=\"mh-excerpt-more\" href=\"https:\/\/www.invarena.cz\/?p=33137\" title=\"\u0158idi\u010di jsou p\u0159i zneu\u017e\u00edv\u00e1n\u00ed parkov\u00e1n\u00ed pro handicapovan\u00e9 vynal\u00e9zav\u00ed v zakr\u00fdv\u00e1n\u00ed pr\u016fkaz\u016f, upravov\u00e1n\u00ed i v\u00fdmluv\u00e1ch\">[&#8230;]<\/a><\/p>\n<\/div>","protected":false},"author":1,"featured_media":614,"comment_status":"open","ping_status":"closed","sticky":false,"template":"","format":"standard","meta":{"footnotes":""},"categories":[9],"tags":[],"class_list":["post-33137","post","type-post","status-publish","format-standard","has-post-thumbnail","hentry","category-zpravy"],"_links":{"self":[{"href":"https:\/\/www.invarena.cz\/index.php?rest_route=\/wp\/v2\/posts\/33137","targetHints":{"allow":["GET"]}}],"collection":[{"href":"https:\/\/www.invarena.cz\/index.php?rest_route=\/wp\/v2\/posts"}],"about":[{"href":"https:\/\/www.invarena.cz\/index.php?rest_route=\/wp\/v2\/types\/post"}],"author":[{"embeddable":true,"href":"https:\/\/www.invarena.cz\/index.php?rest_route=\/wp\/v2\/users\/1"}],"replies":[{"embeddable":true,"href":"https:\/\/www.invarena.cz\/index.php?rest_route=%2Fwp%2Fv2%2Fcomments&post=33137"}],"version-history":[{"count":0,"href":"https:\/\/www.invarena.cz\/index.php?rest_route=\/wp\/v2\/posts\/33137\/revisions"}],"wp:featuredmedia":[{"embeddable":true,"href":"https:\/\/www.invarena.cz\/index.php?rest_route=\/wp\/v2\/media\/614"}],"wp:attachment":[{"href":"https:\/\/www.invarena.cz\/index.php?rest_route=%2Fwp%2Fv2%2Fmedia&parent=33137"}],"wp:term":[{"taxonomy":"category","embeddable":true,"href":"https:\/\/www.invarena.cz\/index.php?rest_route=%2Fwp%2Fv2%2Fcategories&post=33137"},{"taxonomy":"post_tag","embeddable":true,"href":"https:\/\/www.invarena.cz\/index.php?rest_route=%2Fwp%2Fv2%2Ftags&post=33137"}],"curies":[{"name":"wp","href":"https:\/\/api.w.org\/{rel}","templated":true}]}}