{"id":33141,"date":"2020-01-13T13:20:28","date_gmt":"2020-01-13T12:20:28","guid":{"rendered":"http:\/\/www.invarena.cz\/?p=33141"},"modified":"2020-01-13T13:20:29","modified_gmt":"2020-01-13T12:20:29","slug":"se-soukromymi-zeleznicnimi-dopravci-si-vozickari-pohorsili","status":"publish","type":"post","link":"https:\/\/www.invarena.cz\/?p=33141","title":{"rendered":"Se soukrom\u00fdmi \u017eelezni\u010dn\u00edmi dopravci si voz\u00ed\u010dk\u00e1\u0159i pohor\u0161ili"},"content":{"rendered":"\n<p>S nov\u00fdm j\u00edzdn\u00edm \u0159\u00e1dem p\u0159ibylo na \u017eeleznici vlakov\u00fdch linek, kter\u00e9 provozuj\u00ed m\u00edsto \u010cesk\u00fdch drah (\u010cD) soukrom\u00ed dopravci. Na n\u011bkter\u00fdch trat\u00edch se ale kv\u016fli tomu zhor\u0161ily podm\u00ednky pro p\u0159epravu voz\u00ed\u010dk\u00e1\u0159\u016f. <br><br>Cel\u00fd \u010dl\u00e1nek naleznete na novinky.cz: <a href=\"https:\/\/www.novinky.cz\/domaci\/526937-se-soukromymi-zeleznicnimi-dopravci-si-vozickari-pohorsili.html\" target=\"_blank\" rel=\"noreferrer noopener\" aria-label=\" (otev\u0159e se na nov\u00e9 z\u00e1lo\u017ece)\">https:\/\/www.novinky.cz\/domaci\/526937-se-soukromymi-zeleznicnimi-dopravci-si-vozickari-pohorsili.html<\/a><\/p>\n","protected":false},"excerpt":{"rendered":"<div class=\"mh-excerpt\"><p>S nov\u00fdm j\u00edzdn\u00edm \u0159\u00e1dem p\u0159ibylo na \u017eeleznici vlakov\u00fdch linek, kter\u00e9 provozuj\u00ed m\u00edsto \u010cesk\u00fdch drah (\u010cD) soukrom\u00ed dopravci. Na n\u011bkter\u00fdch trat\u00edch se ale kv\u016fli tomu zhor\u0161ily <a class=\"mh-excerpt-more\" href=\"https:\/\/www.invarena.cz\/?p=33141\" title=\"Se soukrom\u00fdmi \u017eelezni\u010dn\u00edmi dopravci si voz\u00ed\u010dk\u00e1\u0159i pohor\u0161ili\">[&#8230;]<\/a><\/p>\n<\/div>","protected":false},"author":1,"featured_media":12141,"comment_status":"open","ping_status":"closed","sticky":false,"template":"","format":"standard","meta":{"footnotes":""},"categories":[9],"tags":[],"class_list":["post-33141","post","type-post","status-publish","format-standard","has-post-thumbnail","hentry","category-zpravy"],"_links":{"self":[{"href":"https:\/\/www.invarena.cz\/index.php?rest_route=\/wp\/v2\/posts\/33141","targetHints":{"allow":["GET"]}}],"collection":[{"href":"https:\/\/www.invarena.cz\/index.php?rest_route=\/wp\/v2\/posts"}],"about":[{"href":"https:\/\/www.invarena.cz\/index.php?rest_route=\/wp\/v2\/types\/post"}],"author":[{"embeddable":true,"href":"https:\/\/www.invarena.cz\/index.php?rest_route=\/wp\/v2\/users\/1"}],"replies":[{"embeddable":true,"href":"https:\/\/www.invarena.cz\/index.php?rest_route=%2Fwp%2Fv2%2Fcomments&post=33141"}],"version-history":[{"count":0,"href":"https:\/\/www.invarena.cz\/index.php?rest_route=\/wp\/v2\/posts\/33141\/revisions"}],"wp:featuredmedia":[{"embeddable":true,"href":"https:\/\/www.invarena.cz\/index.php?rest_route=\/wp\/v2\/media\/12141"}],"wp:attachment":[{"href":"https:\/\/www.invarena.cz\/index.php?rest_route=%2Fwp%2Fv2%2Fmedia&parent=33141"}],"wp:term":[{"taxonomy":"category","embeddable":true,"href":"https:\/\/www.invarena.cz\/index.php?rest_route=%2Fwp%2Fv2%2Fcategories&post=33141"},{"taxonomy":"post_tag","embeddable":true,"href":"https:\/\/www.invarena.cz\/index.php?rest_route=%2Fwp%2Fv2%2Ftags&post=33141"}],"curies":[{"name":"wp","href":"https:\/\/api.w.org\/{rel}","templated":true}]}}