{"id":33161,"date":"2020-01-13T15:24:16","date_gmt":"2020-01-13T14:24:16","guid":{"rendered":"http:\/\/www.invarena.cz\/?p=33161"},"modified":"2020-01-14T15:48:46","modified_gmt":"2020-01-14T14:48:46","slug":"je-na-parkovisti-letiste-viden-sleva-pro-ztp","status":"publish","type":"post","link":"https:\/\/www.invarena.cz\/?p=33161","title":{"rendered":"Je na parkovi\u0161ti leti\u0161t\u011b V\u00edde\u0148 sleva pro ZTP?"},"content":{"rendered":"\n<p><strong>DOTAZ: Jsem majitelem pr\u016fkazu ZTP . Pot\u0159eboval bych zjistit, zda mus\u00edm platit parkovn\u00e9 na leti\u0161ti ve V\u00eddni.<\/strong><\/p>\n\n\n\n<p><strong>Odpov\u011b\u010f<\/strong>:<\/p>\n\n\n\n<p>Mezin\u00e1rodn\u00ed leti\u0161t\u011b ve V\u00eddni neposkytuje slevy na poplatc\u00edch na parkovn\u00e9 speci\u00e1ln\u011b pro zdravotn\u011b posti\u017een\u00e9.  Ov\u0161em pro majitele parkovac\u00edho pr\u016fkazu, kter\u00fd plat\u00ed v EU, m\u00e1 zaji\u0161t\u011bno po p\u0159edchoz\u00edm ohl\u00e1\u0161en\u00ed parkovac\u00ed m\u00edsto a p\u0159\u00edpadn\u011b i pomoc speci\u00e1ln\u011b vy\u010dlen\u011bn\u00e9ho person\u00e1lu tak, aby se invalidn\u00ed cestuj\u00edc\u00ed mohl bezbari\u00e9rov\u011b p\u0159epravit.  Je ov\u0161em t\u0159eba se nahl\u00e1sit p\u0159edem v dostate\u010dn\u00e9m p\u0159edstihu. Doporu\u010duji si tedy za\u0159\u00eddit parkovac\u00ed pr\u016fkaz, pr\u016fkaz ZTP by nemuseli akceptovat.<\/p>\n\n\n\n<p>Nejlevn\u011bj\u0161\u00ed parkov\u00e1n\u00ed je v objektu C. Nap\u0159\u00edklad parkov\u00e1n\u00ed na 15 dn\u00ed zde stoj\u00ed 139,90\u00a0\u20ac. Pokud se online objedn\u00e1te, poskytne se sleva a poplatek je 109,90\u00a0\u20ac.<\/p>\n\n\n\n<p>V\u00fdpo\u010det parkovac\u00edho poplatku, kontakt a mo\u017enost online objedn\u00e1vky je na http:\/\/www.flughafen-parken.at<\/p>\n\n\n\n<p>redakce invArena<\/p>\n\n\n\n<p> <\/p>\n","protected":false},"excerpt":{"rendered":"<div class=\"mh-excerpt\"><p>DOTAZ: Jsem majitelem pr\u016fkazu ZTP . Pot\u0159eboval bych zjistit, zda mus\u00edm platit parkovn\u00e9 na leti\u0161ti ve V\u00eddni. Odpov\u011b\u010f: Mezin\u00e1rodn\u00ed leti\u0161t\u011b ve V\u00eddni neposkytuje slevy na <a class=\"mh-excerpt-more\" href=\"https:\/\/www.invarena.cz\/?p=33161\" title=\"Je na parkovi\u0161ti leti\u0161t\u011b V\u00edde\u0148 sleva pro ZTP?\">[&#8230;]<\/a><\/p>\n<\/div>","protected":false},"author":1,"featured_media":9099,"comment_status":"open","ping_status":"closed","sticky":false,"template":"","format":"standard","meta":{"footnotes":""},"categories":[18],"tags":[],"class_list":["post-33161","post","type-post","status-publish","format-standard","has-post-thumbnail","hentry","category-poradna"],"_links":{"self":[{"href":"https:\/\/www.invarena.cz\/index.php?rest_route=\/wp\/v2\/posts\/33161","targetHints":{"allow":["GET"]}}],"collection":[{"href":"https:\/\/www.invarena.cz\/index.php?rest_route=\/wp\/v2\/posts"}],"about":[{"href":"https:\/\/www.invarena.cz\/index.php?rest_route=\/wp\/v2\/types\/post"}],"author":[{"embeddable":true,"href":"https:\/\/www.invarena.cz\/index.php?rest_route=\/wp\/v2\/users\/1"}],"replies":[{"embeddable":true,"href":"https:\/\/www.invarena.cz\/index.php?rest_route=%2Fwp%2Fv2%2Fcomments&post=33161"}],"version-history":[{"count":0,"href":"https:\/\/www.invarena.cz\/index.php?rest_route=\/wp\/v2\/posts\/33161\/revisions"}],"wp:featuredmedia":[{"embeddable":true,"href":"https:\/\/www.invarena.cz\/index.php?rest_route=\/wp\/v2\/media\/9099"}],"wp:attachment":[{"href":"https:\/\/www.invarena.cz\/index.php?rest_route=%2Fwp%2Fv2%2Fmedia&parent=33161"}],"wp:term":[{"taxonomy":"category","embeddable":true,"href":"https:\/\/www.invarena.cz\/index.php?rest_route=%2Fwp%2Fv2%2Fcategories&post=33161"},{"taxonomy":"post_tag","embeddable":true,"href":"https:\/\/www.invarena.cz\/index.php?rest_route=%2Fwp%2Fv2%2Ftags&post=33161"}],"curies":[{"name":"wp","href":"https:\/\/api.w.org\/{rel}","templated":true}]}}