{"id":33248,"date":"2020-01-20T10:37:49","date_gmt":"2020-01-20T09:37:49","guid":{"rendered":"http:\/\/www.invarena.cz\/?p=33248"},"modified":"2020-01-20T10:37:50","modified_gmt":"2020-01-20T09:37:50","slug":"lide-z-prestizni-ctvrti-odmitaji-byty-pro-postizene-chteji-sal-a-obchod","status":"publish","type":"post","link":"https:\/\/www.invarena.cz\/?p=33248","title":{"rendered":"Lid\u00e9 z presti\u017en\u00ed \u010dtvrti odm\u00edtaj\u00ed byty pro posti\u017een\u00e9, cht\u011bj\u00ed s\u00e1l a obchod"},"content":{"rendered":"\n<p>V Roudni\u010dce se t\u00edsn\u00ed jeden d\u016fm vedle druh\u00e9ho, na mal\u00fdch pozemc\u00edch jsou doslova nama\u010dkan\u00e9 na sebe. Nen\u00ed divu, m\u00edsta je m\u00e1lo a i nezas\u00ed\u0165ovan\u00e9 parcely se tu prod\u00e1vaj\u00ed za cenu t\u00e9m\u011b\u0159 p\u011bti tis\u00edc korun za metr \u010dtvere\u010dn\u00ed. Jen\u017ee doch\u00e1zej\u00ed i ve\u0159ejn\u00e9 plochy. Na jednom z posledn\u00edch m\u011bstsk\u00fdch pozemk\u016f p\u0159\u00edmo v centru obce chce stav\u011bt Kr\u00e1lov\u00e9hradeck\u00fd kraj. M\u00edsto roky nepou\u017e\u00edvan\u00e9 \u00fa\u0159adovny m\u00e1 vzniknout d\u016fm s byty pro osoby s ment\u00e1ln\u00edm \u010di kombinovan\u00fdm posti\u017een\u00edm, kter\u00e9 vy\u017eaduj\u00ed intenzivn\u011bj\u0161\u00ed podporu pe\u010dovatel\u016f. Kraj m\u00e1 s m\u011bstem u\u017e n\u011bkolik let uzav\u0159enou smlouvu o budouc\u00edm odkupu pozemku za 4,25 milionu korun. Jen\u017ee proti z\u00e1m\u011bru jsou komise m\u00edstn\u00ed samospr\u00e1vy (KMS) i n\u011bkte\u0159\u00ed soused\u00e9, kte\u0159\u00ed u\u017e roky bojuj\u00ed za to, aby m\u011bsto od prodeje upustilo. <br><br>Cel\u00fd \u010dl\u00e1nek naleznete na idnes.cz: <a href=\"https:\/\/www.idnes.cz\/hradec-kralove\/zpravy\/roudnicka-hradec-kralove-byty-pro-postizene-protest-obyvatel-stavba.A200114_526390_hradec-zpravy_the\" target=\"_blank\" rel=\"noreferrer noopener\" aria-label=\" (otev\u0159e se na nov\u00e9 z\u00e1lo\u017ece)\">https:\/\/www.idnes.cz\/hradec-kralove\/zpravy\/roudnicka-hradec-kralove-byty-pro-postizene-protest-obyvatel-stavba.A200114_526390_hradec-zpravy_the<\/a><\/p>\n","protected":false},"excerpt":{"rendered":"<div class=\"mh-excerpt\"><p>V Roudni\u010dce se t\u00edsn\u00ed jeden d\u016fm vedle druh\u00e9ho, na mal\u00fdch pozemc\u00edch jsou doslova nama\u010dkan\u00e9 na sebe. Nen\u00ed divu, m\u00edsta je m\u00e1lo a i nezas\u00ed\u0165ovan\u00e9 parcely <a class=\"mh-excerpt-more\" href=\"https:\/\/www.invarena.cz\/?p=33248\" title=\"Lid\u00e9 z presti\u017en\u00ed \u010dtvrti odm\u00edtaj\u00ed byty pro posti\u017een\u00e9, cht\u011bj\u00ed s\u00e1l a obchod\">[&#8230;]<\/a><\/p>\n<\/div>","protected":false},"author":1,"featured_media":4002,"comment_status":"open","ping_status":"closed","sticky":false,"template":"","format":"standard","meta":{"footnotes":""},"categories":[9],"tags":[],"class_list":["post-33248","post","type-post","status-publish","format-standard","has-post-thumbnail","hentry","category-zpravy"],"_links":{"self":[{"href":"https:\/\/www.invarena.cz\/index.php?rest_route=\/wp\/v2\/posts\/33248","targetHints":{"allow":["GET"]}}],"collection":[{"href":"https:\/\/www.invarena.cz\/index.php?rest_route=\/wp\/v2\/posts"}],"about":[{"href":"https:\/\/www.invarena.cz\/index.php?rest_route=\/wp\/v2\/types\/post"}],"author":[{"embeddable":true,"href":"https:\/\/www.invarena.cz\/index.php?rest_route=\/wp\/v2\/users\/1"}],"replies":[{"embeddable":true,"href":"https:\/\/www.invarena.cz\/index.php?rest_route=%2Fwp%2Fv2%2Fcomments&post=33248"}],"version-history":[{"count":0,"href":"https:\/\/www.invarena.cz\/index.php?rest_route=\/wp\/v2\/posts\/33248\/revisions"}],"wp:featuredmedia":[{"embeddable":true,"href":"https:\/\/www.invarena.cz\/index.php?rest_route=\/wp\/v2\/media\/4002"}],"wp:attachment":[{"href":"https:\/\/www.invarena.cz\/index.php?rest_route=%2Fwp%2Fv2%2Fmedia&parent=33248"}],"wp:term":[{"taxonomy":"category","embeddable":true,"href":"https:\/\/www.invarena.cz\/index.php?rest_route=%2Fwp%2Fv2%2Fcategories&post=33248"},{"taxonomy":"post_tag","embeddable":true,"href":"https:\/\/www.invarena.cz\/index.php?rest_route=%2Fwp%2Fv2%2Ftags&post=33248"}],"curies":[{"name":"wp","href":"https:\/\/api.w.org\/{rel}","templated":true}]}}