{"id":33312,"date":"2020-01-23T16:43:39","date_gmt":"2020-01-23T15:43:39","guid":{"rendered":"http:\/\/www.invarena.cz\/?p=33312"},"modified":"2020-01-23T16:43:41","modified_gmt":"2020-01-23T15:43:41","slug":"zabiny-i-s-horakovou-na-voziku-basketbal-pomuze-hendikepovanym","status":"publish","type":"post","link":"https:\/\/www.invarena.cz\/?p=33312","title":{"rendered":"\u017dabiny i s Hor\u00e1kovou na voz\u00edku. Basketbal pom\u016f\u017ee hendikepovan\u00fdm"},"content":{"rendered":"\n<p>Po seniorech podpo\u0159\u00ed basketbalistky \u017dabin Brno t\u011blesn\u011b posti\u017een\u00e9. V charitativn\u00edm z\u00e1pase vyzvou 16. kv\u011btna slovensk\u00e9 Pie\u0161\u0165ansk\u00e9 \u010cajky a vybran\u00e9 pen\u00edze ze vstupn\u00e9ho v\u011bnuj\u00ed na n\u00e1kup unik\u00e1tn\u00edho auta pro hendikepovan\u00e9. Vedle sou\u010dasn\u00fdch hr\u00e1\u010dek se v hale ve Vodov\u011b ulici, kde se utk\u00e1n\u00ed uskute\u010dn\u00ed, objev\u00ed v\u00edt\u011bzky Euroligy z roku 2006.<\/p>\n\n\n\n<p>Brno \u2013 P\u016fjde u\u017e o t\u0159et\u00ed benefi\u010dn\u00ed projekt klubu. &#8222;Dok\u00e1\u017eeme jako sportovci t\u011blem i du\u0161\u00ed pochopit hendikep l\u00edp ne\u017e lid\u00e9, kte\u0159\u00ed s n\u00edm nemaj\u00ed takovou zku\u0161enost. Jsme \u00fasp\u011b\u0161n\u00fd basketbalov\u00fd klub a m\u00e1me radost, \u017ee se m\u016f\u017eeme spojovat s takov\u00fdmi akcemi,&#8220; \u0159\u00edk\u00e1 gener\u00e1ln\u00ed mana\u017eer \u017dabin Radek \u0160\u00edr. <\/p>\n\n\n\n<p>Naposledy brn\u011bnsk\u00e9 hr\u00e1\u010dky pomohly v prosinci Dobrovolnick\u00e9mu centru ADRA, kdy\u017e nafotily se seniory kalend\u00e1\u0159.<\/p>\n\n\n\n<p>Sv\u011b\u0159enky Viktora Pru\u0161i se v p\u0159\u00e1telsk\u00e9m utk\u00e1n\u00ed st\u0159etnou s druh\u00fdm t\u00fdmem slovensk\u00e9 extraligy Pie\u0161\u0165ansk\u00fdmi \u010cajkami. Do zelen\u00e9ho dresu \u017da\u010caj\u017da\u010cajbin se po letech obl\u00e9knou tak\u00e9 legendy brn\u011bnsk\u00e9ho klubu. <\/p>\n\n\n\n<p>&#8222;Domlouv\u00e1me se s Hanou Hor\u00e1kovou a Ivanou Ve\u010de\u0159ovou. Chceme oslovit je\u0161t\u011b Zuzanu \u017dirkovou, kter\u00e1 je jako Slovenka a na\u0161e b\u00fdval\u00e1 hr\u00e1\u010dka pro tohle utk\u00e1n\u00ed vhodn\u00e1 kandid\u00e1tka,&#8220; l\u00e1k\u00e1 \u0160\u00edr.<\/p>\n\n\n\n<p>Na palubovce se hr\u00e1\u010dky projedou i na voz\u00edku. Zku\u0161enosti jim p\u0159ed\u00e1 brn\u011bnsk\u00fd t\u00fdm Hobit, kter\u00fd v hale p\u0159edstav\u00ed basketbal pro t\u011blesn\u011b posti\u017een\u00e9. &#8222;Pro n\u00e1s je hlavn\u00ed l\u00e1kadlo propojen\u00ed basketbalu na voz\u00edku se zna\u010dkou \u017dabin,&#8220; komentuje tren\u00e9r akci Hobit\u016f Adam Erben.<\/p>\n\n\n\n<p>Charitativn\u00ed ud\u00e1lost krom\u011b d\u011bn\u00ed v hale nab\u00eddne z\u00e1bavu i v jej\u00edm okol\u00ed. &#8222;M\u011bstem p\u0159ed z\u00e1pasem projede historick\u00e1 tramvaj, kter\u00e1 zastav\u00ed na p\u011bti zast\u00e1vk\u00e1ch, a lid\u00e9 se v n\u00ed setkaj\u00ed s hr\u00e1\u010dkami a t\u0159eba si i zasout\u011b\u017e\u00ed. P\u0159ed stadionem p\u0159iprav\u00edme doprovodn\u00fd program jako podpisov\u00e9 akce, workshopy nebo koncerty,&#8220; uvedl jeden z po\u0159adatel\u016f Ji\u0159\u00ed Gabrhel\u00edk.<\/p>\n\n\n\n<p>V\u00fdt\u011b\u017eek z akce s n\u00e1zvem Dejte n\u00e1m ko\u0161em p\u0159isp\u011bje na n\u00e1kup obytn\u00e9ho vozu, kter\u00fd hendikepovan\u00fdm umo\u017en\u00ed cestovat. &#8222;Chceme, aby byl \u017eivot f\u00e9r stejn\u011b jako basketbalov\u00fd z\u00e1pas. Pokud o n\u011bkoho pe\u010dujete, v\u00edte, \u017ee \u010dasto mus\u00edte b\u00fdt spolu ve dne i v noci. Jen\u017ee ob\u010das chceme spole\u010dn\u011b vid\u011bt i jin\u00e9 v\u011bci ne\u017e st\u011bny pokoje. Ti lid\u00e9 sn\u00ed o tom, \u017ee rodina aspo\u0148 jednou za rok vystr\u010d\u00ed nos z domu,&#8220; vysv\u011btluje organiz\u00e1tor akce Leo\u0161 Fu\u010d\u00edk.<\/p>\n\n\n\n<p>Bezbari\u00e9rov\u00e9 auto Charley Tramp vydr\u017e\u00ed bez p\u0159ipojen\u00ed na elekt\u0159inu, vodu i odpad dva dny. D\u00edky ru\u010dn\u00edmu \u0159\u00edzen\u00ed usednou za volant hendikepovan\u00ed i bez asistent\u016f. Cestov\u00e1n\u00ed jim usnadn\u00ed vstupn\u00ed hydraulick\u00e1 plo\u0161ina a stropn\u00ed zdvi\u017en\u00fd z\u00e1v\u011bs, kter\u00fd zjednodu\u0161\u00ed pr\u00e1ci s t\u011blesn\u011b posti\u017een\u00fdmi jejich asistent\u016fm.<\/p>\n\n\n\n<p>PAVEL \u0160\u0164ASTN\u00dd<\/p>\n\n\n\n<p>Brn\u011bnsk\u00fd den\u00edk<\/p>\n\n\n\n<p><a rel=\"noreferrer noopener\" aria-label=\" (otev\u0159e se na nov\u00e9 z\u00e1lo\u017ece)\" href=\"http:\/\/brnensky.denik.cz\/\" target=\"_blank\">http:\/\/brnensky.denik.cz\/<\/a><\/p>\n","protected":false},"excerpt":{"rendered":"<div class=\"mh-excerpt\"><p>Po seniorech podpo\u0159\u00ed basketbalistky \u017dabin Brno t\u011blesn\u011b posti\u017een\u00e9. V charitativn\u00edm z\u00e1pase vyzvou 16. kv\u011btna slovensk\u00e9 Pie\u0161\u0165ansk\u00e9 \u010cajky a vybran\u00e9 pen\u00edze ze vstupn\u00e9ho v\u011bnuj\u00ed na n\u00e1kup <a class=\"mh-excerpt-more\" href=\"https:\/\/www.invarena.cz\/?p=33312\" title=\"\u017dabiny i s Hor\u00e1kovou na voz\u00edku. Basketbal pom\u016f\u017ee hendikepovan\u00fdm\">[&#8230;]<\/a><\/p>\n<\/div>","protected":false},"author":1,"featured_media":7340,"comment_status":"open","ping_status":"closed","sticky":false,"template":"","format":"standard","meta":{"footnotes":""},"categories":[9],"tags":[],"class_list":["post-33312","post","type-post","status-publish","format-standard","has-post-thumbnail","hentry","category-zpravy"],"_links":{"self":[{"href":"https:\/\/www.invarena.cz\/index.php?rest_route=\/wp\/v2\/posts\/33312","targetHints":{"allow":["GET"]}}],"collection":[{"href":"https:\/\/www.invarena.cz\/index.php?rest_route=\/wp\/v2\/posts"}],"about":[{"href":"https:\/\/www.invarena.cz\/index.php?rest_route=\/wp\/v2\/types\/post"}],"author":[{"embeddable":true,"href":"https:\/\/www.invarena.cz\/index.php?rest_route=\/wp\/v2\/users\/1"}],"replies":[{"embeddable":true,"href":"https:\/\/www.invarena.cz\/index.php?rest_route=%2Fwp%2Fv2%2Fcomments&post=33312"}],"version-history":[{"count":0,"href":"https:\/\/www.invarena.cz\/index.php?rest_route=\/wp\/v2\/posts\/33312\/revisions"}],"wp:featuredmedia":[{"embeddable":true,"href":"https:\/\/www.invarena.cz\/index.php?rest_route=\/wp\/v2\/media\/7340"}],"wp:attachment":[{"href":"https:\/\/www.invarena.cz\/index.php?rest_route=%2Fwp%2Fv2%2Fmedia&parent=33312"}],"wp:term":[{"taxonomy":"category","embeddable":true,"href":"https:\/\/www.invarena.cz\/index.php?rest_route=%2Fwp%2Fv2%2Fcategories&post=33312"},{"taxonomy":"post_tag","embeddable":true,"href":"https:\/\/www.invarena.cz\/index.php?rest_route=%2Fwp%2Fv2%2Ftags&post=33312"}],"curies":[{"name":"wp","href":"https:\/\/api.w.org\/{rel}","templated":true}]}}