{"id":33319,"date":"2020-01-23T16:58:32","date_gmt":"2020-01-23T15:58:32","guid":{"rendered":"http:\/\/www.invarena.cz\/?p=33319"},"modified":"2020-01-23T16:58:32","modified_gmt":"2020-01-23T15:58:32","slug":"pribram-planuje-bezbarierovou-trasu","status":"publish","type":"post","link":"https:\/\/www.invarena.cz\/?p=33319","title":{"rendered":"P\u0159\u00edbram pl\u00e1nuje bezbari\u00e9rovou trasu"},"content":{"rendered":"\n<p>Pokra\u010dovat ve zlep\u0161en\u00ed p\u0159\u00edstupnosti kulturn\u00edho domu chce i nad\u00e1le p\u0159\u00edbramsk\u00e1 radnice. Pomoci tomu m\u00e1 bezbari\u00e9rov\u00e1 trasa, kter\u00e1 povede od budovy b\u00fdval\u00e9 II. polikliniky sm\u011brem k p\u0159\u00edbramsk\u00e9mu kulturn\u00edmu st\u00e1nku.<\/p>\n\n\n\n<p>P\u0159\u00edbram \u2013 P\u0159ed koncem minul\u00e9ho roku se divadlo do\u010dkalo kone\u010dn\u011b tolik o\u010dek\u00e1van\u00e9ho v\u00fdtahu, kter\u00fd zp\u0159\u00edstupnil nejen jeho prostory, ale prakticky celou budovu kulturn\u00edho domu voz\u00ed\u010dk\u00e1\u0159\u016fm a lidem se zhor\u0161enou mo\u017enost\u00ed pohybu. Na jeho stavbu z\u00edskalo dotaci. &#8222;Sou\u010dasn\u011b s n\u00ed jsme \u017e\u00e1dali tak\u00e9 o dotaci na bezbari\u00e9rovou trasu, kterou jsme v\u0161ak nez\u00edskali,&#8220; p\u0159ipomn\u011bl m\u00edstostarosta Martin Bur\u0161\u00edk.<\/p>\n\n\n\n<p>Radnice se proto rozhodla, \u017ee tento projekt uskute\u010dn\u00ed z vlastn\u00edch zdroj\u016f.<\/p>\n\n\n\n<p>Sou\u010d\u00e1st\u00ed bude i oprava povrchu chodn\u00edk\u016f v ulici Tylova a u t\u0159\u00eddy Osvobozen\u00ed. &#8222;Budovat by se m\u011bla v leto\u0161n\u00edm roce. Z toho d\u016fvodu zat\u00edm tak\u00e9 nedo\u0161lo k avizovan\u00e9 v\u00fdm\u011bn\u011b p\u0159\u00edst\u0159e\u0161ku u zast\u00e1vky MHD u II. polikliniky,&#8220; vysv\u011btlil starosta Jan Konvalinka. <\/p>\n\n\n\n<p>Bezbari\u00e9rov\u00e1 trasa nab\u00eddne handicapovan\u00fdm n\u00e1v\u0161t\u011bvn\u00edk\u016fm akc\u00ed v kulturn\u00edm dom\u011b mo\u017enost dostat se pohodln\u011b a\u017e ke vchodu do ned\u00e1vno zprovozn\u011bn\u00e9ho v\u00fdtahu. A to jak po vlastn\u00ed ose, tak za pomoci nap\u0159\u00edklad MHD. Jen \u00faprava chodn\u00edk\u016f pobl\u00ed\u017e kulturn\u00edho domu na bezbari\u00e9rovou trasu vyjde m\u011bsto na \u010d\u00e1stku 2,117 milionu korun. &#8222;Posledn\u00edm krokem tohoto projektu, pak bude v letn\u00edch m\u011bs\u00edc\u00edch \u00faprava hledi\u0161t\u011b velk\u00e9 sc\u00e9ny divadla, kde vznikne i n\u011bkolik m\u00edst pro voz\u00ed\u010dk\u00e1\u0159e,&#8220; doplnil starosta.<\/p>\n\n\n\n<p>RADEK CTIBOR<\/p>\n\n\n\n<p>P\u0159\u00edbramsk\u00fd den\u00edk<\/p>\n\n\n\n<p><a rel=\"noreferrer noopener\" aria-label=\" (otev\u0159e se na nov\u00e9 z\u00e1lo\u017ece)\" href=\"http:\/\/www.pribramsky.denik.cz\/\" target=\"_blank\">http:\/\/www.pribramsky.denik.cz\/<\/a><\/p>\n","protected":false},"excerpt":{"rendered":"<div class=\"mh-excerpt\"><p>Pokra\u010dovat ve zlep\u0161en\u00ed p\u0159\u00edstupnosti kulturn\u00edho domu chce i nad\u00e1le p\u0159\u00edbramsk\u00e1 radnice. Pomoci tomu m\u00e1 bezbari\u00e9rov\u00e1 trasa, kter\u00e1 povede od budovy b\u00fdval\u00e9 II. polikliniky sm\u011brem k <a class=\"mh-excerpt-more\" href=\"https:\/\/www.invarena.cz\/?p=33319\" title=\"P\u0159\u00edbram pl\u00e1nuje bezbari\u00e9rovou trasu\">[&#8230;]<\/a><\/p>\n<\/div>","protected":false},"author":1,"featured_media":13669,"comment_status":"open","ping_status":"closed","sticky":false,"template":"","format":"standard","meta":{"footnotes":""},"categories":[9],"tags":[],"class_list":["post-33319","post","type-post","status-publish","format-standard","has-post-thumbnail","hentry","category-zpravy"],"_links":{"self":[{"href":"https:\/\/www.invarena.cz\/index.php?rest_route=\/wp\/v2\/posts\/33319","targetHints":{"allow":["GET"]}}],"collection":[{"href":"https:\/\/www.invarena.cz\/index.php?rest_route=\/wp\/v2\/posts"}],"about":[{"href":"https:\/\/www.invarena.cz\/index.php?rest_route=\/wp\/v2\/types\/post"}],"author":[{"embeddable":true,"href":"https:\/\/www.invarena.cz\/index.php?rest_route=\/wp\/v2\/users\/1"}],"replies":[{"embeddable":true,"href":"https:\/\/www.invarena.cz\/index.php?rest_route=%2Fwp%2Fv2%2Fcomments&post=33319"}],"version-history":[{"count":0,"href":"https:\/\/www.invarena.cz\/index.php?rest_route=\/wp\/v2\/posts\/33319\/revisions"}],"wp:featuredmedia":[{"embeddable":true,"href":"https:\/\/www.invarena.cz\/index.php?rest_route=\/wp\/v2\/media\/13669"}],"wp:attachment":[{"href":"https:\/\/www.invarena.cz\/index.php?rest_route=%2Fwp%2Fv2%2Fmedia&parent=33319"}],"wp:term":[{"taxonomy":"category","embeddable":true,"href":"https:\/\/www.invarena.cz\/index.php?rest_route=%2Fwp%2Fv2%2Fcategories&post=33319"},{"taxonomy":"post_tag","embeddable":true,"href":"https:\/\/www.invarena.cz\/index.php?rest_route=%2Fwp%2Fv2%2Ftags&post=33319"}],"curies":[{"name":"wp","href":"https:\/\/api.w.org\/{rel}","templated":true}]}}