{"id":33369,"date":"2020-01-28T19:56:01","date_gmt":"2020-01-28T18:56:01","guid":{"rendered":"http:\/\/www.invarena.cz\/?p=33369"},"modified":"2020-01-28T19:56:02","modified_gmt":"2020-01-28T18:56:02","slug":"je-na-amputovanou-ruku-v-predlokti-narok-na-prispevek-na-auto","status":"publish","type":"post","link":"https:\/\/www.invarena.cz\/?p=33369","title":{"rendered":"Je na amputovanou ruku v p\u0159edlokt\u00ed n\u00e1rok na p\u0159\u00edsp\u011bvek na auto?"},"content":{"rendered":"\n<p><strong>DOTAZ: M\u00e1 dcera n\u00e1rok na p\u0159\u00edsp\u011bvek na auto? M\u00e1 amputovanou levou ruku v p\u0159edlokt\u00ed. Ma pr\u016fkaz ztp.<\/strong><\/p>\n\n\n\n<p><strong>ODPOV\u011a\u010e:<\/strong><\/p>\n\n\n\n<p>Amputace horn\u00ed kon\u010detiny v p\u0159edlokt\u00ed nepat\u0159\u00ed ke zdravotn\u00edm stav\u016fm, je\u017e jasn\u011b oprav\u0148uj\u00ed k tomuto p\u0159\u00edsp\u011bvku.<\/p>\n\n\n\n<p>Tento stav by v\u0161ak m\u011bl oprav\u0148ovat k p\u0159\u00edsp\u011bvku na \u00fapravu automobilu tak, aby bylo \u0159\u00edzen\u00ed adaptov\u00e1no na tento typ posti\u017een\u00ed.  <br>D\u00e1le tak\u00e9 by m\u011bl b\u00fdt n\u00e1rok na p\u0159\u00edsp\u011bvek na stavebn\u00ed \u00fapravy koupelny a WC a p\u0159\u00edsp\u011bvek na speci\u00e1ln\u00ed komponenty PC (kl\u00e1vesnice, my\u0161, software apod.).<\/p>\n\n\n\n<p> Nicm\u00e9n\u011b \u017e\u00e1dost podat m\u016f\u017eete na p\u0159\u00edslu\u0161n\u00e9m pracovi\u0161ti \u00fa\u0159adu pr\u00e1ce, \u017e\u00e1dost nen\u00ed nijak zpoplat\u0148ov\u00e1na, jen je t\u0159eba ji doplnit o aktu\u00e1ln\u00ed l\u00e9ka\u0159sk\u00e9 zpr\u00e1vy, ov\u0161em s administrac\u00ed t\u00e9to \u017e\u00e1dosti je spojena \u0159ada hodin \u00fasil\u00ed.             <\/p>\n\n\n\n<p>redakce invArena<\/p>\n","protected":false},"excerpt":{"rendered":"<div class=\"mh-excerpt\"><p>DOTAZ: M\u00e1 dcera n\u00e1rok na p\u0159\u00edsp\u011bvek na auto? M\u00e1 amputovanou levou ruku v p\u0159edlokt\u00ed. Ma pr\u016fkaz ztp. ODPOV\u011a\u010e: Amputace horn\u00ed kon\u010detiny v p\u0159edlokt\u00ed nepat\u0159\u00ed ke <a class=\"mh-excerpt-more\" href=\"https:\/\/www.invarena.cz\/?p=33369\" title=\"Je na amputovanou ruku v p\u0159edlokt\u00ed n\u00e1rok na p\u0159\u00edsp\u011bvek na auto?\">[&#8230;]<\/a><\/p>\n<\/div>","protected":false},"author":1,"featured_media":30317,"comment_status":"open","ping_status":"closed","sticky":false,"template":"","format":"standard","meta":{"footnotes":""},"categories":[18],"tags":[],"class_list":["post-33369","post","type-post","status-publish","format-standard","has-post-thumbnail","hentry","category-poradna"],"_links":{"self":[{"href":"https:\/\/www.invarena.cz\/index.php?rest_route=\/wp\/v2\/posts\/33369","targetHints":{"allow":["GET"]}}],"collection":[{"href":"https:\/\/www.invarena.cz\/index.php?rest_route=\/wp\/v2\/posts"}],"about":[{"href":"https:\/\/www.invarena.cz\/index.php?rest_route=\/wp\/v2\/types\/post"}],"author":[{"embeddable":true,"href":"https:\/\/www.invarena.cz\/index.php?rest_route=\/wp\/v2\/users\/1"}],"replies":[{"embeddable":true,"href":"https:\/\/www.invarena.cz\/index.php?rest_route=%2Fwp%2Fv2%2Fcomments&post=33369"}],"version-history":[{"count":0,"href":"https:\/\/www.invarena.cz\/index.php?rest_route=\/wp\/v2\/posts\/33369\/revisions"}],"wp:featuredmedia":[{"embeddable":true,"href":"https:\/\/www.invarena.cz\/index.php?rest_route=\/wp\/v2\/media\/30317"}],"wp:attachment":[{"href":"https:\/\/www.invarena.cz\/index.php?rest_route=%2Fwp%2Fv2%2Fmedia&parent=33369"}],"wp:term":[{"taxonomy":"category","embeddable":true,"href":"https:\/\/www.invarena.cz\/index.php?rest_route=%2Fwp%2Fv2%2Fcategories&post=33369"},{"taxonomy":"post_tag","embeddable":true,"href":"https:\/\/www.invarena.cz\/index.php?rest_route=%2Fwp%2Fv2%2Ftags&post=33369"}],"curies":[{"name":"wp","href":"https:\/\/api.w.org\/{rel}","templated":true}]}}