{"id":33381,"date":"2020-01-29T17:56:25","date_gmt":"2020-01-29T16:56:25","guid":{"rendered":"http:\/\/www.invarena.cz\/?p=33381"},"modified":"2020-01-29T17:56:26","modified_gmt":"2020-01-29T16:56:26","slug":"frydek-mistek-sbirka-vanocni-strom-byla-rekordni-pres-77-tisic-pro-mistni-hospic","status":"publish","type":"post","link":"https:\/\/www.invarena.cz\/?p=33381","title":{"rendered":"Fr\u00fddek-M\u00edstek: Sb\u00edrka &#8222;V\u00e1no\u010dn\u00ed strom&#8220; byla rekordn\u00ed, p\u0159es 77 tis\u00edc pro m\u00edstn\u00ed hospic"},"content":{"rendered":"\n<p>Statut\u00e1rn\u00ed m\u011bsto Fr\u00fddek-M\u00edstek po\u0159\u00e1dalo koncem minul\u00e9ho roku tradi\u010dn\u00ed ve\u0159ejnou sb\u00edrku &#8222;V\u00e1no\u010dn\u00ed strom&#8220;. V\u00fdt\u011b\u017eek je ur\u010den na dobro\u010dinn\u00e9 \u00fa\u010dely. Tentokr\u00e1t byl ur\u010den pro pot\u0159eby hospice, provozovan\u00e9ho m\u011bstem. Vybrat se poda\u0159ilo p\u0159es 77 tis\u00edc korun, co\u017e je nejv\u00edce za posledn\u00edch deset let. <br><br>Cel\u00fd \u010dl\u00e1nek naleznete v Parlamentn\u00edch Listech: <a href=\"http:\/\/www.parlamentnilisty.cz\/politika\/obce-volicum\/Frydek-Mistek-Sbirka-Vanocni-strom-byla-rekordni-pres-77-tisic-pro-mistni-hospic-611575\" target=\"_blank\" rel=\"noreferrer noopener\" aria-label=\" (otev\u0159e se na nov\u00e9 z\u00e1lo\u017ece)\">http:\/\/www.parlamentnilisty.cz\/politika\/obce-volicum\/Frydek-Mistek-Sbirka-Vanocni-strom-byla-rekordni-pres-77-tisic-pro-mistni-hospic-611575<\/a><\/p>\n","protected":false},"excerpt":{"rendered":"<div class=\"mh-excerpt\"><p>Statut\u00e1rn\u00ed m\u011bsto Fr\u00fddek-M\u00edstek po\u0159\u00e1dalo koncem minul\u00e9ho roku tradi\u010dn\u00ed ve\u0159ejnou sb\u00edrku &#8222;V\u00e1no\u010dn\u00ed strom&#8220;. V\u00fdt\u011b\u017eek je ur\u010den na dobro\u010dinn\u00e9 \u00fa\u010dely. Tentokr\u00e1t byl ur\u010den pro pot\u0159eby hospice, provozovan\u00e9ho <a class=\"mh-excerpt-more\" href=\"https:\/\/www.invarena.cz\/?p=33381\" title=\"Fr\u00fddek-M\u00edstek: Sb\u00edrka &#8222;V\u00e1no\u010dn\u00ed strom&#8220; byla rekordn\u00ed, p\u0159es 77 tis\u00edc pro m\u00edstn\u00ed hospic\">[&#8230;]<\/a><\/p>\n<\/div>","protected":false},"author":1,"featured_media":14150,"comment_status":"open","ping_status":"closed","sticky":false,"template":"","format":"standard","meta":{"footnotes":""},"categories":[9],"tags":[],"class_list":["post-33381","post","type-post","status-publish","format-standard","has-post-thumbnail","hentry","category-zpravy"],"_links":{"self":[{"href":"https:\/\/www.invarena.cz\/index.php?rest_route=\/wp\/v2\/posts\/33381","targetHints":{"allow":["GET"]}}],"collection":[{"href":"https:\/\/www.invarena.cz\/index.php?rest_route=\/wp\/v2\/posts"}],"about":[{"href":"https:\/\/www.invarena.cz\/index.php?rest_route=\/wp\/v2\/types\/post"}],"author":[{"embeddable":true,"href":"https:\/\/www.invarena.cz\/index.php?rest_route=\/wp\/v2\/users\/1"}],"replies":[{"embeddable":true,"href":"https:\/\/www.invarena.cz\/index.php?rest_route=%2Fwp%2Fv2%2Fcomments&post=33381"}],"version-history":[{"count":0,"href":"https:\/\/www.invarena.cz\/index.php?rest_route=\/wp\/v2\/posts\/33381\/revisions"}],"wp:featuredmedia":[{"embeddable":true,"href":"https:\/\/www.invarena.cz\/index.php?rest_route=\/wp\/v2\/media\/14150"}],"wp:attachment":[{"href":"https:\/\/www.invarena.cz\/index.php?rest_route=%2Fwp%2Fv2%2Fmedia&parent=33381"}],"wp:term":[{"taxonomy":"category","embeddable":true,"href":"https:\/\/www.invarena.cz\/index.php?rest_route=%2Fwp%2Fv2%2Fcategories&post=33381"},{"taxonomy":"post_tag","embeddable":true,"href":"https:\/\/www.invarena.cz\/index.php?rest_route=%2Fwp%2Fv2%2Ftags&post=33381"}],"curies":[{"name":"wp","href":"https:\/\/api.w.org\/{rel}","templated":true}]}}