{"id":33395,"date":"2020-01-30T11:38:31","date_gmt":"2020-01-30T10:38:31","guid":{"rendered":"http:\/\/www.invarena.cz\/?p=33395"},"modified":"2020-01-30T11:38:32","modified_gmt":"2020-01-30T10:38:32","slug":"rekordmanem-sbirky-je-kdyne","status":"publish","type":"post","link":"https:\/\/www.invarena.cz\/?p=33395","title":{"rendered":"Rekordmanem sb\u00edrky je Kdyn\u011b"},"content":{"rendered":"\n<p>Doma\u017elicko podporuje p\u0159edev\u0161\u00edm m\u00edstn\u00ed projekty. <br> <br>Plze\u0148sk\u00e1 diec\u00e9ze hl\u00e1s\u00ed se\u010dteno. Letos se T\u0159\u00edkr\u00e1lov\u00e1 sb\u00edrka py\u0161n\u00ed nejvy\u0161\u0161\u00ed vybranou \u010d\u00e1stkou v z\u00e1padn\u00edch \u010cech\u00e1ch za uplynul\u00fdch dvacet let \u2013 5 959 579 korun.<\/p>\n\n\n\n<p>Na Doma\u017elicku byli nejv\u011bt\u0161\u00ed rekordmani ve Kdyni a okol\u00ed. Doma\u017elice p\u0159ekonali o v\u00edc ne\u017e sto tis\u00edc korun. <br> <br>NEUV\u011a\u0158ITELN\u00c1 \u010c\u00c1STKA <br> <br>Na Kdy\u0148sku s pomoc\u00ed 186 koledn\u00edk\u016f rozd\u011blen\u00fdch do 62 skupinek vybrali neuv\u011b\u0159iteln\u00fdch 342 434 korun, co\u017e je skoro o 24 tis\u00edc vice ne\u017e v roce 2019. I tehdy byl v\u00fdt\u011b\u017eek na Kdy\u0148sku rekordn\u00ed.<\/p>\n\n\n\n<p>&#8222;Vzhledem k velikosti m\u011bsta a regionu je to neuv\u011b\u0159iteln\u00e1 \u010d\u00e1stka,&#8220; uvedla Ludmila Brychov\u00e1 z Infocentra Kdyn\u011b s t\u00edm, \u017ee za dvacet let koledov\u00e1n\u00ed ve Kdyni se vybralo skoro 4,5 milionu korun.<\/p>\n\n\n\n<p>Doma\u017elice tak\u00e9 p\u0159isp\u011bly zna\u010dn\u00fdm pod\u00edlem, konkr\u00e9tn\u011b 228 787 korunami.<\/p>\n\n\n\n<p>&#8222;Vybran\u00e9 pen\u00edze pomohou m\u00edstn\u00edm projekt\u016fm,&#8220; \u0159ekla soci\u00e1ln\u00ed pracovnice Lenka Eisenhamerov\u00e1, kter\u00e1 z\u00e1rove\u0148 p\u016fsobila jako koordin\u00e1torka sb\u00edrky na Doma\u017elicku. <br> <br>KAM P\u016eJDOU PEN\u00cdZE <br> <br>&#8222;V na\u0161\u00ed diec\u00e9zi bylo p\u0159edem stanoveno 57 z\u00e1m\u011br\u016f pomoci, kter\u00e9 budou uskute\u010dn\u011bny z vykoledovan\u00fdch pen\u011bz,&#8220; uvedl \u0159editel Diec\u00e9zn\u00ed charity Plze\u0148 Ji\u0159\u00ed Lodr.<\/p>\n\n\n\n<p>Na Doma\u017elicku to jsou soci\u00e1ln\u011b terapeutick\u00e9 d\u00edlny sv. Josefa v Doma\u017elic\u00edch a Meclov\u011b, SOS Doma\u017elice a Domov svat\u00e9ho Vav\u0159ince \u2013 ter\u00e9nn\u00ed, ambulantn\u00ed a pobytov\u00e1 forma soci\u00e1ln\u00ed rehabilitace, Azylov\u00fd d\u016fm Doma\u017elice, Domov pro matky s d\u011btmi v t\u00edsni Havlovice.<\/p>\n\n\n\n<p>Dal\u0161\u00ed m\u00edsta, kde budou pen\u00edze pom\u00e1hat, jsou volno\u010dasov\u00e9 kluby DUHA, Haf\u00edk, o. s. \u2013 rozvoj canisterapie v soci\u00e1ln\u00edch slu\u017eb\u00e1ch na Doma\u017elicku, d\u00e1le Volno\u010dasov\u00fd klub pro d\u011bti a ml\u00e1de\u017e ze soci\u00e1ln\u011b pot\u0159ebn\u00fdch rodin.<\/p>\n\n\n\n<p>V Hol\u00fd\u0161ov\u011b si pro pomoc vybrali nap\u0159\u00edklad p\u011btilet\u00e9ho fyzicky a psychicky posti\u017een\u00e9ho Jon\u00e1\u0161e Kle\u010dku z Plzn\u011b. Pen\u00edze mu pom\u016f\u017eou s l\u00e9\u010debnou p\u00e9\u010d\u00ed a pom\u016fckami. P\u0159\u00edsp\u011bvek z T\u0159\u00edkr\u00e1lov\u00e9 sb\u00edrky na Doma\u017elicku mu pomohl i loni.<\/p>\n\n\n\n<p>Tak\u00e9 ve Sta\u0148kov\u011b rozd\u011bl\u00ed farn\u00ed charita vybran\u00e9 pen\u00edze pot\u0159ebn\u00fdm. V sou\u010dasn\u00e9 dob\u011b zde p\u0159ipravuj\u00ed darovac\u00ed smlouvu Z\u00e1kladn\u00ed \u0161kole Sta\u0148kov, kam poputuje \u010d\u00e1st ze sumy, kter\u00e1 z\u016fstane farnosti \u2013 je to kolem 80 tis\u00edc korun. Z pen\u011bz se budou hradit pot\u0159eby konkr\u00e9tn\u00edch d\u011bt\u00ed ze soci\u00e1ln\u011b slab\u00fdch rodin, ale pom\u00e1hat se bude i dal\u0161\u00edm; podm\u00ednkou nen\u00ed, aby m\u011bli n\u00e1vaznost na sta\u0148kovskou \u0161kolu. <br> <br>Kolik se vybralo: <br>Bl\u00ed\u017eejov 18 778 K\u010d <br>Chodov 41 453 K\u010d <br>Hor\u0161ovsk\u00fd T\u00fdn 85 255 K\u010d <br>Hostou\u0148 20 253 K\u010d <br>Hol\u00fd\u0161ov 38 503 K\u010d <br>Doma\u017elice 228 787 K\u010d <br>Kdyn\u011b 342 434 K\u010d <br>Klen\u010d\u00ed pod \u010cerchovem 167 120 K\u010d <br>Mr\u00e1kov 65 727 K\u010d <br>Pob\u011b\u017eovice 44 426 K\u010d <br>Sta\u0148kov 128 944 K\u010d<\/p>\n\n\n\n<p>PETRA K\u016eTOV\u00c1<\/p>\n\n\n\n<p>Doma\u017elick\u00fd den\u00edk<\/p>\n\n\n\n<p><a rel=\"noreferrer noopener\" aria-label=\" (otev\u0159e se na nov\u00e9 z\u00e1lo\u017ece)\" href=\"http:\/\/domazlicky.denik.cz\/\" target=\"_blank\">http:\/\/domazlicky.denik.cz\/<\/a><\/p>\n","protected":false},"excerpt":{"rendered":"<div class=\"mh-excerpt\"><p>Doma\u017elicko podporuje p\u0159edev\u0161\u00edm m\u00edstn\u00ed projekty. Plze\u0148sk\u00e1 diec\u00e9ze hl\u00e1s\u00ed se\u010dteno. Letos se T\u0159\u00edkr\u00e1lov\u00e1 sb\u00edrka py\u0161n\u00ed nejvy\u0161\u0161\u00ed vybranou \u010d\u00e1stkou v z\u00e1padn\u00edch \u010cech\u00e1ch za uplynul\u00fdch dvacet let \u2013 <a class=\"mh-excerpt-more\" href=\"https:\/\/www.invarena.cz\/?p=33395\" title=\"Rekordmanem sb\u00edrky je Kdyn\u011b\">[&#8230;]<\/a><\/p>\n<\/div>","protected":false},"author":1,"featured_media":24717,"comment_status":"open","ping_status":"closed","sticky":false,"template":"","format":"standard","meta":{"footnotes":""},"categories":[9],"tags":[],"class_list":["post-33395","post","type-post","status-publish","format-standard","has-post-thumbnail","hentry","category-zpravy"],"_links":{"self":[{"href":"https:\/\/www.invarena.cz\/index.php?rest_route=\/wp\/v2\/posts\/33395","targetHints":{"allow":["GET"]}}],"collection":[{"href":"https:\/\/www.invarena.cz\/index.php?rest_route=\/wp\/v2\/posts"}],"about":[{"href":"https:\/\/www.invarena.cz\/index.php?rest_route=\/wp\/v2\/types\/post"}],"author":[{"embeddable":true,"href":"https:\/\/www.invarena.cz\/index.php?rest_route=\/wp\/v2\/users\/1"}],"replies":[{"embeddable":true,"href":"https:\/\/www.invarena.cz\/index.php?rest_route=%2Fwp%2Fv2%2Fcomments&post=33395"}],"version-history":[{"count":0,"href":"https:\/\/www.invarena.cz\/index.php?rest_route=\/wp\/v2\/posts\/33395\/revisions"}],"wp:featuredmedia":[{"embeddable":true,"href":"https:\/\/www.invarena.cz\/index.php?rest_route=\/wp\/v2\/media\/24717"}],"wp:attachment":[{"href":"https:\/\/www.invarena.cz\/index.php?rest_route=%2Fwp%2Fv2%2Fmedia&parent=33395"}],"wp:term":[{"taxonomy":"category","embeddable":true,"href":"https:\/\/www.invarena.cz\/index.php?rest_route=%2Fwp%2Fv2%2Fcategories&post=33395"},{"taxonomy":"post_tag","embeddable":true,"href":"https:\/\/www.invarena.cz\/index.php?rest_route=%2Fwp%2Fv2%2Ftags&post=33395"}],"curies":[{"name":"wp","href":"https:\/\/api.w.org\/{rel}","templated":true}]}}