{"id":33398,"date":"2020-01-30T12:11:10","date_gmt":"2020-01-30T11:11:10","guid":{"rendered":"http:\/\/www.invarena.cz\/?p=33398"},"modified":"2020-01-30T12:11:12","modified_gmt":"2020-01-30T11:11:12","slug":"kolednici-zabodovali-i-v-praze","status":"publish","type":"post","link":"https:\/\/www.invarena.cz\/?p=33398","title":{"rendered":"Koledn\u00edci zabodovali i v Praze"},"content":{"rendered":"\n<p>Jubilejn\u00ed dvac\u00e1t\u00fd ro\u010dn\u00edk nejv\u011bt\u0161\u00ed charitativn\u00ed sb\u00edrky v zemi, kterou organizuje katolick\u00e1 Charita \u010cR, byl z hlediska z\u00edskan\u00fdch \u010d\u00e1stek rekordn\u00ed ve v\u0161ech regionech. I kdy\u017e je\u0161t\u011b nejsou v\u0161echny pokladni\u010dky se\u010dteny, v Praze bylo vybr\u00e1no 8,6 milionu korun. <\/p>\n\n\n\n<p>&#8222;Na Morav\u011b je pochopiteln\u011b v\u00edce v\u011b\u0159\u00edc\u00edch a koledov\u00e1n\u00ed na T\u0159i kr\u00e1le tam m\u00e1 hlubokou tradici. Praha u\u017e je ov\u0161em z m\u00e9ho pohledu v\u00edcem\u00e9n\u011b saturovan\u00e1, proto\u017ee frekventovan\u00e1 m\u00edsta jsou koledn\u00edky obsazen\u00e1 a ve velkom\u011bst\u011b nejde chodit d\u016fm od domu. Potenci\u00e1l k r\u016fstu ale vid\u00edm ve St\u0159edo\u010desk\u00e9m kraji,&#8220; \u0159ekla Jarmila Lomozov\u00e1 z Arcidiec\u00e9zn\u00ed charity Praha.<\/p>\n\n\n\n<p>V\u011bt\u0161ina vybran\u00fdch pen\u011bz pom\u00e1h\u00e1 lidem, kte\u0159\u00ed se ocitli v nouzi a komplikac\u00edch. Konkr\u00e9tn\u011b senior\u016fm, lidem z okraje spole\u010dnosti nebo rodin\u00e1m v t\u00edsni. &#8222;V posledn\u00ed dob\u011b se na n\u00e1s \u010dast\u011bji obracej\u00ed kv\u016fli probl\u00e9m\u016fm s \u017eivobyt\u00edm t\u0159eba v\u00edce\u010detn\u00e9 rodiny v\u010detn\u011b t\u011bch, kter\u00e9 dosud nebyly mezi na\u0161imi klienty,&#8220; upozornila Lomozov\u00e1. <\/p>\n\n\n\n<p>V Praze v r\u00e1mci T\u0159\u00edkr\u00e1lov\u00e9 sb\u00edrky vyslaly koledn\u00edky do ulic des\u00edtky subjekt\u016f \u2013 farnost\u00ed, charit nebo \u0161kol. Vybran\u00e9 pen\u00edze shroma\u017e\u010fuje Charita \u010cR. Jednotliv\u00e9 organizace pak koncem jara dostanou necel\u00e9 dv\u011b t\u0159etiny sv\u00fdch v\u00fdt\u011b\u017ek\u016f zp\u011bt, aby z nich mohly financovat p\u0159edem vytipovan\u00e9 projekty. <br> <br>\u010c\u00e1stky vybran\u00e9 b\u011bhem T\u0159\u00edkr\u00e1lov\u00e9 sb\u00edrky:<br> <br>Arcidiec\u00e9ze pra\u017esk\u00e1<br>1 121 081 K\u010d (2001), 8 619 685 K\u010d (2020) <br>99,8 % pokladni\u010dek se\u010dteno <br> <br>K\u0159es\u0165ansk\u00e9 gymn\u00e1zium Hostiva\u0159 <br>144 tis\u00edc K\u010d\/50  <\/p>\n\n\n\n<p>\u00bb n\u00e1kup vybaven\u00ed do \u0161koln\u00edho klubu a st\u0159ediska voln\u00e9ho \u010dasu: 65 tis\u00edc K\u010d<\/p>\n\n\n\n<p>Arcidiec\u00e9zn\u00ed charita Praha <br>1099 tis\u00edc K\u010d\/270<\/p>\n\n\n\n<p>\u00bb podpora soci\u00e1ln\u00edho bydlen\u00ed v \u010cakovic\u00edch, p\u0159\u00edsp\u011bvek na rekonstrukci  azylov\u00e9ho domu sv. M\u00e1\u0159\u00ed Magdaleny v Kralupech nad Vltavou, p\u0159\u00edsp\u011bvek do  fondu pro soci\u00e1ln\u011b slab\u00e9 rodiny <\/p>\n\n\n\n<p>Duchovn\u00ed spr\u00e1va u kostela sv. Ign\u00e1ce Praha \u2013 Nov\u00e9 M\u011bsto <br> 74 tis\u00edc K\u010d\/4  <\/p>\n\n\n\n<p>\u00bb \u00fahrada n\u00e1klad\u016f Adopce na d\u00e1lku d\u011bt\u00ed v Indii a Ugand\u011b: 23 tis\u00edc K\u010d <br>\u00bb podpora azylov\u00e9ho domu pro matky s d\u011btmi v Brand\u00fdse nad Labem: 17 tis\u00edc K\u010d <br> <br>Charita Praha 4 \u2013 Chodov <br>111 tis\u00edc K\u010d\/25  <\/p>\n\n\n\n<p>\u00bb financov\u00e1n\u00ed mzdov\u00fdch a provozn\u00edch n\u00e1klad\u016f o\u0161et\u0159ovatelsk\u00e9 slu\u017eby <br> <br>Farnost v\u0161ech svat\u00fdch Praha \u2013 Uh\u0159\u00edn\u011bves <br>106 tis\u00edc K\u010d\/18<\/p>\n\n\n\n<p>\u00bb pomoc d\u011btem ze soci\u00e1ln\u011b slab\u00fdch rodin na \u0161koln\u00ed pom\u016fcky: 40 tis\u00edc K\u010d <br>\u00bb aktivizace d\u011bt\u00ed jako prevence rizikov\u00e9ho chov\u00e1n\u00ed: 20 tis\u00edc K\u010d <br>\u00bb pomoc d\u011btem se speci\u00e1ln\u00edmi poruchami u\u010den\u00ed: 5 tis\u00edc K\u010d  <\/p>\n\n\n\n<p>Katolick\u00fd domov studuj\u00edc\u00edch <br>47 tis\u00edc K\u010d\/7<\/p>\n\n\n\n<p>\u00bb workshopy prevence z\u00e1vislost\u00ed a boje s AIDS: 10 tis\u00edc K\u010d  <\/p>\n\n\n\n<p>Farn\u00ed charita Praha 13 \u2013 Stod\u016flky <br>143 tis\u00edc K\u010d\/25<\/p>\n\n\n\n<p>\u00bb poradenstv\u00ed pro osoby pe\u010duj\u00edc\u00ed o bl\u00edzkou osobu: 25 tis\u00edc K\u010d <br>\u00bb podpora rodin s d\u011btmi v t\u00ed\u017eiv\u00e9 soci\u00e1ln\u00ed situaci: 20 tis\u00edc K\u010d <br>\u00bb organizace v\u00fdletu pro nemocn\u00e9 a star\u0161\u00ed obyvatele Prahy: 10 tis\u00edc K\u010d  <\/p>\n\n\n\n<p>\u0158eckokatolick\u00e1 charita Praha <br>29 tis\u00edc K\u010d\/8<\/p>\n\n\n\n<p>\u00bb podpora volno\u010dasov\u00fdch aktivit rodin a d\u011bt\u00ed cizinc\u016f: 12 tis\u00edc K\u010d <br> <br>Katolick\u00e1 mate\u0159sk\u00e1 \u0161kola u sv. Klimenta <br>19 tis\u00edc K\u010d\/12<\/p>\n\n\n\n<p>\u00bb obnova zahradn\u00edho n\u00e1bytku pro venkovn\u00ed aktivity d\u011bt\u00ed: 20 tis\u00edc K\u010d  <\/p>\n\n\n\n<p>Farnost sv. Norberta Praha \u2013 St\u0159e\u0161ovice <br>134 tis\u00edc K\u010d\/20<\/p>\n\n\n\n<p>\u00bb vybudov\u00e1n\u00ed bezbari\u00e9rov\u00e9 koupelny v dom\u011b pro hendikepovan\u00e9: 50 tis\u00edc K\u010d <br>\u00bb organizace setk\u00e1n\u00ed senior\u016f: 30 tis\u00edc K\u010d  <\/p>\n\n\n\n<p>Charita Praha 7 \u2013 Hole\u0161ovice <br>36 tis\u00edc K\u010d\/12<\/p>\n\n\n\n<p>\u00bb N\u00e1kup kompenza\u010dn\u00edch pom\u016fcek: 20 tis\u00edc K\u010d <br>\u00bb Materi\u00e1ln\u00ed pomoc pro soci\u00e1ln\u011b slabou rodinu: 12 tis\u00edc K\u010d <br>\u00bb N\u00e1kup d\u00e1rk\u016f k v\u00fdznamn\u00fdm v\u00fdro\u010d\u00edm senior\u016f: 5 tis\u00edc K\u010d<\/p>\n\n\n\n<p>Kongregace milosrdn\u00fdch sester sv. Karly Boromejsk\u00e9 <br>34 tis\u00edc K\u010d\/4<\/p>\n\n\n\n<p>\u00bb p\u0159\u00edsp\u011bvek na o\u0161et\u0159en\u00ed lid\u00ed bez zdravotn\u00edho poji\u0161t\u011bn\u00ed: 10 tis\u00edc K\u010d<\/p>\n\n\n\n<p>Zdroj: trikralovasbirka.cz, Charita \u010cR <br> <br>Pozn.: Jde o vybran\u00e9 organizace<\/p>\n\n\n\n<p>JAN PROKE\u0160<\/p>\n\n\n\n<p>Pra\u017esk\u00fd den\u00edk<\/p>\n\n\n\n<p><a rel=\"noreferrer noopener\" aria-label=\" (otev\u0159e se na nov\u00e9 z\u00e1lo\u017ece)\" href=\"http:\/\/www.prazsky.denik.cz\/\" target=\"_blank\">http:\/\/www.prazsky.denik.cz\/<\/a><\/p>\n","protected":false},"excerpt":{"rendered":"<div class=\"mh-excerpt\"><p>Jubilejn\u00ed dvac\u00e1t\u00fd ro\u010dn\u00edk nejv\u011bt\u0161\u00ed charitativn\u00ed sb\u00edrky v zemi, kterou organizuje katolick\u00e1 Charita \u010cR, byl z hlediska z\u00edskan\u00fdch \u010d\u00e1stek rekordn\u00ed ve v\u0161ech regionech. I kdy\u017e je\u0161t\u011b <a class=\"mh-excerpt-more\" href=\"https:\/\/www.invarena.cz\/?p=33398\" title=\"Koledn\u00edci zabodovali i v Praze\">[&#8230;]<\/a><\/p>\n<\/div>","protected":false},"author":1,"featured_media":14097,"comment_status":"open","ping_status":"closed","sticky":false,"template":"","format":"standard","meta":{"footnotes":""},"categories":[9],"tags":[],"class_list":["post-33398","post","type-post","status-publish","format-standard","has-post-thumbnail","hentry","category-zpravy"],"_links":{"self":[{"href":"https:\/\/www.invarena.cz\/index.php?rest_route=\/wp\/v2\/posts\/33398","targetHints":{"allow":["GET"]}}],"collection":[{"href":"https:\/\/www.invarena.cz\/index.php?rest_route=\/wp\/v2\/posts"}],"about":[{"href":"https:\/\/www.invarena.cz\/index.php?rest_route=\/wp\/v2\/types\/post"}],"author":[{"embeddable":true,"href":"https:\/\/www.invarena.cz\/index.php?rest_route=\/wp\/v2\/users\/1"}],"replies":[{"embeddable":true,"href":"https:\/\/www.invarena.cz\/index.php?rest_route=%2Fwp%2Fv2%2Fcomments&post=33398"}],"version-history":[{"count":0,"href":"https:\/\/www.invarena.cz\/index.php?rest_route=\/wp\/v2\/posts\/33398\/revisions"}],"wp:featuredmedia":[{"embeddable":true,"href":"https:\/\/www.invarena.cz\/index.php?rest_route=\/wp\/v2\/media\/14097"}],"wp:attachment":[{"href":"https:\/\/www.invarena.cz\/index.php?rest_route=%2Fwp%2Fv2%2Fmedia&parent=33398"}],"wp:term":[{"taxonomy":"category","embeddable":true,"href":"https:\/\/www.invarena.cz\/index.php?rest_route=%2Fwp%2Fv2%2Fcategories&post=33398"},{"taxonomy":"post_tag","embeddable":true,"href":"https:\/\/www.invarena.cz\/index.php?rest_route=%2Fwp%2Fv2%2Ftags&post=33398"}],"curies":[{"name":"wp","href":"https:\/\/api.w.org\/{rel}","templated":true}]}}