{"id":33404,"date":"2020-01-30T12:25:10","date_gmt":"2020-01-30T11:25:10","guid":{"rendered":"http:\/\/www.invarena.cz\/?p=33404"},"modified":"2020-01-30T21:58:55","modified_gmt":"2020-01-30T20:58:55","slug":"v-16-ji-nasli-nadory-na-mozku-aby-nezustala-lezici-potrebuje-intenzivni-rehabilitace","status":"publish","type":"post","link":"https:\/\/www.invarena.cz\/?p=33404","title":{"rendered":"V 16 j\u00ed na\u0161li n\u00e1dory na mozku. Aby nez\u016fstala le\u017e\u00edc\u00ed, pot\u0159ebuje intenzivn\u00ed rehabilitace"},"content":{"rendered":"\n<p>Dnes sedmn\u00e1ctilet\u00e1 Monika byla zdravou, bezprobl\u00e9movou d\u00edvkou sn\u00edc\u00ed o&nbsp;sv\u00e9 vlastn\u00ed cukr\u00e1rn\u011b. Na ja\u0159e lo\u0148sk\u00e9ho roku ji ale za\u010daly tr\u00e1pit bolesti hlavy, kter\u00e9 se neust\u00e1le stup\u0148ovaly. L\u00e9ka\u0159i ji okam\u017eit\u011b poslali na magnetickou rezonanci, kter\u00e1 bohu\u017eel odhalila dva mozkov\u00e9 n\u00e1dory. Je\u0161t\u011b ten den Moniku p\u0159evezli do brn\u011bnsk\u00e9 nemocnice, kde ji za t\u00fdden operovali. Jednalo se o&nbsp;slo\u017eitou operaci, kter\u00e1 se neobe\u0161la bez n\u00e1sledk\u016f.<\/p>\n\n\n\n<p>Cel\u00fd \u010dl\u00e1nek naleznete na novinky.cz: <a href=\"https:\/\/www.novinky.cz\/zena\/deti\/clanek\/v-16-ji-nasli-nadory-na-mozku-aby-nezustala-lezici-potrebuje-intenzivni-rehabilitace-40311618\" target=\"_blank\" rel=\"noreferrer noopener\" aria-label=\" (otev\u0159e se na nov\u00e9 z\u00e1lo\u017ece)\">https:\/\/www.novinky.cz\/zena\/deti\/clanek\/v-16-ji-nasli-nadory-na-mozku-aby-nezustala-lezici-potrebuje-intenzivni-rehabilitace-40311618<\/a><\/p>\n","protected":false},"excerpt":{"rendered":"<div class=\"mh-excerpt\"><p>Dnes sedmn\u00e1ctilet\u00e1 Monika byla zdravou, bezprobl\u00e9movou d\u00edvkou sn\u00edc\u00ed o&nbsp;sv\u00e9 vlastn\u00ed cukr\u00e1rn\u011b. Na ja\u0159e lo\u0148sk\u00e9ho roku ji ale za\u010daly tr\u00e1pit bolesti hlavy, kter\u00e9 se neust\u00e1le stup\u0148ovaly. <a class=\"mh-excerpt-more\" href=\"https:\/\/www.invarena.cz\/?p=33404\" title=\"V 16 j\u00ed na\u0161li n\u00e1dory na mozku. Aby nez\u016fstala le\u017e\u00edc\u00ed, pot\u0159ebuje intenzivn\u00ed rehabilitace\">[&#8230;]<\/a><\/p>\n<\/div>","protected":false},"author":1,"featured_media":1875,"comment_status":"open","ping_status":"closed","sticky":false,"template":"","format":"standard","meta":{"footnotes":""},"categories":[17,9],"tags":[],"class_list":["post-33404","post","type-post","status-publish","format-standard","has-post-thumbnail","hentry","category-kultura","category-zpravy"],"_links":{"self":[{"href":"https:\/\/www.invarena.cz\/index.php?rest_route=\/wp\/v2\/posts\/33404","targetHints":{"allow":["GET"]}}],"collection":[{"href":"https:\/\/www.invarena.cz\/index.php?rest_route=\/wp\/v2\/posts"}],"about":[{"href":"https:\/\/www.invarena.cz\/index.php?rest_route=\/wp\/v2\/types\/post"}],"author":[{"embeddable":true,"href":"https:\/\/www.invarena.cz\/index.php?rest_route=\/wp\/v2\/users\/1"}],"replies":[{"embeddable":true,"href":"https:\/\/www.invarena.cz\/index.php?rest_route=%2Fwp%2Fv2%2Fcomments&post=33404"}],"version-history":[{"count":0,"href":"https:\/\/www.invarena.cz\/index.php?rest_route=\/wp\/v2\/posts\/33404\/revisions"}],"wp:featuredmedia":[{"embeddable":true,"href":"https:\/\/www.invarena.cz\/index.php?rest_route=\/wp\/v2\/media\/1875"}],"wp:attachment":[{"href":"https:\/\/www.invarena.cz\/index.php?rest_route=%2Fwp%2Fv2%2Fmedia&parent=33404"}],"wp:term":[{"taxonomy":"category","embeddable":true,"href":"https:\/\/www.invarena.cz\/index.php?rest_route=%2Fwp%2Fv2%2Fcategories&post=33404"},{"taxonomy":"post_tag","embeddable":true,"href":"https:\/\/www.invarena.cz\/index.php?rest_route=%2Fwp%2Fv2%2Ftags&post=33404"}],"curies":[{"name":"wp","href":"https:\/\/api.w.org\/{rel}","templated":true}]}}