{"id":33447,"date":"2020-02-03T20:28:36","date_gmt":"2020-02-03T19:28:36","guid":{"rendered":"http:\/\/www.invarena.cz\/?p=33447"},"modified":"2020-02-03T20:29:59","modified_gmt":"2020-02-03T19:29:59","slug":"lze-si-privydelat-k-prispevku-na-peci","status":"publish","type":"post","link":"https:\/\/www.invarena.cz\/?p=33447","title":{"rendered":"Lze si p\u0159ivyd\u011blat k p\u0159\u00edsp\u011bvku na p\u00e9\u010di?"},"content":{"rendered":"\n<p><strong>DOTAZ: M\u00e1m syna a beru na n\u011bj peci, m\u00e1me druhy stupe\u0148,  mu\u017eu si p\u0159ivyd\u011blat n\u011bjakou korunu? <\/strong><\/p>\n\n\n\n<p>Odpov\u011b\u010f:<\/p>\n\n\n\n<p>P\u0159\u00edsp\u011bvek na p\u00e9\u010di je  ur\u010den na zaji\u0161t\u011bn\u00ed pot\u0159ebn\u00e9 pomoci od osob bl\u00edzk\u00fdch, a to v rozsahu stanoven\u00e9m stupn\u011bm z\u00e1vislosti.  <br><br><em>Pokud je pot\u0159ebn\u00e1 pomoc d\u00edt\u011bti,  kter\u00e9 p\u0159\u00edsp\u011bvek pob\u00edr\u00e1, poskytov\u00e1na pln\u011b a \u0159\u00e1dn\u011b, \u00fa\u0159ad nezkoum\u00e1,  zda si pe\u010duj\u00edc\u00ed osoba dal\u0161\u00edm zp\u016fsobem p\u0159ivyd\u011bl\u00e1. Pro p\u0159\u00edsp\u011bvek na p\u00e9\u010di  plat\u00ed, \u017ee si osoba m\u016f\u017ee vyd\u011blat jakoukoli \u010d\u00e1stku bez omezen\u00ed v  p\u0159\u00edpad\u011b, \u017ee je p\u00e9\u010de pln\u011b zaji\u0161t\u011bna.<\/em><br><br>Rodi\u010d si m\u016f\u017ee neomezen\u011b p\u0159ivyd\u011blat tak\u00e9 p\u0159i \u010derp\u00e1n\u00ed  rodi\u010dovsk\u00e9 dovolen\u00e9, kter\u00e1, jedn\u00e1-li se o d\u00edt\u011b s posti\u017een\u00edm,  m\u016f\u017ee b\u00fdt  prodlou\u017eena a\u017e na sedm let.  <br><br>Informace o mo\u017enosti p\u0159iv\u00fdd\u011blku b\u011bhem pob\u00edr\u00e1n\u00ed p\u0159\u00edsp\u011bvku na p\u00e9\u010di o  posti\u017een\u00e9 d\u011bti poskytnou soci\u00e1ln\u00ed odbory nebo \u00fa\u0159ady pr\u00e1ce.<\/p>\n\n\n\n<p>redakce invArena <\/p>\n","protected":false},"excerpt":{"rendered":"<div class=\"mh-excerpt\"><p>DOTAZ: M\u00e1m syna a beru na n\u011bj peci, m\u00e1me druhy stupe\u0148, mu\u017eu si p\u0159ivyd\u011blat n\u011bjakou korunu? Odpov\u011b\u010f: P\u0159\u00edsp\u011bvek na p\u00e9\u010di je ur\u010den na zaji\u0161t\u011bn\u00ed pot\u0159ebn\u00e9 <a class=\"mh-excerpt-more\" href=\"https:\/\/www.invarena.cz\/?p=33447\" title=\"Lze si p\u0159ivyd\u011blat k p\u0159\u00edsp\u011bvku na p\u00e9\u010di?\">[&#8230;]<\/a><\/p>\n<\/div>","protected":false},"author":1,"featured_media":14577,"comment_status":"open","ping_status":"closed","sticky":false,"template":"","format":"standard","meta":{"footnotes":""},"categories":[18],"tags":[],"class_list":["post-33447","post","type-post","status-publish","format-standard","has-post-thumbnail","hentry","category-poradna"],"_links":{"self":[{"href":"https:\/\/www.invarena.cz\/index.php?rest_route=\/wp\/v2\/posts\/33447","targetHints":{"allow":["GET"]}}],"collection":[{"href":"https:\/\/www.invarena.cz\/index.php?rest_route=\/wp\/v2\/posts"}],"about":[{"href":"https:\/\/www.invarena.cz\/index.php?rest_route=\/wp\/v2\/types\/post"}],"author":[{"embeddable":true,"href":"https:\/\/www.invarena.cz\/index.php?rest_route=\/wp\/v2\/users\/1"}],"replies":[{"embeddable":true,"href":"https:\/\/www.invarena.cz\/index.php?rest_route=%2Fwp%2Fv2%2Fcomments&post=33447"}],"version-history":[{"count":0,"href":"https:\/\/www.invarena.cz\/index.php?rest_route=\/wp\/v2\/posts\/33447\/revisions"}],"wp:featuredmedia":[{"embeddable":true,"href":"https:\/\/www.invarena.cz\/index.php?rest_route=\/wp\/v2\/media\/14577"}],"wp:attachment":[{"href":"https:\/\/www.invarena.cz\/index.php?rest_route=%2Fwp%2Fv2%2Fmedia&parent=33447"}],"wp:term":[{"taxonomy":"category","embeddable":true,"href":"https:\/\/www.invarena.cz\/index.php?rest_route=%2Fwp%2Fv2%2Fcategories&post=33447"},{"taxonomy":"post_tag","embeddable":true,"href":"https:\/\/www.invarena.cz\/index.php?rest_route=%2Fwp%2Fv2%2Ftags&post=33447"}],"curies":[{"name":"wp","href":"https:\/\/api.w.org\/{rel}","templated":true}]}}