{"id":33587,"date":"2020-02-13T12:03:57","date_gmt":"2020-02-13T11:03:57","guid":{"rendered":"http:\/\/www.invarena.cz\/?p=33587"},"modified":"2020-02-13T12:03:58","modified_gmt":"2020-02-13T11:03:58","slug":"utaborili-se-na-jihoceske-univerzite","status":"publish","type":"post","link":"https:\/\/www.invarena.cz\/?p=33587","title":{"rendered":"Ut\u00e1bo\u0159ili se na Jiho\u010desk\u00e9 univerzit\u011b"},"content":{"rendered":"\n<p>Ze z\u00e1kladky na vysokou. O jarn\u00edch pr\u00e1zdnin\u00e1ch host\u00ed Zdravotn\u011b soci\u00e1ln\u00ed fakulta Jiho\u010desk\u00e9 univerzity \u017e\u00e1ky z\u00e1kladn\u00edch \u0161kol. P\u0159\u00edm\u011bstsk\u00fd t\u00e1bor D\u011btsk\u00e9 univerzity, kter\u00fd m\u00e1 letos druh\u00fd ro\u010dn\u00edk, se zam\u011b\u0159il na p\u00e9\u010di o posti\u017een\u00e9. <br><br>&#8222;S d\u011btmi mluv\u00edme o pr\u00e1ci s posti\u017een\u00fdmi, nav\u0161t\u011bvujeme s nimi i na\u0161e extern\u00ed partnery. Dnes odpoledne nav\u0161t\u00edv\u00edme Plasmaferu a budeme debatovat o d\u00e1rcovstv\u00ed krve a krevn\u00ed plazmy. V dal\u0161\u00edch dnech prozkoum\u00e1me canisterapii, ornitoterapii a hypoterapii. Jak\u00fdm zp\u016fsobem se p\u0159i nich pracuje s papou\u0161ky, se psy a s ko\u0148mi,&#8220; vysv\u011btlila vedouc\u00ed univerzitn\u00edho p\u0159\u00edm\u011bstsk\u00e9ho t\u00e1bora Renata \u0160vestkov\u00e1, kter\u00e1 je odbornou asistentkou \u00dastavu soci\u00e1ln\u00edch a speci\u00e1ln\u011bpedagogick\u00fdch v\u011bd Zdravotn\u011b soci\u00e1ln\u00ed fakulty. <br><br>&#8222;N\u00e1m se zat\u00edm nejv\u00edc l\u00edbil v\u010derej\u0161\u00ed floorbal a basketbal na voz\u00ed\u010dku. Dozv\u011bd\u011bli jsme se i takov\u00e9 v\u011bci, jako kolik stoj\u00ed prot\u00e9za a voz\u00edk. To n\u00e1s p\u0159ekvapilo, jak je to v\u0161echno drah\u00e9,&#8220; shodli se Tom\u00e1\u0161 Marx a Ond\u0159ej B\u0159\u00edza. <\/p>\n\n\n\n<p>A pro\u010d tr\u00e1v\u00ed jarn\u00ed pr\u00e1zdniny na vysok\u00e9 \u0161kole? &#8222;Byl jsem tu u\u017e minul\u00fd rok a bylo to super, tak jsem cht\u011bl letos znovu,&#8220; \u0159ekl Tom\u00e1\u0161. &#8222;A tak\u00e9 tu dob\u0159e va\u0159\u00ed,&#8220; doplnil up\u0159\u00edmn\u011b a se spokojen\u00fdm \u00fasm\u011bvem Ond\u0159ej. <\/p>\n\n\n\n<p>D\u011bti dostaly v pond\u011bl\u00ed do z\u00e1p\u016fj\u010dky invalidn\u00ed voz\u00edk a zkou\u0161ej\u00ed si, jak\u00e9 to je se na n\u011bm pohybovat. &#8222;Omezuje m\u011b to. Pohybovat se jen pomoc\u00ed rukou. Je to zaj\u00edmav\u00e9. Musela jsem se dostat bez pomoci nohou na zem. A to \u0161lo \u0161patn\u011b. Po rovince to jede dob\u0159e, ale je to nepohodln\u00e9. Nohy to zkr\u00e1tka nejsou,&#8220; zhodnotila Nela Eli\u0161kov\u00e1, kter\u00e1 je do\u010dasn\u011b upoutan\u00e1 na invalidn\u00ed voz\u00edk. <br><br>V \u00fater\u00fd dopoledne t\u00e1born\u00edk\u016fm p\u0159edn\u00e1\u0161ela Bohdana B\u0159\u00edzov\u00e1, jej\u00ed\u017e hlavn\u00ed specializac\u00ed je dobrovolnictv\u00ed. &#8222;Mluvili jsme o tom, \u017ee m\u016f\u017eeme b\u00fdt ka\u017ed\u00fd dobrovoln\u00edkem. Velmi m\u011b p\u0159ekvapilo, co v\u0161echno d\u011bti o dobrovolnictv\u00ed samy vymyslely,&#8220; \u0159ekla Bohdana B\u0159\u00edzov\u00e1. Na konci t\u00fddne \u010dek\u00e1 d\u011bti vyhodnocen\u00ed sout\u011b\u017ee a bojov\u00e1 hra. <\/p>\n\n\n\n<p>\u010ceskobud\u011bjovick\u00fd den\u00edk<\/p>\n\n\n\n<p><a rel=\"noreferrer noopener\" aria-label=\" (otev\u0159e se na nov\u00e9 z\u00e1lo\u017ece)\" href=\"https:\/\/ceskobudejovicky.denik.cz\/\" target=\"_blank\">https:\/\/ceskobudejovicky.denik.cz\/<\/a><\/p>\n","protected":false},"excerpt":{"rendered":"<div class=\"mh-excerpt\"><p>Ze z\u00e1kladky na vysokou. O jarn\u00edch pr\u00e1zdnin\u00e1ch host\u00ed Zdravotn\u011b soci\u00e1ln\u00ed fakulta Jiho\u010desk\u00e9 univerzity \u017e\u00e1ky z\u00e1kladn\u00edch \u0161kol. P\u0159\u00edm\u011bstsk\u00fd t\u00e1bor D\u011btsk\u00e9 univerzity, kter\u00fd m\u00e1 letos druh\u00fd ro\u010dn\u00edk, <a class=\"mh-excerpt-more\" href=\"https:\/\/www.invarena.cz\/?p=33587\" title=\"Ut\u00e1bo\u0159ili se na Jiho\u010desk\u00e9 univerzit\u011b\">[&#8230;]<\/a><\/p>\n<\/div>","protected":false},"author":1,"featured_media":13212,"comment_status":"open","ping_status":"closed","sticky":false,"template":"","format":"standard","meta":{"footnotes":""},"categories":[9],"tags":[],"class_list":["post-33587","post","type-post","status-publish","format-standard","has-post-thumbnail","hentry","category-zpravy"],"_links":{"self":[{"href":"https:\/\/www.invarena.cz\/index.php?rest_route=\/wp\/v2\/posts\/33587","targetHints":{"allow":["GET"]}}],"collection":[{"href":"https:\/\/www.invarena.cz\/index.php?rest_route=\/wp\/v2\/posts"}],"about":[{"href":"https:\/\/www.invarena.cz\/index.php?rest_route=\/wp\/v2\/types\/post"}],"author":[{"embeddable":true,"href":"https:\/\/www.invarena.cz\/index.php?rest_route=\/wp\/v2\/users\/1"}],"replies":[{"embeddable":true,"href":"https:\/\/www.invarena.cz\/index.php?rest_route=%2Fwp%2Fv2%2Fcomments&post=33587"}],"version-history":[{"count":0,"href":"https:\/\/www.invarena.cz\/index.php?rest_route=\/wp\/v2\/posts\/33587\/revisions"}],"wp:featuredmedia":[{"embeddable":true,"href":"https:\/\/www.invarena.cz\/index.php?rest_route=\/wp\/v2\/media\/13212"}],"wp:attachment":[{"href":"https:\/\/www.invarena.cz\/index.php?rest_route=%2Fwp%2Fv2%2Fmedia&parent=33587"}],"wp:term":[{"taxonomy":"category","embeddable":true,"href":"https:\/\/www.invarena.cz\/index.php?rest_route=%2Fwp%2Fv2%2Fcategories&post=33587"},{"taxonomy":"post_tag","embeddable":true,"href":"https:\/\/www.invarena.cz\/index.php?rest_route=%2Fwp%2Fv2%2Ftags&post=33587"}],"curies":[{"name":"wp","href":"https:\/\/api.w.org\/{rel}","templated":true}]}}