{"id":33590,"date":"2020-02-13T12:13:43","date_gmt":"2020-02-13T11:13:43","guid":{"rendered":"http:\/\/www.invarena.cz\/?p=33590"},"modified":"2020-02-13T12:13:44","modified_gmt":"2020-02-13T11:13:44","slug":"primator-hrib-i-s-hendikepem-je-mozne-zit-plnohodnotny-zivot","status":"publish","type":"post","link":"https:\/\/www.invarena.cz\/?p=33590","title":{"rendered":"Prim\u00e1tor H\u0159ib: I s hendikepem je mo\u017en\u00e9 \u017e\u00edt plnohodnotn\u00fd \u017eivot"},"content":{"rendered":"\n<p>Zp\u011bv\u00e1ci Janek Ledeck\u00fd a Ivan Hlas spolu s prim\u00e1torem hlavn\u00edho m\u011bsta Prahy Zde\u0148kem H\u0159ibem v\u010dera p\u0159edali ocen\u011bn\u00ed za v\u00fdsledky na tuzemsk\u00e9m i mezin\u00e1rodn\u00edm sout\u011b\u017en\u00edm poli des\u00edtce nejlep\u0161\u00edch hendikepovan\u00fdm sportovc\u016f \u010cesk\u00e9ho svazu t\u011blesn\u011b posti\u017een\u00fdch sportovc\u016f (\u010cSTPS). Slavnostn\u00ed ocen\u011bn\u00ed se konalo v Rezidenci prim\u00e1tora hl. m. Prahy.<\/p>\n\n\n\n<p>Cel\u00fd \u010dl\u00e1nek naleznete v Parlamentn\u00edch Listech: <a href=\"https:\/\/www.parlamentnilisty.cz\/politika\/politici-volicum\/Primator-Hrib-I-s-hendikepem-je-mozne-zit-plnohodnotny-zivot-613391\" target=\"_blank\" rel=\"noreferrer noopener\" aria-label=\" (otev\u0159e se na nov\u00e9 z\u00e1lo\u017ece)\">https:\/\/www.parlamentnilisty.cz\/politika\/politici-volicum\/Primator-Hrib-I-s-hendikepem-je-mozne-zit-plnohodnotny-zivot-613391<\/a><\/p>\n","protected":false},"excerpt":{"rendered":"<div class=\"mh-excerpt\"><p>Zp\u011bv\u00e1ci Janek Ledeck\u00fd a Ivan Hlas spolu s prim\u00e1torem hlavn\u00edho m\u011bsta Prahy Zde\u0148kem H\u0159ibem v\u010dera p\u0159edali ocen\u011bn\u00ed za v\u00fdsledky na tuzemsk\u00e9m i mezin\u00e1rodn\u00edm sout\u011b\u017en\u00edm poli <a class=\"mh-excerpt-more\" href=\"https:\/\/www.invarena.cz\/?p=33590\" title=\"Prim\u00e1tor H\u0159ib: I s hendikepem je mo\u017en\u00e9 \u017e\u00edt plnohodnotn\u00fd \u017eivot\">[&#8230;]<\/a><\/p>\n<\/div>","protected":false},"author":1,"featured_media":11068,"comment_status":"open","ping_status":"closed","sticky":false,"template":"","format":"standard","meta":{"footnotes":""},"categories":[9],"tags":[],"class_list":["post-33590","post","type-post","status-publish","format-standard","has-post-thumbnail","hentry","category-zpravy"],"_links":{"self":[{"href":"https:\/\/www.invarena.cz\/index.php?rest_route=\/wp\/v2\/posts\/33590","targetHints":{"allow":["GET"]}}],"collection":[{"href":"https:\/\/www.invarena.cz\/index.php?rest_route=\/wp\/v2\/posts"}],"about":[{"href":"https:\/\/www.invarena.cz\/index.php?rest_route=\/wp\/v2\/types\/post"}],"author":[{"embeddable":true,"href":"https:\/\/www.invarena.cz\/index.php?rest_route=\/wp\/v2\/users\/1"}],"replies":[{"embeddable":true,"href":"https:\/\/www.invarena.cz\/index.php?rest_route=%2Fwp%2Fv2%2Fcomments&post=33590"}],"version-history":[{"count":0,"href":"https:\/\/www.invarena.cz\/index.php?rest_route=\/wp\/v2\/posts\/33590\/revisions"}],"wp:featuredmedia":[{"embeddable":true,"href":"https:\/\/www.invarena.cz\/index.php?rest_route=\/wp\/v2\/media\/11068"}],"wp:attachment":[{"href":"https:\/\/www.invarena.cz\/index.php?rest_route=%2Fwp%2Fv2%2Fmedia&parent=33590"}],"wp:term":[{"taxonomy":"category","embeddable":true,"href":"https:\/\/www.invarena.cz\/index.php?rest_route=%2Fwp%2Fv2%2Fcategories&post=33590"},{"taxonomy":"post_tag","embeddable":true,"href":"https:\/\/www.invarena.cz\/index.php?rest_route=%2Fwp%2Fv2%2Ftags&post=33590"}],"curies":[{"name":"wp","href":"https:\/\/api.w.org\/{rel}","templated":true}]}}