{"id":33750,"date":"2020-02-25T11:36:48","date_gmt":"2020-02-25T10:36:48","guid":{"rendered":"http:\/\/www.invarena.cz\/?p=33750"},"modified":"2020-02-25T11:36:49","modified_gmt":"2020-02-25T10:36:49","slug":"pres-sest-milionu-pro-poskytovatele-socialnich-sluzeb","status":"publish","type":"post","link":"https:\/\/www.invarena.cz\/?p=33750","title":{"rendered":"P\u0159es \u0161est milion\u016f pro poskytovatele soci\u00e1ln\u00edch slu\u017eeb"},"content":{"rendered":"\n<p>\u010c\u00e1stkou 6,4 milionu korun podpo\u0159\u00ed letos m\u011bsto Krom\u011b\u0159\u00ed\u017e soci\u00e1ln\u00ed slu\u017eby. Zastupitel\u00e9 rozd\u011blili 3,2 milionu korun na dotac\u00edch. Zbyl\u00fdch 3,2 milionu korun dostane p\u0159\u00edsp\u011bvkov\u00e1 organizace Soci\u00e1ln\u00ed slu\u017eby m\u011bsta Krom\u011b\u0159\u00ed\u017ee.<\/p>\n\n\n\n<p>Krom\u011b\u0159\u00ed\u017e \u2013 &#8222;Celkov\u00e1 \u010d\u00e1stka ur\u010den\u00e1 pro soci\u00e1ln\u00ed slu\u017eby je oproti minul\u00e9mu roku vy\u0161\u0161\u00ed o p\u016fl milionu korun a ve srovn\u00e1n\u00ed s rokem 2018 je to v\u00edce dokonce o jeden milion korun.<\/p>\n\n\n\n<p>V\u0161em poskytovatel\u016fm soci\u00e1ln\u00edch slu\u017eeb byla podpora vypo\u010d\u00edt\u00e1na podle jednotn\u00e9ho kl\u00ed\u010de, a to v\u010detn\u011b na\u0161\u00ed p\u0159\u00edsp\u011bvkov\u00e9 organizace,&#8220; uvedl m\u00edstostarosta V\u00edt Pe\u0161tuka. Loni m\u011bsto registrovan\u00fdm soci\u00e1ln\u00edm slu\u017eb\u00e1m rozd\u011blilo na dotac\u00edch t\u0159i miliony korun. Dal\u0161\u00edch 2,9 milionu korun dostaly formou p\u0159\u00edsp\u011bvku Soci\u00e1ln\u00ed slu\u017eby m\u011bsta Krom\u011b\u0159\u00ed\u017ee. <br> <br>V\u00ddHODN\u011aJ\u0160\u00cd N\u00c1JEMN\u00c9 <br> <br>Radnice nav\u00edc dlouhodob\u011b podporuje poskytovatele soci\u00e1ln\u00edch slu\u017eeb, kte\u0159\u00ed ke sv\u00fdm \u010dinnostem vyu\u017e\u00edvaj\u00ed prostory v majetku m\u011bsta, zv\u00fdhodn\u011bn\u00fdm n\u00e1jemn\u00fdm.<\/p>\n\n\n\n<p>Letos byla v\u00fd\u0161e n\u00e1jemn\u00e9ho upravena a v\u0161echny organizace tak plat\u00ed jen 20 procent z obvykl\u00e9 ceny. &#8222;Pro osm poskytovatel\u016f, kte\u0159\u00ed m\u011bstsk\u00e9 prostory dosud vyu\u017e\u00edvaj\u00ed, to celkem znamen\u00e1 ro\u010dn\u00ed \u00fasporu ve v\u00fd\u0161i zhruba 1,4 milionu korun,&#8220; upozornil vedouc\u00ed radni\u010dn\u00edho odboru soci\u00e1ln\u00edch v\u011bc\u00ed a zdravotnictv\u00ed Radovan Klabal. <br> <br>Charita Krom\u011b\u0159\u00ed\u017e obdr\u017e\u00ed 1,3milionu korun, Pe\u010dovatelsk\u00e1 slu\u017eba Krom\u011b\u0159\u00ed\u017e 689 tis\u00edc korun, \u010cesk\u00e1 katolick\u00e1 charita, Domov sv. K\u0159\u00ed\u017ee Krom\u011b\u0159\u00ed\u017e, 300 tis\u00edc korun, Rodinn\u00e9 centrum Krom\u011b\u0159\u00ed\u017e 296 tis\u00edc korun, Spole\u010dnost podan\u00e9 ruce 247 tis\u00edc korun, Astras 133 tis\u00edc korun, Poradensk\u00e9 centrum pro sluchov\u011b posti\u017een\u00e9 Krom\u011b\u0159\u00ed\u017e 97 tis\u00edc korun, ARGO, spole\u010dnost dobr\u00e9 v\u016fle Zl\u00edn, 40 tis\u00edc korun, Centrum poradenstv\u00ed pro rodinn\u00e9 a partnersk\u00e9 vztahy 29 tis\u00edc korun, Centrum pro zdravotn\u011b posti\u017een\u00e9 Zl\u00ednsk\u00e9ho kraje 23 tis\u00edc korun, Sjednocen\u00e1 organizace nevidom\u00fdch a slabozrak\u00fdch \u010cR 22 tis\u00edc korun, spole\u010dnost Za sklem a Spole\u010dnost pro ranou p\u00e9\u010di po osmi tis\u00edc\u00edch korun, Linka bezpe\u010d\u00ed p\u011bt tis\u00edc korun a Nad\u011bje dva tis\u00edce korun.<\/p>\n\n\n\n<p>Krom\u011b\u0159\u00ed\u017esk\u00fd den\u00edk<\/p>\n\n\n\n<p><a rel=\"noreferrer noopener\" aria-label=\" (otev\u0159e se na nov\u00e9 z\u00e1lo\u017ece)\" href=\"http:\/\/kromerizsky.denik.cz\/\" target=\"_blank\">http:\/\/kromerizsky.denik.cz\/<\/a><\/p>\n","protected":false},"excerpt":{"rendered":"<div class=\"mh-excerpt\"><p>\u010c\u00e1stkou 6,4 milionu korun podpo\u0159\u00ed letos m\u011bsto Krom\u011b\u0159\u00ed\u017e soci\u00e1ln\u00ed slu\u017eby. Zastupitel\u00e9 rozd\u011blili 3,2 milionu korun na dotac\u00edch. Zbyl\u00fdch 3,2 milionu korun dostane p\u0159\u00edsp\u011bvkov\u00e1 organizace Soci\u00e1ln\u00ed <a class=\"mh-excerpt-more\" href=\"https:\/\/www.invarena.cz\/?p=33750\" title=\"P\u0159es \u0161est milion\u016f pro poskytovatele soci\u00e1ln\u00edch slu\u017eeb\">[&#8230;]<\/a><\/p>\n<\/div>","protected":false},"author":1,"featured_media":13634,"comment_status":"open","ping_status":"closed","sticky":false,"template":"","format":"standard","meta":{"footnotes":""},"categories":[9],"tags":[],"class_list":["post-33750","post","type-post","status-publish","format-standard","has-post-thumbnail","hentry","category-zpravy"],"_links":{"self":[{"href":"https:\/\/www.invarena.cz\/index.php?rest_route=\/wp\/v2\/posts\/33750","targetHints":{"allow":["GET"]}}],"collection":[{"href":"https:\/\/www.invarena.cz\/index.php?rest_route=\/wp\/v2\/posts"}],"about":[{"href":"https:\/\/www.invarena.cz\/index.php?rest_route=\/wp\/v2\/types\/post"}],"author":[{"embeddable":true,"href":"https:\/\/www.invarena.cz\/index.php?rest_route=\/wp\/v2\/users\/1"}],"replies":[{"embeddable":true,"href":"https:\/\/www.invarena.cz\/index.php?rest_route=%2Fwp%2Fv2%2Fcomments&post=33750"}],"version-history":[{"count":0,"href":"https:\/\/www.invarena.cz\/index.php?rest_route=\/wp\/v2\/posts\/33750\/revisions"}],"wp:featuredmedia":[{"embeddable":true,"href":"https:\/\/www.invarena.cz\/index.php?rest_route=\/wp\/v2\/media\/13634"}],"wp:attachment":[{"href":"https:\/\/www.invarena.cz\/index.php?rest_route=%2Fwp%2Fv2%2Fmedia&parent=33750"}],"wp:term":[{"taxonomy":"category","embeddable":true,"href":"https:\/\/www.invarena.cz\/index.php?rest_route=%2Fwp%2Fv2%2Fcategories&post=33750"},{"taxonomy":"post_tag","embeddable":true,"href":"https:\/\/www.invarena.cz\/index.php?rest_route=%2Fwp%2Fv2%2Ftags&post=33750"}],"curies":[{"name":"wp","href":"https:\/\/api.w.org\/{rel}","templated":true}]}}