{"id":33799,"date":"2020-02-27T11:28:17","date_gmt":"2020-02-27T10:28:17","guid":{"rendered":"http:\/\/www.invarena.cz\/?p=33799"},"modified":"2020-02-27T11:28:18","modified_gmt":"2020-02-27T10:28:18","slug":"hazenkarsky-hit-i-pro-kamarada-banikovci-pomohou-onkologicky-nemocnym-sportovcum","status":"publish","type":"post","link":"https:\/\/www.invarena.cz\/?p=33799","title":{"rendered":"H\u00e1zenk\u00e1\u0159sk\u00fd hit i pro kamar\u00e1da. Ban\u00edkovci pomohou onkologicky nemocn\u00fdm sportovc\u016fm"},"content":{"rendered":"\n<p>V ned\u011bli se od 18.00 hodin uskute\u010dn\u00ed v mosteck\u00e9 sportovn\u00ed hale z\u00e1pas dvou nejlep\u0161\u00edch celk\u016f druh\u00e9 h\u00e1zenk\u00e1\u0159sk\u00e9 ligy. Most vyzve rezervu Dukly Praha. Tento h\u00e1zenk\u00e1\u0159sk\u00fd hit bude z\u00e1rove\u0148 podporou onkologicky nemocn\u00fdm sportovc\u016fm.<\/p>\n\n\n\n<p>Most \u2013 Za jeden provaz t\u00e1hnou na h\u0159i\u0161ti a kdy\u017e je pot\u0159eba, stoj\u00ed jeden za druh\u00fdm i mimo n\u011bj. Druholigov\u00e9 h\u00e1zenk\u00e1\u0159e Mostu soupe\u0159i t\u011b\u017eko p\u0159ekvapuj\u00ed, ale o to v\u00edc je p\u0159ekvapil spoluhr\u00e1\u010d Pavel Chlouba, kter\u00fd bojuje s nep\u0159\u00edjemn\u00fdmi zdravotn\u00edmi probl\u00e9my.<\/p>\n\n\n\n<p>&#8222;M\u011bl jsem zhoubn\u00fd n\u00e1dor na varleti. Po vy\u0161et\u0159en\u00ed CT se bohu\u017eel prok\u00e1zaly i metast\u00e1zy. Napov\u011bd\u011bla mi a\u017e bolest. Nejprve nepatrn\u00e1 bolest zad, pot\u00e9 m\u00edsto posti\u017een\u00e9 n\u00e1dorem. \u010clov\u011bk nejde s ka\u017ed\u00fdm p\u00edchnut\u00edm hned k doktorovi, ale ur\u010dit\u011b v\u0161em doporu\u010d\u00edm, aby takovou v\u011bc nikdo neodkl\u00e1dal,&#8220; \u0159ekl ned\u00e1vno Pavel Chlouba Mosteck\u00e9mu den\u00edku.<\/p>\n\n\n\n<p>Jeho t\u00fdm za\u010dal jednat a vym\u00fd\u0161let, jak kamar\u00e1dovi pomoci. A ban\u00edkovci to vymysleli. Zvou lidi na ned\u011bln\u00ed druholigov\u00fd hit, kdy od 18.00 hodin v mosteck\u00e9 sportovn\u00ed hale vyzvou v souboji dvou nejlep\u0161\u00edch t\u00fdm\u016f tabulky rezervu pra\u017esk\u00e9 Dukly.<\/p>\n\n\n\n<p>Vstupn\u00e9 na duel je dobrovoln\u00e9, za ka\u017ed\u00fd vst\u0159elen\u00fd g\u00f3l p\u016fjde stovka do kasy, v p\u0159est\u00e1vce se bude dra\u017eit podepsan\u00fd m\u00ed\u010d od prvn\u00edho t\u00fdmu Dukly Praha. Cel\u00fd v\u00fdt\u011b\u017eek pak p\u016fjde na pomoc sportovc\u016fm s onkologick\u00fdm onemocn\u011bn\u00edm.<\/p>\n\n\n\n<p>&#8222;Kdy\u017e to \u010dlov\u011bk \u010dte v novin\u00e1ch, tak to nen\u00ed takov\u00e9, jako kdy\u017e se ho to dotkne p\u0159\u00edmo. Pavel nejd\u0159\u00edve od n\u00e1s pomoc odm\u00edtl a my se pak tedy domluvili, \u017ee to roz\u0161\u00ed\u0159\u00edme na sportovce s onkologick\u00fdm onemocn\u011bn\u00edm. Podle m\u011b by takov\u00e1 akce m\u011bla prob\u00edhat do konce tohoto ro\u010dn\u00edku,&#8220; vyj\u00e1d\u0159il se m\u00edstop\u0159edseda mosteck\u00e9ho Ban\u00edku Josef Kubal a doplnil: &#8222;Na\u0161\u00edm \u00fakolem je hlavn\u011b dostat na z\u00e1pas s Duklou B, co nejv\u00edce lid\u00ed. Bylo by fajn, aby se n\u00e1m povedlo vybrat pen\u00edze nejen pro Pavla na n\u011bjakou rekonvalescenci po chemoterapi\u00edch, ale cht\u011bli bychom pak vybrat i n\u011bjak\u00e9ho dal\u0161\u00edho amat\u00e9rsk\u00e9ho sportovce tady z na\u0161eho regionu a tak\u00e9 mu pomoci. Je to ot\u00e1zka pen\u011bz, kter\u00e9 se n\u00e1m poda\u0159\u00ed vybrat. Chci tak\u00e9 oslovit lidi, kte\u0159\u00ed n\u00e1s podporuj\u00ed a fand\u00ed n\u00e1m, zda by se necht\u011bli na\u0161\u00ed akce finan\u010dn\u011b z\u00fa\u010dastnit.&#8220; <br> <br>Louny tak\u00e9 hraj\u00ed o v\u00edkendu doma. Poprv\u00e9 v jarn\u00ed \u010d\u00e1sti sezony se dom\u00e1c\u00edmu publiku p\u0159edstav\u00ed i h\u00e1zenk\u00e1\u0159i lounsk\u00e9 Lokomotivy. Ti v ned\u011bli od 17.00 hodin ve sv\u00e9 hale host\u00ed mu\u017estvo \u0160t\u00e1hlav. Vstup do jara hr\u00e1\u010d\u016fm Lokotky nevy\u0161el, kdy\u017e prohr\u00e1li o p\u011bt branek 25:30 na p\u016fd\u011b posledn\u00ed V\u0160 Plze\u0148. Lou\u0148\u0161t\u00ed borci by te\u010f zav\u00e1h\u00e1n\u00ed r\u00e1di napravili. <\/p>\n\n\n\n<p>Jak\u00fd je pohled na druholigovou tabulku? L\u00eddrem je mu\u017estvo rezervy pra\u017esk\u00e9 Dukly se ziskem 21 bod\u016f a lep\u0161\u00edm sk\u00f3re ne\u017e druh\u00fd HK Ban\u00edk Most. Pak n\u00e1sleduje osmibodov\u00e1 propast, kdy na t\u0159et\u00edm m\u00edst\u011b jsou se t\u0159in\u00e1cti body Lib\u010dice a \u010dtvrt\u00e1 je pr\u00e1v\u011b lounsk\u00e1 Lokomotiva. Poda\u0159\u00ed se dom\u00e1c\u00edm h\u00e1zenk\u00e1\u0159\u016fm urval prvn\u00ed jarn\u00ed body?<\/p>\n\n\n\n<p>V\u00c1CLAV VEVERKA<\/p>\n\n\n\n<p>D\u011b\u010d\u00ednsk\u00fd den\u00edk<\/p>\n\n\n\n<p><a rel=\"noreferrer noopener\" aria-label=\" (otev\u0159e se na nov\u00e9 z\u00e1lo\u017ece)\" href=\"http:\/\/www.decinsky.denik.cz\/\" target=\"_blank\">http:\/\/www.decinsky.denik.cz\/<\/a><\/p>\n","protected":false},"excerpt":{"rendered":"<div class=\"mh-excerpt\"><p>V ned\u011bli se od 18.00 hodin uskute\u010dn\u00ed v mosteck\u00e9 sportovn\u00ed hale z\u00e1pas dvou nejlep\u0161\u00edch celk\u016f druh\u00e9 h\u00e1zenk\u00e1\u0159sk\u00e9 ligy. Most vyzve rezervu Dukly Praha. Tento h\u00e1zenk\u00e1\u0159sk\u00fd <a class=\"mh-excerpt-more\" href=\"https:\/\/www.invarena.cz\/?p=33799\" title=\"H\u00e1zenk\u00e1\u0159sk\u00fd hit i pro kamar\u00e1da. Ban\u00edkovci pomohou onkologicky nemocn\u00fdm sportovc\u016fm\">[&#8230;]<\/a><\/p>\n<\/div>","protected":false},"author":1,"featured_media":0,"comment_status":"open","ping_status":"closed","sticky":false,"template":"","format":"standard","meta":{"footnotes":""},"categories":[9],"tags":[],"class_list":["post-33799","post","type-post","status-publish","format-standard","hentry","category-zpravy"],"_links":{"self":[{"href":"https:\/\/www.invarena.cz\/index.php?rest_route=\/wp\/v2\/posts\/33799","targetHints":{"allow":["GET"]}}],"collection":[{"href":"https:\/\/www.invarena.cz\/index.php?rest_route=\/wp\/v2\/posts"}],"about":[{"href":"https:\/\/www.invarena.cz\/index.php?rest_route=\/wp\/v2\/types\/post"}],"author":[{"embeddable":true,"href":"https:\/\/www.invarena.cz\/index.php?rest_route=\/wp\/v2\/users\/1"}],"replies":[{"embeddable":true,"href":"https:\/\/www.invarena.cz\/index.php?rest_route=%2Fwp%2Fv2%2Fcomments&post=33799"}],"version-history":[{"count":0,"href":"https:\/\/www.invarena.cz\/index.php?rest_route=\/wp\/v2\/posts\/33799\/revisions"}],"wp:attachment":[{"href":"https:\/\/www.invarena.cz\/index.php?rest_route=%2Fwp%2Fv2%2Fmedia&parent=33799"}],"wp:term":[{"taxonomy":"category","embeddable":true,"href":"https:\/\/www.invarena.cz\/index.php?rest_route=%2Fwp%2Fv2%2Fcategories&post=33799"},{"taxonomy":"post_tag","embeddable":true,"href":"https:\/\/www.invarena.cz\/index.php?rest_route=%2Fwp%2Fv2%2Ftags&post=33799"}],"curies":[{"name":"wp","href":"https:\/\/api.w.org\/{rel}","templated":true}]}}