{"id":33803,"date":"2020-02-27T11:34:08","date_gmt":"2020-02-27T10:34:08","guid":{"rendered":"http:\/\/www.invarena.cz\/?p=33803"},"modified":"2020-02-27T11:34:09","modified_gmt":"2020-02-27T10:34:09","slug":"nove-domy-pro-postizene","status":"publish","type":"post","link":"https:\/\/www.invarena.cz\/?p=33803","title":{"rendered":"Nov\u00e9 domy pro posti\u017een\u00e9"},"content":{"rendered":"\n<p>V P\u00e1vov\u011b a v ulici Na Kopci u s\u00eddli\u0161t\u011b B\u0159ezinova za\u010dnou d\u011bln\u00edci brzy stav\u011bt domy pro lidi s ment\u00e1ln\u00edm a kombinovan\u00fdm posti\u017een\u00edm.<\/p>\n\n\n\n<p>Nov\u00e9 z\u00e1zem\u00ed bude hotov\u00e9 p\u0159\u00ed\u0161t\u00ed rok. V ka\u017ed\u00e9 zm\u00edn\u011bn\u00e9 lokalit\u011b vzniknou v\u017edy dva domy, jeden vyu\u017eije domov s klienty se zdravotn\u00edm posti\u017een\u00edm, druh\u00fd se slu\u017ebou chr\u00e1n\u011bn\u00e9 bydlen\u00ed. Nov\u00fd domov v nich najde \u010dty\u0159iadvacet obyvatel Domova Kam\u00e9lie K\u0159i\u017eanov a Domova ve Zbo\u017e\u00ed. V P\u00e1vov\u011b p\u0159ibude je\u0161t\u011b denn\u00ed stacion\u00e1\u0159, v ulici Na Kopci pak soci\u00e1ln\u011bterapeutick\u00e1 d\u00edlna.<\/p>\n\n\n\n<p>N\u00e1m\u011bstek hejtmana pro oblast ekonomiky a majetku Martin Kukla k tomu doplnil: &#8222;Aktu\u00e1ln\u011b dovybavujeme dom\u00e1cnosti a denn\u00ed stacion\u00e1\u0159 v T\u0159e\u0161ti. Rozestav\u011bno m\u00e1me v Nov\u00e9m M\u011bst\u011b na Morav\u011b a ve \u017d\u010f\u00e1\u0159e nad S\u00e1zavou. V Jihlav\u011b jsme vysout\u011b\u017eili dodavatele stavby, pokra\u010dovat budeme v M\u011b\u0159\u00edn\u011b. V\u0161e bude hotov\u00e9 v roce 2022.&#8220;<\/p>\n\n\n\n<p>Jihlavsk\u00fd den\u00edk<\/p>\n\n\n\n<p><a rel=\"noreferrer noopener\" aria-label=\" (otev\u0159e se na nov\u00e9 z\u00e1lo\u017ece)\" href=\"http:\/\/www.jihlavsky.denik.cz\/\" target=\"_blank\">http:\/\/www.jihlavsky.denik.cz\/<\/a><\/p>\n","protected":false},"excerpt":{"rendered":"<div class=\"mh-excerpt\"><p>V P\u00e1vov\u011b a v ulici Na Kopci u s\u00eddli\u0161t\u011b B\u0159ezinova za\u010dnou d\u011bln\u00edci brzy stav\u011bt domy pro lidi s ment\u00e1ln\u00edm a kombinovan\u00fdm posti\u017een\u00edm. Nov\u00e9 z\u00e1zem\u00ed bude <a class=\"mh-excerpt-more\" href=\"https:\/\/www.invarena.cz\/?p=33803\" title=\"Nov\u00e9 domy pro posti\u017een\u00e9\">[&#8230;]<\/a><\/p>\n<\/div>","protected":false},"author":1,"featured_media":4002,"comment_status":"open","ping_status":"closed","sticky":false,"template":"","format":"standard","meta":{"footnotes":""},"categories":[9],"tags":[],"class_list":["post-33803","post","type-post","status-publish","format-standard","has-post-thumbnail","hentry","category-zpravy"],"_links":{"self":[{"href":"https:\/\/www.invarena.cz\/index.php?rest_route=\/wp\/v2\/posts\/33803","targetHints":{"allow":["GET"]}}],"collection":[{"href":"https:\/\/www.invarena.cz\/index.php?rest_route=\/wp\/v2\/posts"}],"about":[{"href":"https:\/\/www.invarena.cz\/index.php?rest_route=\/wp\/v2\/types\/post"}],"author":[{"embeddable":true,"href":"https:\/\/www.invarena.cz\/index.php?rest_route=\/wp\/v2\/users\/1"}],"replies":[{"embeddable":true,"href":"https:\/\/www.invarena.cz\/index.php?rest_route=%2Fwp%2Fv2%2Fcomments&post=33803"}],"version-history":[{"count":0,"href":"https:\/\/www.invarena.cz\/index.php?rest_route=\/wp\/v2\/posts\/33803\/revisions"}],"wp:featuredmedia":[{"embeddable":true,"href":"https:\/\/www.invarena.cz\/index.php?rest_route=\/wp\/v2\/media\/4002"}],"wp:attachment":[{"href":"https:\/\/www.invarena.cz\/index.php?rest_route=%2Fwp%2Fv2%2Fmedia&parent=33803"}],"wp:term":[{"taxonomy":"category","embeddable":true,"href":"https:\/\/www.invarena.cz\/index.php?rest_route=%2Fwp%2Fv2%2Fcategories&post=33803"},{"taxonomy":"post_tag","embeddable":true,"href":"https:\/\/www.invarena.cz\/index.php?rest_route=%2Fwp%2Fv2%2Ftags&post=33803"}],"curies":[{"name":"wp","href":"https:\/\/api.w.org\/{rel}","templated":true}]}}