{"id":33807,"date":"2020-02-27T14:58:11","date_gmt":"2020-02-27T13:58:11","guid":{"rendered":"http:\/\/www.invarena.cz\/?p=33807"},"modified":"2020-02-27T14:58:13","modified_gmt":"2020-02-27T13:58:13","slug":"podal-jsem-odvolani-dosud-jsem-nic-neobdrzel-mam-to-brat-jako-vyrizene","status":"publish","type":"post","link":"https:\/\/www.invarena.cz\/?p=33807","title":{"rendered":"Podal jsem odvol\u00e1n\u00ed. Dosud jsem nic neobdr\u017eel, m\u00e1m to br\u00e1t jako vy\u0159\u00edzen\u00e9?"},"content":{"rendered":"\n<p><strong>DOTAZ: P\u0159ed rokem jsem podal odvol\u00e1n\u00ed k MPSV &#8211; pobo\u010dka OSTRAVA ohledn\u011b p\u0159ezkoum\u00e1n\u00ed rozhodnut\u00ed o p\u0159izn\u00e1n\u00ed pr\u016fkaz ZTP.<br> Od t\u00e9 doby se nikdo neozval. M\u00e1m tuto v\u011bc br\u00e1t jako vy\u0159\u00edzenou?<\/strong><\/p>\n\n\n\n<p><strong>Odpov\u011b\u010f<\/strong>:<\/p>\n\n\n\n<p>Patrn\u011b jste se odvol\u00e1val proti rozhodnut\u00ed ostravsk\u00e9 pobo\u010dky \u00fa\u0159adu pr\u00e1ce a odvolac\u00edm org\u00e1nem bylo MPSV.  K va\u0161emu odvol\u00e1n\u00ed mus\u00ed b\u00fdt odvolac\u00edm org\u00e1nem vyd\u00e1no rozhodnut\u00ed, a\u0165 u\u017e v pozitivn\u00edm nebo negativn\u00edm duchu, kter\u00e9 mus\u00edte obdr\u017eet jako \u00fa\u010dastn\u00edk \u0159\u00edzen\u00ed.  Pokud jste dosud nic neobdr\u017eel, znamen\u00e1 to, \u017ee va\u0161e v\u011bc dosud nen\u00ed vy\u0159\u00edzena.<\/p>\n\n\n\n<p>Doporu\u010duji zaslat p\u0159\u00edmo na odvolac\u00ed org\u00e1n, tedy MPSV, dotaz na postup \u00fa\u0159adu v tomto odvolac\u00edm \u0159\u00edzen\u00ed se \u017e\u00e1dost\u00ed o bezodkladn\u00e9 vyd\u00e1n\u00ed rozhodnut\u00ed, nebo\u0165 po v\u00edce ji\u017e roce, jak uv\u00e1d\u00edte, byly jist\u011b p\u0159ekro\u010deny v\u0161echny z\u00e1konn\u00e9 lh\u016fty pro vy\u0159\u00edzen\u00ed. <\/p>\n\n\n\n<p>Pokud v\u00e1m do dvou &#8211; t\u0159\u00ed t\u00fddn\u016f nep\u0159ijde \u017e\u00e1dn\u00e1 odpov\u011b\u010f, lze doporu\u010dit podat \u017e\u00e1dost o opat\u0159en\u00ed proti ne\u010dinnosti adresovanou ministru pr\u00e1ce a soci\u00e1ln\u00edch v\u011bc\u00ed. <\/p>\n\n\n\n<p>redakce invArena    <\/p>\n","protected":false},"excerpt":{"rendered":"<div class=\"mh-excerpt\"><p>DOTAZ: P\u0159ed rokem jsem podal odvol\u00e1n\u00ed k MPSV &#8211; pobo\u010dka OSTRAVA ohledn\u011b p\u0159ezkoum\u00e1n\u00ed rozhodnut\u00ed o p\u0159izn\u00e1n\u00ed pr\u016fkaz ZTP. Od t\u00e9 doby se nikdo neozval. M\u00e1m <a class=\"mh-excerpt-more\" href=\"https:\/\/www.invarena.cz\/?p=33807\" title=\"Podal jsem odvol\u00e1n\u00ed. Dosud jsem nic neobdr\u017eel, m\u00e1m to br\u00e1t jako vy\u0159\u00edzen\u00e9?\">[&#8230;]<\/a><\/p>\n<\/div>","protected":false},"author":1,"featured_media":14135,"comment_status":"open","ping_status":"closed","sticky":false,"template":"","format":"standard","meta":{"footnotes":""},"categories":[18],"tags":[],"class_list":["post-33807","post","type-post","status-publish","format-standard","has-post-thumbnail","hentry","category-poradna"],"_links":{"self":[{"href":"https:\/\/www.invarena.cz\/index.php?rest_route=\/wp\/v2\/posts\/33807","targetHints":{"allow":["GET"]}}],"collection":[{"href":"https:\/\/www.invarena.cz\/index.php?rest_route=\/wp\/v2\/posts"}],"about":[{"href":"https:\/\/www.invarena.cz\/index.php?rest_route=\/wp\/v2\/types\/post"}],"author":[{"embeddable":true,"href":"https:\/\/www.invarena.cz\/index.php?rest_route=\/wp\/v2\/users\/1"}],"replies":[{"embeddable":true,"href":"https:\/\/www.invarena.cz\/index.php?rest_route=%2Fwp%2Fv2%2Fcomments&post=33807"}],"version-history":[{"count":0,"href":"https:\/\/www.invarena.cz\/index.php?rest_route=\/wp\/v2\/posts\/33807\/revisions"}],"wp:featuredmedia":[{"embeddable":true,"href":"https:\/\/www.invarena.cz\/index.php?rest_route=\/wp\/v2\/media\/14135"}],"wp:attachment":[{"href":"https:\/\/www.invarena.cz\/index.php?rest_route=%2Fwp%2Fv2%2Fmedia&parent=33807"}],"wp:term":[{"taxonomy":"category","embeddable":true,"href":"https:\/\/www.invarena.cz\/index.php?rest_route=%2Fwp%2Fv2%2Fcategories&post=33807"},{"taxonomy":"post_tag","embeddable":true,"href":"https:\/\/www.invarena.cz\/index.php?rest_route=%2Fwp%2Fv2%2Ftags&post=33807"}],"curies":[{"name":"wp","href":"https:\/\/api.w.org\/{rel}","templated":true}]}}