{"id":33809,"date":"2020-02-28T11:12:21","date_gmt":"2020-02-28T10:12:21","guid":{"rendered":"http:\/\/www.invarena.cz\/?p=33809"},"modified":"2020-02-28T11:12:22","modified_gmt":"2020-02-28T10:12:22","slug":"basketbaliste-z-ligy-mistru-podporili-projekt-terapeutickeho-centra-seerius","status":"publish","type":"post","link":"https:\/\/www.invarena.cz\/?p=33809","title":{"rendered":"Basketbalist\u00e9 z Ligy mistr\u016f podpo\u0159ili projekt terapeutick\u00e9ho centra Seerius"},"content":{"rendered":"\n<p>\u00danorov\u00e9 v\u00edt\u011bzstv\u00ed nad \u0159eck\u00fdm Peristeri doplnili nyn\u00ed hr\u00e1\u010di z prvoligov\u00e9ho ERA Basketball Nymburk o dal\u0161\u00ed, nem\u00e9n\u011b podstatn\u00fd pozitivn\u00ed v\u00fdsledek srovnateln\u00fd s t\u00edm v Lize mistr\u016f. Prost\u0159ednictv\u00edm aplikace EPP &#8211; Pom\u00e1hej pohybem Nadace \u010cEZ toti\u017e spole\u010dn\u011b se sv\u00fdmi fanou\u0161ky a v\u0161emi pohybov\u00fdmi aktivitami b\u011bhem z\u00e1pasu \u00fasp\u011b\u0161n\u011b vybodovali projekt Snoezelenov\u00e9ho koutku v terapeutick\u00e9m centru neziskov\u00e9 organizace Seerius P\u0159\u00edbram. <br><br>&#8222;Nadace \u010cEZ po p\u0159evodu vypohybovan\u00fdch bod\u016f na pen\u00edze p\u0159isp\u011bla na realizaci fyzick\u00e9 i du\u0161evn\u00ed relaxace klient\u016f centra \u010d\u00e1stkou 99 971 korun.<\/p>\n\n\n\n<p>&#8222;Jsme r\u00e1di, \u017ee na\u0161e aplikace EPP-Pom\u00e1hej pohybem, op\u011bt d\u00edky \u0161pi\u010dkov\u00fdm sportovc\u016fm a ve\u0159ejnosti pomohla dobr\u00e9 v\u011bci. Zvl\u00e1\u0161t\u011b kvitujeme, \u017ee nejen sportovci, ale t\u0159eba i zp\u011bv\u00e1ci a kapely dok\u00e1\u017e\u00ed b\u011bhem sv\u00fdch sportovn\u00edch \u010di hudebn\u00edch podnik\u016f nadchnout pro pomoc pot\u0159ebn\u00fdm i v\u0161echny ostatn\u00ed. Jak sv\u00e9 skaln\u00ed p\u0159\u00edznivce a fanou\u0161ky, tak i ty kte\u0159\u00ed jinak na takov\u00e9 ud\u00e1losti p\u0159\u00edli\u0161 pravideln\u011b nechod\u00ed. Hlavn\u011b u sportu je zaj\u00edmav\u00fdm faktem, \u017ee si aplikaci EPP v mobiln\u00edm telefonu spou\u0161t\u011bj\u00ed nebo teprve stahuj\u00ed i ti, kte\u0159\u00ed fand\u00ed druh\u00e9 stran\u011b. Prvoligov\u00fd ERA Basketball Nymburk p\u0159itom aplikaci v r\u00e1mci sv\u00fdch charitativn\u00edch aktivit ji\u017e bere jako samoz\u0159ejmost,&#8220; \u0159ekla Michaela Zikov\u00e1, \u0159editelka Nadace \u010cEZ.<\/p>\n\n\n\n<p>Symbolick\u00fd \u0161ek tak s Milanem Z\u00e1horkou z \u00datvaru komunikace a marketingu Skupiny \u010cEZ p\u0159ed\u00e1vali \u0159editelce p\u0159\u00edbramsk\u00e9 organizace \u0160\u00e1rce H\u00e1jkov\u00e9 i dva z nymbursk\u00fdch hr\u00e1\u010d\u016f, a to Deishuan Booker a Jakub T\u016fma.<\/p>\n\n\n\n<p>&#8222;Na\u0161\u00edm posl\u00e1n\u00edm je zlep\u0161en\u00ed kvality \u017eivota znev\u00fdhodn\u011bn\u00fdch lid\u00ed a jejich opravdov\u00e1 integrace. C\u00edlovou skupinou na\u0161ich slu\u017eeb jsou prim\u00e1rn\u011b d\u011bti a lid\u00e9 s r\u016fzn\u00fdmi formami posti\u017een\u00ed, poruchami u\u010den\u00ed, ADHD a lehk\u00fdmi formami autismu a tak\u00e9 lid\u00e9 po c\u00e9vn\u00ed mozkov\u00e9 p\u0159\u00edhod\u011b, u kter\u00fdch je v\u010dasn\u00e1 intervence d\u016fle\u017eit\u00e1 pro n\u00e1vrat do b\u011b\u017en\u00e9ho \u017eivota. T\u011bmto lidem chceme nab\u00eddnout opravdu komplexn\u00ed p\u0159\u00edstup sm\u011b\u0159uj\u00edc\u00ed k rozvoji a posilov\u00e1n\u00ed jejich dovednost\u00ed. V\u011b\u0159\u00edme, \u017ee ka\u017ed\u00fd \u010dlov\u011bk by m\u011bl m\u00edt mo\u017enost v maxim\u00e1ln\u00ed mo\u017en\u00e9 m\u00ed\u0159e naplnit sv\u016fj potenci\u00e1l,&#8220; uvedla b\u011bhem pod\u011bkov\u00e1n\u00ed nejen Nadaci \u010cEZ, ale i &#8218;v\u0161em lidem v pohybu&#8216; \u0160\u00e1rka H\u00e1jkov\u00e1 s t\u00edm, \u017ee jejich snahou je do budoucna znev\u00fdhodn\u011bn\u00e9 a zdrav\u00e9 lidi v\u00edce propojovat v Integra\u010dn\u00edm klubu. <br><br>Snoezelen je speci\u00e1ln\u011b upraven\u00e1 m\u00edstnost \u010di jej\u00ed odd\u011blen\u00e1 \u010d\u00e1st s technick\u00fdm vybaven\u00edm k multismyslov\u00e9 stimulaci. Bublinkov\u00e9 vodn\u00ed sloupy, hv\u011bzdn\u00e9 nebe, projektory s olejov\u00fdmi nebo tematick\u00fdmi kotou\u010dky, optick\u00e1 vl\u00e1kna, aroma lampa, zrcadlov\u00e1 koule, speci\u00e1ln\u00ed pohodln\u00fd m\u011bkk\u00fd n\u00e1bytek, pom\u016fcky pro rozvoj motorick\u00fdch dovednost\u00ed a dal\u0161\u00ed zp\u016fsobuj\u00ed pozitivn\u00ed zm\u011bny v neurovegetativn\u00edm syst\u00e9mu organismu.<\/p>\n\n\n\n<p>D\u011btem s ADHD a dal\u0161\u00edmi poruchami u\u010den\u00ed \u010di t\u0159eba posti\u017een\u00fdm po mozkov\u00e9 p\u0159\u00edhod\u011b nab\u00edz\u00ed nov\u00e9 z\u00e1\u017eitky, fyzick\u00e9 i psychick\u00e9 zklidn\u011bn\u00ed, zam\u011bstn\u00e1n\u00ed smysl\u016f a v\u00fdb\u011br lib\u00fdch a p\u0159\u00edjemn\u00fdch aktivit. Klient\u016fm, kte\u0159\u00ed maj\u00ed probl\u00e9my s vyj\u00e1d\u0159en\u00edm sv\u00fdch pocit\u016f a z\u00e1jm\u016f, pr\u00e1v\u011b tato metoda um\u00ed nahradit t\u0159eba doteky a \u0159e\u010d t\u011bla.<\/p>\n\n\n\n<p>D\u00edky nymbursk\u00fdm basketbalist\u016fm a jejich p\u0159\u00edznivc\u016fm pomohl nada\u010dn\u00ed p\u0159\u00edsp\u011bvek pokr\u00fdt n\u00e1klady spojen\u00e9 pr\u00e1v\u011b s dovybaven\u00edm snoezelenov\u00e9ho koutku. &#8222;Chceme, aby byl variabiln\u00ed pro \u0161irok\u00e9 spektrum u\u017eivatel\u016f r\u016fzn\u00fdch v\u011bkov\u00fdch skupin a s r\u016fzn\u00fdm typem znev\u00fdhodn\u011bn\u00ed. Po\u0159\u00eddili jsme proto pom\u016fcky na polohov\u00e1n\u00ed, pro hmatovou a zrakovou stimulaci \u010di pom\u016fcky pro rozvoj motorick\u00fdch dovednost\u00ed,&#8220; uzav\u0159ela \u0160\u00e1rka H\u00e1jkov\u00e1.<\/p>\n\n\n\n<p>Ota Schnepp, mluv\u010d\u00ed Skupiny \u010cEZ pro severoz\u00e1padn\u00ed a st\u0159edn\u00ed \u010cechy<\/p>\n\n\n\n<p>P\u0159\u00edbramsk\u00fd den\u00edk<\/p>\n\n\n\n<p><a rel=\"noreferrer noopener\" aria-label=\" (otev\u0159e se na nov\u00e9 z\u00e1lo\u017ece)\" href=\"https:\/\/pribramsky.denik.cz\/\" target=\"_blank\">https:\/\/pribramsky.denik.cz\/<\/a><\/p>\n","protected":false},"excerpt":{"rendered":"<div class=\"mh-excerpt\"><p>\u00danorov\u00e9 v\u00edt\u011bzstv\u00ed nad \u0159eck\u00fdm Peristeri doplnili nyn\u00ed hr\u00e1\u010di z prvoligov\u00e9ho ERA Basketball Nymburk o dal\u0161\u00ed, nem\u00e9n\u011b podstatn\u00fd pozitivn\u00ed v\u00fdsledek srovnateln\u00fd s t\u00edm v Lize mistr\u016f. <a class=\"mh-excerpt-more\" href=\"https:\/\/www.invarena.cz\/?p=33809\" title=\"Basketbalist\u00e9 z Ligy mistr\u016f podpo\u0159ili projekt terapeutick\u00e9ho centra Seerius\">[&#8230;]<\/a><\/p>\n<\/div>","protected":false},"author":1,"featured_media":30229,"comment_status":"open","ping_status":"closed","sticky":false,"template":"","format":"standard","meta":{"footnotes":""},"categories":[9],"tags":[],"class_list":["post-33809","post","type-post","status-publish","format-standard","has-post-thumbnail","hentry","category-zpravy"],"_links":{"self":[{"href":"https:\/\/www.invarena.cz\/index.php?rest_route=\/wp\/v2\/posts\/33809","targetHints":{"allow":["GET"]}}],"collection":[{"href":"https:\/\/www.invarena.cz\/index.php?rest_route=\/wp\/v2\/posts"}],"about":[{"href":"https:\/\/www.invarena.cz\/index.php?rest_route=\/wp\/v2\/types\/post"}],"author":[{"embeddable":true,"href":"https:\/\/www.invarena.cz\/index.php?rest_route=\/wp\/v2\/users\/1"}],"replies":[{"embeddable":true,"href":"https:\/\/www.invarena.cz\/index.php?rest_route=%2Fwp%2Fv2%2Fcomments&post=33809"}],"version-history":[{"count":0,"href":"https:\/\/www.invarena.cz\/index.php?rest_route=\/wp\/v2\/posts\/33809\/revisions"}],"wp:featuredmedia":[{"embeddable":true,"href":"https:\/\/www.invarena.cz\/index.php?rest_route=\/wp\/v2\/media\/30229"}],"wp:attachment":[{"href":"https:\/\/www.invarena.cz\/index.php?rest_route=%2Fwp%2Fv2%2Fmedia&parent=33809"}],"wp:term":[{"taxonomy":"category","embeddable":true,"href":"https:\/\/www.invarena.cz\/index.php?rest_route=%2Fwp%2Fv2%2Fcategories&post=33809"},{"taxonomy":"post_tag","embeddable":true,"href":"https:\/\/www.invarena.cz\/index.php?rest_route=%2Fwp%2Fv2%2Ftags&post=33809"}],"curies":[{"name":"wp","href":"https:\/\/api.w.org\/{rel}","templated":true}]}}