{"id":33812,"date":"2020-02-28T11:16:19","date_gmt":"2020-02-28T10:16:19","guid":{"rendered":"http:\/\/www.invarena.cz\/?p=33812"},"modified":"2020-02-28T11:16:21","modified_gmt":"2020-02-28T10:16:21","slug":"na-odlehcovaci-sluzbu-da-mesto-96-milionu","status":"publish","type":"post","link":"https:\/\/www.invarena.cz\/?p=33812","title":{"rendered":"Na odleh\u010dovac\u00ed slu\u017ebu d\u00e1 m\u011bsto 96 milion\u016f"},"content":{"rendered":"\n<p>U\u017e v dubnu leto\u0161n\u00edho roku by m\u011bla za\u010d\u00edt stavba dlouho o\u010dek\u00e1van\u00e9ho za\u0159\u00edzen\u00ed s odleh\u010dovac\u00ed slu\u017ebou v Honkov\u011b ulici v Hradci Kr\u00e1lov\u00e9. Rada m\u011bsta tento t\u00fdden schv\u00e1lila v\u00fdb\u011br zhotovitele stavby. Potvrdit ho mus\u00ed za\u010d\u00e1tkem b\u0159ezna je\u0161t\u011b zastupitel\u00e9. Radnice za d\u016fm s odleh\u010dovac\u00ed slu\u017ebou zaplat\u00ed necel\u00fdch 96 milion\u016f korun. P\u016fvodn\u011b m\u011bsto po\u010d\u00edtalo s investic\u00ed a\u017e 120 milion\u016f. &#8222;Nab\u00eddky kter\u00e9 dorazily n\u00e1s velmi pozitivn\u011b p\u0159ekvapily. P\u0159edpokl\u00e1d\u00e1me, \u017ee v dubnu by mohla b\u00fdt zah\u00e1jena realizace, p\u0159edch\u00e1zet tomu ale bude je\u0161t\u011b podpis smlouvy a p\u0159ed\u00e1n\u00ed staveni\u0161t\u011b,&#8220; \u0159ekl investi\u010dn\u00ed n\u00e1m\u011bstek prim\u00e1tora Ji\u0159\u00ed Bl\u00e1ha (ODS).<\/p>\n\n\n\n<p>Hradec Kr\u00e1lov\u00e9 \u2013 Za\u0159\u00edzen\u00ed v Honkov\u011b ulici bude p\u0159edstavovat 24hodinovou pobytovou slu\u017ebu na p\u0159echodn\u00e9, maxim\u00e1ln\u011b t\u0159\u00edm\u011bs\u00ed\u010dn\u00ed obdob\u00ed. Prostory budou pln\u011b bezbari\u00e9rov\u00e9 a uzp\u016fsoben\u00e9 nejen voz\u00ed\u010dk\u00e1\u0159\u016fm, ale i pro um\u00edst\u011bn\u00ed trvale le\u017e\u00edc\u00edch klient\u016f. Kapacita za\u0159\u00edzen\u00ed bude 35 l\u016f\u017eek a fungovat by mohlo za\u010d\u00edt u\u017e v pr\u016fb\u011bhu p\u0159\u00ed\u0161t\u00edho roku. Jde o nejdra\u017e\u0161\u00ed projekt m\u011bsta v soci\u00e1ln\u00ed oblasti za des\u00edtky let. &#8222;Jeho realizac\u00ed podpo\u0159\u00edme rodiny, kter\u00e9 se staraj\u00ed o sv\u00e9 bl\u00edzk\u00e9 a z\u00e1rove\u0148 se postar\u00e1me o d\u016fstojn\u00e9 z\u00e1zem\u00ed pro seniory a osoby se zdravotn\u00edm posti\u017een\u00edm. Pe\u010duj\u00edc\u00edm tak d\u00edky tomu bude umo\u017en\u011bn nezbytn\u00fd odpo\u010dinek a regenerace sil,&#8220; doplnil n\u00e1m\u011bstek pro oblast soci\u00e1ln\u00edch v\u011bc\u00ed Martin Hanousek ze Zm\u011bny pro Hradec a Zelen\u00fdch.<\/p>\n\n\n\n<p>Hradeck\u00fd den\u00edk<\/p>\n\n\n\n<p><a rel=\"noreferrer noopener\" aria-label=\" (otev\u0159e se na nov\u00e9 z\u00e1lo\u017ece)\" href=\"http:\/\/hradecky.denik.cz\/\" target=\"_blank\">http:\/\/hradecky.denik.cz\/<\/a><\/p>\n","protected":false},"excerpt":{"rendered":"<div class=\"mh-excerpt\"><p>U\u017e v dubnu leto\u0161n\u00edho roku by m\u011bla za\u010d\u00edt stavba dlouho o\u010dek\u00e1van\u00e9ho za\u0159\u00edzen\u00ed s odleh\u010dovac\u00ed slu\u017ebou v Honkov\u011b ulici v Hradci Kr\u00e1lov\u00e9. Rada m\u011bsta tento t\u00fdden <a class=\"mh-excerpt-more\" href=\"https:\/\/www.invarena.cz\/?p=33812\" title=\"Na odleh\u010dovac\u00ed slu\u017ebu d\u00e1 m\u011bsto 96 milion\u016f\">[&#8230;]<\/a><\/p>\n<\/div>","protected":false},"author":1,"featured_media":14573,"comment_status":"open","ping_status":"closed","sticky":false,"template":"","format":"standard","meta":{"footnotes":""},"categories":[9],"tags":[],"class_list":["post-33812","post","type-post","status-publish","format-standard","has-post-thumbnail","hentry","category-zpravy"],"_links":{"self":[{"href":"https:\/\/www.invarena.cz\/index.php?rest_route=\/wp\/v2\/posts\/33812","targetHints":{"allow":["GET"]}}],"collection":[{"href":"https:\/\/www.invarena.cz\/index.php?rest_route=\/wp\/v2\/posts"}],"about":[{"href":"https:\/\/www.invarena.cz\/index.php?rest_route=\/wp\/v2\/types\/post"}],"author":[{"embeddable":true,"href":"https:\/\/www.invarena.cz\/index.php?rest_route=\/wp\/v2\/users\/1"}],"replies":[{"embeddable":true,"href":"https:\/\/www.invarena.cz\/index.php?rest_route=%2Fwp%2Fv2%2Fcomments&post=33812"}],"version-history":[{"count":0,"href":"https:\/\/www.invarena.cz\/index.php?rest_route=\/wp\/v2\/posts\/33812\/revisions"}],"wp:featuredmedia":[{"embeddable":true,"href":"https:\/\/www.invarena.cz\/index.php?rest_route=\/wp\/v2\/media\/14573"}],"wp:attachment":[{"href":"https:\/\/www.invarena.cz\/index.php?rest_route=%2Fwp%2Fv2%2Fmedia&parent=33812"}],"wp:term":[{"taxonomy":"category","embeddable":true,"href":"https:\/\/www.invarena.cz\/index.php?rest_route=%2Fwp%2Fv2%2Fcategories&post=33812"},{"taxonomy":"post_tag","embeddable":true,"href":"https:\/\/www.invarena.cz\/index.php?rest_route=%2Fwp%2Fv2%2Ftags&post=33812"}],"curies":[{"name":"wp","href":"https:\/\/api.w.org\/{rel}","templated":true}]}}