{"id":33815,"date":"2020-02-28T11:22:15","date_gmt":"2020-02-28T10:22:15","guid":{"rendered":"http:\/\/www.invarena.cz\/?p=33815"},"modified":"2020-02-28T11:22:16","modified_gmt":"2020-02-28T10:22:16","slug":"i-postizeni-mohou-normalne-pracovat-diky-hate","status":"publish","type":"post","link":"https:\/\/www.invarena.cz\/?p=33815","title":{"rendered":"I posti\u017een\u00ed mohou norm\u00e1ln\u011b pracovat. D\u00edky H\u00e1t\u011b"},"content":{"rendered":"\n<p>Martin z Led\u010de trp\u00ed du\u0161evn\u00ed nemoc\u00ed. Proto m\u011bl probl\u00e9m naj\u00edt pr\u00e1ci. Nemoc vn\u00edmal jako cejch, stranil se lid\u00ed. A\u017e se jeho rodi\u010de rozhodli nav\u0161t\u00edvit spole\u010dnost H\u00e1ta a vyu\u017e\u00edt jej\u00ed projekt S H\u00e1tou do pr\u00e1ce. Dneska je Martin \u00fapln\u011b jin\u00fd \u010dlov\u011bk. &#8222;Vr\u00e1tilo se mi sebev\u011bdom\u00ed,&#8220; \u0159\u00edk\u00e1 hrd\u011b.<\/p>\n\n\n\n<p>Lede\u010d nad S\u00e1zavou \u2013 &#8222;S H\u00e1tou do pr\u00e1ce je projekt Evropsk\u00e9ho soci\u00e1ln\u00edho fondu podporovan\u00fd z Opera\u010dn\u00edho programu zam\u011bstnanost. Za\u010dal prvn\u00edho z\u00e1\u0159\u00ed 2018, potrv\u00e1 do srpna leto\u0161n\u00edho roku. D\u00edky n\u011bmu se n\u00e1m poda\u0159ilo naj\u00edt pr\u00e1ci asi t\u0159iceti lidem s r\u016fzn\u00fdm posti\u017een\u00edm, kte\u0159\u00ed by byli v \u00fastavu nebo v p\u0159\u00edpad\u011b Martina, se tr\u00e1pili doma. Kdy\u017e \u0159\u00edk\u00e1me pr\u00e1ci, tak mysl\u00edm pracovn\u00ed m\u00edsto, ne chr\u00e1n\u011bnou d\u00edlnu,&#8220; vysv\u011btlila za obecn\u011b prosp\u011b\u0161nou spole\u010dnost H\u00e1ta Iveta Vrbov\u00e1. <\/p>\n\n\n\n<p>Jak up\u0159esnila, t\u0159eba ment\u00e1ln\u011b posti\u017een\u00ed lid\u00e9 chod\u00ed do pr\u00e1ce nejd\u0159\u00edv s podporou asistenta. Pak se v\u011bt\u0161inou u\u017e osamostatn\u00ed a jsou schopn\u00ed pracovat sami. Krom\u011b toho se u\u010d\u00ed, jak s v\u00fdd\u011blkem hospoda\u0159it. Podle Vrbov\u00e9 se kupodivu na\u0161ly firmy, kter\u00e9 se neb\u00e1ly zam\u011bstnat \u010dlov\u011bka, by\u0165 je trochu &#8222;jin\u00fd.&#8220; Z\u00e1jem je na Sv\u011btelsku, v Humpolci, na Lede\u010dsku. Nap\u0159\u00edklad ve Sv\u011btl\u00e9 nad S\u00e1zavou chod\u00ed lid\u00e9 z H\u00e1ty ukl\u00edzet do are\u00e1lu v S\u00e1zavsk\u00e9 ulici. Dal\u0161\u00ed pracuj\u00ed v Led\u010di v pr\u00e1deln\u011b firmy Akrobrab nebo jako skladn\u00edci a d\u011blaj\u00ed ve firm\u00e1ch pomocn\u00e9 pr\u00e1ce.<\/p>\n\n\n\n<p>Jak dodala Vrbov\u00e1, je jasn\u00e9, \u017ee zapracov\u00e1n\u00ed lid\u00ed s n\u011bjak\u00fdm druhem posti\u017een\u00ed, hlavn\u011b du\u0161evn\u00edm, a navyknout je, aby si na pracovn\u00ed rytmus zvykli, trv\u00e1 d\u00e9le ne\u017e u zdrav\u00fdch. &#8222;Na druhou stranu jsou ale tito lid\u00e9 vd\u011b\u010dn\u00ed za mo\u017enost pracovat a d\u011blaj\u00ed maximum, aby nezklamali sv\u00e9 zam\u011bstnavatele, sv\u00e9 bl\u00edzk\u00e9, ale i sebe,&#8220; zd\u016fraznila Vrbov\u00e1.<\/p>\n\n\n\n<p>Havl\u00ed\u010dkobrodsk\u00fd den\u00edk<\/p>\n\n\n\n<p><a rel=\"noreferrer noopener\" aria-label=\" (otev\u0159e se na nov\u00e9 z\u00e1lo\u017ece)\" href=\"http:\/\/havlickobrodsky.denik.cz\/\" target=\"_blank\">http:\/\/havlickobrodsky.denik.cz\/<\/a><\/p>\n","protected":false},"excerpt":{"rendered":"<div class=\"mh-excerpt\"><p>Martin z Led\u010de trp\u00ed du\u0161evn\u00ed nemoc\u00ed. Proto m\u011bl probl\u00e9m naj\u00edt pr\u00e1ci. Nemoc vn\u00edmal jako cejch, stranil se lid\u00ed. A\u017e se jeho rodi\u010de rozhodli nav\u0161t\u00edvit spole\u010dnost <a class=\"mh-excerpt-more\" href=\"https:\/\/www.invarena.cz\/?p=33815\" title=\"I posti\u017een\u00ed mohou norm\u00e1ln\u011b pracovat. D\u00edky H\u00e1t\u011b\">[&#8230;]<\/a><\/p>\n<\/div>","protected":false},"author":1,"featured_media":16920,"comment_status":"open","ping_status":"closed","sticky":false,"template":"","format":"standard","meta":{"footnotes":""},"categories":[9],"tags":[],"class_list":["post-33815","post","type-post","status-publish","format-standard","has-post-thumbnail","hentry","category-zpravy"],"_links":{"self":[{"href":"https:\/\/www.invarena.cz\/index.php?rest_route=\/wp\/v2\/posts\/33815","targetHints":{"allow":["GET"]}}],"collection":[{"href":"https:\/\/www.invarena.cz\/index.php?rest_route=\/wp\/v2\/posts"}],"about":[{"href":"https:\/\/www.invarena.cz\/index.php?rest_route=\/wp\/v2\/types\/post"}],"author":[{"embeddable":true,"href":"https:\/\/www.invarena.cz\/index.php?rest_route=\/wp\/v2\/users\/1"}],"replies":[{"embeddable":true,"href":"https:\/\/www.invarena.cz\/index.php?rest_route=%2Fwp%2Fv2%2Fcomments&post=33815"}],"version-history":[{"count":0,"href":"https:\/\/www.invarena.cz\/index.php?rest_route=\/wp\/v2\/posts\/33815\/revisions"}],"wp:featuredmedia":[{"embeddable":true,"href":"https:\/\/www.invarena.cz\/index.php?rest_route=\/wp\/v2\/media\/16920"}],"wp:attachment":[{"href":"https:\/\/www.invarena.cz\/index.php?rest_route=%2Fwp%2Fv2%2Fmedia&parent=33815"}],"wp:term":[{"taxonomy":"category","embeddable":true,"href":"https:\/\/www.invarena.cz\/index.php?rest_route=%2Fwp%2Fv2%2Fcategories&post=33815"},{"taxonomy":"post_tag","embeddable":true,"href":"https:\/\/www.invarena.cz\/index.php?rest_route=%2Fwp%2Fv2%2Ftags&post=33815"}],"curies":[{"name":"wp","href":"https:\/\/api.w.org\/{rel}","templated":true}]}}