{"id":33823,"date":"2020-03-02T15:21:46","date_gmt":"2020-03-02T14:21:46","guid":{"rendered":"http:\/\/www.invarena.cz\/?p=33823"},"modified":"2020-03-02T15:21:47","modified_gmt":"2020-03-02T14:21:47","slug":"fnusa-vzacni2020-nestojime-o-soucit-rika-pacientka-se-vzacnym-onemocnenim","status":"publish","type":"post","link":"https:\/\/www.invarena.cz\/?p=33823","title":{"rendered":"FNUSA: #Vz\u00e1cn\u00ed2020 &#8211; Nestoj\u00edme o soucit, \u0159\u00edk\u00e1 pacientka se vz\u00e1cn\u00fdm onemocn\u011bn\u00edm"},"content":{"rendered":"\n<p>Jako vz\u00e1cn\u00e9 se ozna\u010duje onemocn\u011bn\u00ed, kter\u00e9 se vyskytuje u m\u00e9n\u011b ne\u017e p\u011bti lid\u00ed z deseti tis\u00edc. Jednotliv\u00e1 diagn\u00f3za se tak t\u00fdk\u00e1 p\u00e1r stovek pacient\u016f v cel\u00e9m \u010cesku, vz\u00e1cn\u00fdch onemocn\u011bn\u00ed jsou ale tis\u00edce \u2013 dohromady postihuj\u00ed p\u011bt procent \u010desk\u00e9 populace. Den vz\u00e1cn\u00fdch onemocn\u011bn\u00ed, kter\u00fd letos p\u0159ipad\u00e1 na 29. \u00fanora, upozor\u0148uje u\u017e pot\u0159in\u00e1ct\u00e9 na nelehkou \u017eivotn\u00ed situaci takto nemocn\u00fdch.<\/p>\n\n\n\n<p>Cel\u00fd \u010dl\u00e1nek naleznete v Parlamentn\u00edch Listech: <a href=\"https:\/\/www.parlamentnilisty.cz\/zpravy\/tiskovezpravy\/FNUSA-Vzacni2020-Nestojime-o-soucit-rika-pacientka-se-vzacnym-onemocnenim-615301\" target=\"_blank\" rel=\"noreferrer noopener\" aria-label=\" (otev\u0159e se na nov\u00e9 z\u00e1lo\u017ece)\">https:\/\/www.parlamentnilisty.cz\/zpravy\/tiskovezpravy\/FNUSA-Vzacni2020-Nestojime-o-soucit-rika-pacientka-se-vzacnym-onemocnenim-615301<\/a><\/p>\n","protected":false},"excerpt":{"rendered":"<div class=\"mh-excerpt\"><p>Jako vz\u00e1cn\u00e9 se ozna\u010duje onemocn\u011bn\u00ed, kter\u00e9 se vyskytuje u m\u00e9n\u011b ne\u017e p\u011bti lid\u00ed z deseti tis\u00edc. Jednotliv\u00e1 diagn\u00f3za se tak t\u00fdk\u00e1 p\u00e1r stovek pacient\u016f v <a class=\"mh-excerpt-more\" href=\"https:\/\/www.invarena.cz\/?p=33823\" title=\"FNUSA: #Vz\u00e1cn\u00ed2020 &#8211; Nestoj\u00edme o soucit, \u0159\u00edk\u00e1 pacientka se vz\u00e1cn\u00fdm onemocn\u011bn\u00edm\">[&#8230;]<\/a><\/p>\n<\/div>","protected":false},"author":1,"featured_media":14569,"comment_status":"open","ping_status":"closed","sticky":false,"template":"","format":"standard","meta":{"footnotes":""},"categories":[9],"tags":[],"class_list":["post-33823","post","type-post","status-publish","format-standard","has-post-thumbnail","hentry","category-zpravy"],"_links":{"self":[{"href":"https:\/\/www.invarena.cz\/index.php?rest_route=\/wp\/v2\/posts\/33823","targetHints":{"allow":["GET"]}}],"collection":[{"href":"https:\/\/www.invarena.cz\/index.php?rest_route=\/wp\/v2\/posts"}],"about":[{"href":"https:\/\/www.invarena.cz\/index.php?rest_route=\/wp\/v2\/types\/post"}],"author":[{"embeddable":true,"href":"https:\/\/www.invarena.cz\/index.php?rest_route=\/wp\/v2\/users\/1"}],"replies":[{"embeddable":true,"href":"https:\/\/www.invarena.cz\/index.php?rest_route=%2Fwp%2Fv2%2Fcomments&post=33823"}],"version-history":[{"count":0,"href":"https:\/\/www.invarena.cz\/index.php?rest_route=\/wp\/v2\/posts\/33823\/revisions"}],"wp:featuredmedia":[{"embeddable":true,"href":"https:\/\/www.invarena.cz\/index.php?rest_route=\/wp\/v2\/media\/14569"}],"wp:attachment":[{"href":"https:\/\/www.invarena.cz\/index.php?rest_route=%2Fwp%2Fv2%2Fmedia&parent=33823"}],"wp:term":[{"taxonomy":"category","embeddable":true,"href":"https:\/\/www.invarena.cz\/index.php?rest_route=%2Fwp%2Fv2%2Fcategories&post=33823"},{"taxonomy":"post_tag","embeddable":true,"href":"https:\/\/www.invarena.cz\/index.php?rest_route=%2Fwp%2Fv2%2Ftags&post=33823"}],"curies":[{"name":"wp","href":"https:\/\/api.w.org\/{rel}","templated":true}]}}