{"id":33953,"date":"2020-03-12T17:25:29","date_gmt":"2020-03-12T16:25:29","guid":{"rendered":"http:\/\/www.invarena.cz\/?p=33953"},"modified":"2020-03-12T17:25:30","modified_gmt":"2020-03-12T16:25:30","slug":"nevidomy-ondrej-zmeskal-koronavirus-mi-zkomplikoval-sen-o-paralympiade","status":"publish","type":"post","link":"https:\/\/www.invarena.cz\/?p=33953","title":{"rendered":"Nevidom\u00fd Ond\u0159ej Zme\u0161kal: Koronavirus mi zkomplikoval sen o paralympi\u00e1d\u011b"},"content":{"rendered":"\n<p>Nevidom\u00fd sportovec Ond\u0159ej Zme\u0161kal z T\u0159eb\u00ed\u010dska se pr\u00e1v\u011b chystal na kvalifika\u010dn\u00ed z\u00e1vod na Paralympijsk\u00e9 hry v Tokiu 2020. Do p\u0159\u00edprav ale ne\u010dekan\u011b zas\u00e1hla zpr\u00e1va o odlo\u017een\u00ed z\u00e1vodu. Kv\u016fli riziku koronaviru<\/p>\n\n\n\n<p>Pro nevidom\u00e9ho sportovce odk\u00e1zan\u00e9ho na podporu partner\u016f, vlastn\u00ed prost\u0159edky a pomoc tras\u00e9ra Marka Peterky a cel\u00e9ho t\u00fdmu to znamen\u00e1 p\u0159edev\u0161\u00edm ztr\u00e1tu. A to jak finan\u010dn\u00edch prost\u0159edk\u016f, tak mo\u017enosti posunout se bl\u00ed\u017ee sv\u00e9mu snu o \u00fa\u010dasti na paralympi\u00e1d\u011b.<\/p>\n\n\n\n<p>\u201eKa\u017ed\u00e9 dobr\u00e9 um\u00edst\u011bn\u00ed v z\u00e1vodech znamen\u00e1 dal\u0161\u00ed cenn\u00e9 body do tabulky. Rozhoduje se o tom, kte\u0159\u00ed sportovci se na paralympijsk\u00e9 hry nakonec probojuj\u00ed a kte\u0159\u00ed ne. Z\u00fa\u010dastnit se v\u0161ech pot\u0159ebn\u00fdch sv\u011btov\u00fdch kvalifika\u010dn\u00edch z\u00e1vod\u016f je pro m\u011b nesm\u00edrn\u011b finan\u010dn\u011b n\u00e1ro\u010dn\u00e9. Triatlon v Ab\u00fa Dhab\u00ed byl mou velkou nad\u011bj\u00ed a jeho zru\u0161en\u00ed na posledn\u00ed chv\u00edli znamen\u00e1 velkou r\u00e1nu,\u201c shrnuje Ond\u0159ej Zme\u0161kal.<\/p>\n\n\n\n<p>Jak\u00fd bude dal\u0161\u00ed pr\u016fb\u011bh d\u011bn\u00ed v ot\u00e1zce koronaviru, po\u0159\u00e1d\u00e1n\u00ed kvalifika\u010dn\u00edch z\u00e1vod\u016f ve sv\u011bt\u011b a cel\u00e9 organizace paralympijsk\u00fdch her v Tokiu je v tuto chv\u00edli nejist\u00e9<\/p>\n\n\n\n<p>Lud\u011bk Mahel<\/p>\n\n\n\n<p>T\u0159eb\u00ed\u010dsk\u00fd den\u00edk<\/p>\n\n\n\n<p><a rel=\"noreferrer noopener\" aria-label=\" (otev\u0159e se na nov\u00e9 z\u00e1lo\u017ece)\" href=\"https:\/\/trebicsky.denik.cz\/\" target=\"_blank\">https:\/\/trebicsky.denik.cz\/<\/a><br><\/p>\n","protected":false},"excerpt":{"rendered":"<div class=\"mh-excerpt\"><p>Nevidom\u00fd sportovec Ond\u0159ej Zme\u0161kal z T\u0159eb\u00ed\u010dska se pr\u00e1v\u011b chystal na kvalifika\u010dn\u00ed z\u00e1vod na Paralympijsk\u00e9 hry v Tokiu 2020. Do p\u0159\u00edprav ale ne\u010dekan\u011b zas\u00e1hla zpr\u00e1va o <a class=\"mh-excerpt-more\" href=\"https:\/\/www.invarena.cz\/?p=33953\" title=\"Nevidom\u00fd Ond\u0159ej Zme\u0161kal: Koronavirus mi zkomplikoval sen o paralympi\u00e1d\u011b\">[&#8230;]<\/a><\/p>\n<\/div>","protected":false},"author":1,"featured_media":0,"comment_status":"open","ping_status":"closed","sticky":false,"template":"","format":"standard","meta":{"footnotes":""},"categories":[9],"tags":[],"class_list":["post-33953","post","type-post","status-publish","format-standard","hentry","category-zpravy"],"_links":{"self":[{"href":"https:\/\/www.invarena.cz\/index.php?rest_route=\/wp\/v2\/posts\/33953","targetHints":{"allow":["GET"]}}],"collection":[{"href":"https:\/\/www.invarena.cz\/index.php?rest_route=\/wp\/v2\/posts"}],"about":[{"href":"https:\/\/www.invarena.cz\/index.php?rest_route=\/wp\/v2\/types\/post"}],"author":[{"embeddable":true,"href":"https:\/\/www.invarena.cz\/index.php?rest_route=\/wp\/v2\/users\/1"}],"replies":[{"embeddable":true,"href":"https:\/\/www.invarena.cz\/index.php?rest_route=%2Fwp%2Fv2%2Fcomments&post=33953"}],"version-history":[{"count":0,"href":"https:\/\/www.invarena.cz\/index.php?rest_route=\/wp\/v2\/posts\/33953\/revisions"}],"wp:attachment":[{"href":"https:\/\/www.invarena.cz\/index.php?rest_route=%2Fwp%2Fv2%2Fmedia&parent=33953"}],"wp:term":[{"taxonomy":"category","embeddable":true,"href":"https:\/\/www.invarena.cz\/index.php?rest_route=%2Fwp%2Fv2%2Fcategories&post=33953"},{"taxonomy":"post_tag","embeddable":true,"href":"https:\/\/www.invarena.cz\/index.php?rest_route=%2Fwp%2Fv2%2Ftags&post=33953"}],"curies":[{"name":"wp","href":"https:\/\/api.w.org\/{rel}","templated":true}]}}