{"id":33956,"date":"2020-03-13T12:08:14","date_gmt":"2020-03-13T11:08:14","guid":{"rendered":"http:\/\/www.invarena.cz\/?p=33956"},"modified":"2020-03-13T12:08:15","modified_gmt":"2020-03-13T11:08:15","slug":"jake-to-je-kdyz-oci-nevidi-zkouseli-lide-v-sumperku","status":"publish","type":"post","link":"https:\/\/www.invarena.cz\/?p=33956","title":{"rendered":"Jak\u00e9 to je, kdy\u017e o\u010di nevid\u00ed, zkou\u0161eli lid\u00e9 v \u0160umperku"},"content":{"rendered":"\n<p>O tom, \u017ee pohybovat se ve tm\u011b nen\u00ed zas a\u017e tak jednoduch\u00e9, stejn\u011b jako poslepu vykon\u00e1vat praktick\u00e9 \u010dinnosti se mohli p\u0159esv\u011bd\u010dit lid\u00e9 v \u0160umperku. Tamn\u00ed organizace, sdru\u017euj\u00edc\u00ed zrakov\u011b posti\u017een\u00e9 ob\u010dany, jim to umo\u017enila v r\u00e1mci veletrhu pom\u016fcek, kter\u00e9 mohou \u017eivot t\u011bmto lidem podstatn\u011b usnadnit. <br><br>Dopln\u011bn\u00fd o uk\u00e1zky aktivit potm\u011b a s podtitulem &#8222;zvl\u00e1dneme to i jinak&#8220; zaplnil v \u00fater\u00fd 10. b\u0159ezna spolupo\u0159adatelskou m\u011bstskou knihovnu nejprve \u017e\u00e1ky z\u00e1kladn\u00edch \u0161kol a gymnazisty, odpoledne pak dostala mo\u017enost v\u017e\u00edt se do role nevidom\u00fdch ve\u0159ejnost.<\/p>\n\n\n\n<p>&#8222;Premi\u00e9rov\u00e1 je akce uk\u00e1zkou nejnov\u011bj\u0161\u00edch pom\u016fcek a tak\u00e9 mo\u017enost\u00ed si je osobn\u011b vyzkou\u0161et,&#8220; zhodnotila tak trochu jinak zam\u011b\u0159enou prezenta\u010dn\u00ed akci SONS vedouc\u00ed \u0161umpersk\u00e9 odbo\u010dky Sjednocen\u00e9 organizace nevidom\u00fdch a slabozrak\u00fdch Renata Jandrtov\u00e1. &#8222;D\u011btem jsme z brailov\u00e9ho p\u00edma p\u0159ipravili \u0161krabo\u0161ky a program doplnili o b\u011b\u017en\u00e9 denn\u00ed aktivity i uk\u00e1zky spole\u010densk\u00fdch her pro nevidom\u00e9,&#8220; doplnila po\u0159adatelka.<\/p>\n\n\n\n<p>&#8222;Absolvoval jsem ch\u016fzi s b\u00edlou hol\u00ed, zap\u00ednal knofl\u00edky u ko\u0161ile, hledal stejn\u00e9 pono\u017eky,&#8220; vyjmenov\u00e1val aktivity, kter\u00e9 u\u017e se \u0161krabo\u0161kou na o\u010d\u00edch vyzkou\u0161el gymnazista Milan.<\/p>\n\n\n\n<p>&#8222;Potm\u011b bych je ale rad\u011bji necht\u011bl nikdy d\u011blat,&#8220; sv\u011b\u0159il se s bezprost\u0159edn\u00edmi pocity jeho stejn\u011b star\u00fd kamar\u00e1d. &#8222;Zkou\u0161ela jsem signaliza\u010dn\u00ed n\u00e1ramek \u2013 p\u0159ed p\u0159ek\u00e1\u017ekami vibruje a vyd\u00e1v\u00e1 zvuky,&#8220; zhodnotila n\u00e1v\u0161t\u011bvu o patro n\u00ed\u017e p\u00e1\u0165a\u010dka ze Z\u0160 Slune\u010dn\u00ed.<\/p>\n\n\n\n<p>&#8222;Lep\u0161\u00ed je ale moci se na cestu d\u00edvat vlastn\u00edma o\u010dima,&#8220; p\u0159idala se spolu\u017ea\u010dka ze Z\u0160 Vrchlick\u00e9ho. V\u0161ichni spole\u010dn\u011b se pak se\u0161li na dopl\u0148kov\u00e9m koncertu nevidom\u00e9ho zp\u011bv\u00e1ka Radka \u017daluda, kter\u00fd sv\u00fdm \u0161kolen\u00fdm hlasem zazp\u00edval za kytarov\u00e9ho doprovodu rovn\u011b\u017e handicapovan\u00e9ho Filipa Moravce.<\/p>\n\n\n\n<p>Vladim\u00edra Barto\u0148ov\u00e1<\/p>\n\n\n\n<p>\u0160umpersk\u00fd den\u00edk<\/p>\n\n\n\n<p><a rel=\"noreferrer noopener\" aria-label=\" (otev\u0159e se na nov\u00e9 z\u00e1lo\u017ece)\" href=\"https:\/\/sumpersky.denik.cz\/\" target=\"_blank\">https:\/\/sumpersky.denik.cz\/<\/a><br><\/p>\n","protected":false},"excerpt":{"rendered":"<div class=\"mh-excerpt\"><p>O tom, \u017ee pohybovat se ve tm\u011b nen\u00ed zas a\u017e tak jednoduch\u00e9, stejn\u011b jako poslepu vykon\u00e1vat praktick\u00e9 \u010dinnosti se mohli p\u0159esv\u011bd\u010dit lid\u00e9 v \u0160umperku. Tamn\u00ed <a class=\"mh-excerpt-more\" href=\"https:\/\/www.invarena.cz\/?p=33956\" title=\"Jak\u00e9 to je, kdy\u017e o\u010di nevid\u00ed, zkou\u0161eli lid\u00e9 v \u0160umperku\">[&#8230;]<\/a><\/p>\n<\/div>","protected":false},"author":1,"featured_media":11802,"comment_status":"open","ping_status":"closed","sticky":false,"template":"","format":"standard","meta":{"footnotes":""},"categories":[9],"tags":[],"class_list":["post-33956","post","type-post","status-publish","format-standard","has-post-thumbnail","hentry","category-zpravy"],"_links":{"self":[{"href":"https:\/\/www.invarena.cz\/index.php?rest_route=\/wp\/v2\/posts\/33956","targetHints":{"allow":["GET"]}}],"collection":[{"href":"https:\/\/www.invarena.cz\/index.php?rest_route=\/wp\/v2\/posts"}],"about":[{"href":"https:\/\/www.invarena.cz\/index.php?rest_route=\/wp\/v2\/types\/post"}],"author":[{"embeddable":true,"href":"https:\/\/www.invarena.cz\/index.php?rest_route=\/wp\/v2\/users\/1"}],"replies":[{"embeddable":true,"href":"https:\/\/www.invarena.cz\/index.php?rest_route=%2Fwp%2Fv2%2Fcomments&post=33956"}],"version-history":[{"count":0,"href":"https:\/\/www.invarena.cz\/index.php?rest_route=\/wp\/v2\/posts\/33956\/revisions"}],"wp:featuredmedia":[{"embeddable":true,"href":"https:\/\/www.invarena.cz\/index.php?rest_route=\/wp\/v2\/media\/11802"}],"wp:attachment":[{"href":"https:\/\/www.invarena.cz\/index.php?rest_route=%2Fwp%2Fv2%2Fmedia&parent=33956"}],"wp:term":[{"taxonomy":"category","embeddable":true,"href":"https:\/\/www.invarena.cz\/index.php?rest_route=%2Fwp%2Fv2%2Fcategories&post=33956"},{"taxonomy":"post_tag","embeddable":true,"href":"https:\/\/www.invarena.cz\/index.php?rest_route=%2Fwp%2Fv2%2Ftags&post=33956"}],"curies":[{"name":"wp","href":"https:\/\/api.w.org\/{rel}","templated":true}]}}