{"id":34043,"date":"2020-03-26T12:57:16","date_gmt":"2020-03-26T11:57:16","guid":{"rendered":"http:\/\/www.invarena.cz\/?p=34043"},"modified":"2020-03-26T12:57:16","modified_gmt":"2020-03-26T11:57:16","slug":"vzp-loni-zaplatila-temer-800-milionu-korun-za-peci-o-pacienty-s-epilepsii","status":"publish","type":"post","link":"https:\/\/www.invarena.cz\/?p=34043","title":{"rendered":"VZP loni zaplatila t\u00e9m\u011b\u0159 800 milion\u016f korun za p\u00e9\u010di o pacienty s epilepsi\u00ed"},"content":{"rendered":"\n<p>Bezm\u00e1la 51 tis\u00edc klient\u016f VZP trp\u00ed epilepsi\u00ed. Poji\u0161\u0165ovna na p\u00e9\u010di o n\u011b vydala v lo\u0148sk\u00e9m roce skoro 800 milion\u016f korun. Nejv\u00edce pacient\u016f l\u00e9\u010d\u00edc\u00edch se s touto nemoc\u00ed je v Praze, St\u0159edo\u010desk\u00e9m a Jihomoravsk\u00e9m kraji, v\u00edce nemocn\u00fdch je mu\u017e\u016f. Tyto \u00fadaje vypl\u00fdvaj\u00ed ze statistiky, kterou VZP zpracovala u p\u0159\u00edle\u017eitosti Sv\u011btov\u00e9ho dne epilepsie, p\u0159ipadaj\u00edc\u00edho na 26. b\u0159ezna.<\/p>\n\n\n\n<p>Cel\u00fd \u010dl\u00e1nek naleznete v Parlamentn\u00edch Listech: <a href=\"https:\/\/www.parlamentnilisty.cz\/zpravy\/tiskovezpravy\/VZP-loni-zaplatila-temer-800-milionu-korun-za-peci-o-pacienty-s-epilepsii-618391\" target=\"_blank\" rel=\"noreferrer noopener\" aria-label=\" (otev\u0159e se na nov\u00e9 z\u00e1lo\u017ece)\">https:\/\/www.parlamentnilisty.cz\/zpravy\/tiskovezpravy\/VZP-loni-zaplatila-temer-800-milionu-korun-za-peci-o-pacienty-s-epilepsii-618391<\/a><\/p>\n","protected":false},"excerpt":{"rendered":"<div class=\"mh-excerpt\"><p>Bezm\u00e1la 51 tis\u00edc klient\u016f VZP trp\u00ed epilepsi\u00ed. Poji\u0161\u0165ovna na p\u00e9\u010di o n\u011b vydala v lo\u0148sk\u00e9m roce skoro 800 milion\u016f korun. Nejv\u00edce pacient\u016f l\u00e9\u010d\u00edc\u00edch se s <a class=\"mh-excerpt-more\" href=\"https:\/\/www.invarena.cz\/?p=34043\" title=\"VZP loni zaplatila t\u00e9m\u011b\u0159 800 milion\u016f korun za p\u00e9\u010di o pacienty s epilepsi\u00ed\">[&#8230;]<\/a><\/p>\n<\/div>","protected":false},"author":1,"featured_media":7432,"comment_status":"open","ping_status":"closed","sticky":false,"template":"","format":"standard","meta":{"footnotes":""},"categories":[9],"tags":[],"class_list":["post-34043","post","type-post","status-publish","format-standard","has-post-thumbnail","hentry","category-zpravy"],"_links":{"self":[{"href":"https:\/\/www.invarena.cz\/index.php?rest_route=\/wp\/v2\/posts\/34043","targetHints":{"allow":["GET"]}}],"collection":[{"href":"https:\/\/www.invarena.cz\/index.php?rest_route=\/wp\/v2\/posts"}],"about":[{"href":"https:\/\/www.invarena.cz\/index.php?rest_route=\/wp\/v2\/types\/post"}],"author":[{"embeddable":true,"href":"https:\/\/www.invarena.cz\/index.php?rest_route=\/wp\/v2\/users\/1"}],"replies":[{"embeddable":true,"href":"https:\/\/www.invarena.cz\/index.php?rest_route=%2Fwp%2Fv2%2Fcomments&post=34043"}],"version-history":[{"count":0,"href":"https:\/\/www.invarena.cz\/index.php?rest_route=\/wp\/v2\/posts\/34043\/revisions"}],"wp:featuredmedia":[{"embeddable":true,"href":"https:\/\/www.invarena.cz\/index.php?rest_route=\/wp\/v2\/media\/7432"}],"wp:attachment":[{"href":"https:\/\/www.invarena.cz\/index.php?rest_route=%2Fwp%2Fv2%2Fmedia&parent=34043"}],"wp:term":[{"taxonomy":"category","embeddable":true,"href":"https:\/\/www.invarena.cz\/index.php?rest_route=%2Fwp%2Fv2%2Fcategories&post=34043"},{"taxonomy":"post_tag","embeddable":true,"href":"https:\/\/www.invarena.cz\/index.php?rest_route=%2Fwp%2Fv2%2Ftags&post=34043"}],"curies":[{"name":"wp","href":"https:\/\/api.w.org\/{rel}","templated":true}]}}