{"id":34050,"date":"2020-03-27T14:12:33","date_gmt":"2020-03-27T13:12:33","guid":{"rendered":"http:\/\/www.invarena.cz\/?p=34050"},"modified":"2020-03-27T14:12:34","modified_gmt":"2020-03-27T13:12:34","slug":"remdesivir-zabral-stav-experimentalne-leceneho-muze-se-vyrazne-zlepsil","status":"publish","type":"post","link":"https:\/\/www.invarena.cz\/?p=34050","title":{"rendered":"Remdesivir zabral. Stav experiment\u00e1ln\u011b l\u00e9\u010den\u00e9ho mu\u017ee se v\u00fdrazn\u011b zlep\u0161il"},"content":{"rendered":"\n<p>Stav pacienta s COVID-19, kter\u00e9mu l\u00e9ka\u0159i ve V\u0161eobecn\u00e9 fakultn\u00ed nemocnici  v Praze t\u0159i dny pod\u00e1vaj\u00ed experiment\u00e1ln\u00ed l\u00e9k remdesivir, se v\u00fdrazn\u011b  zlep\u0161il. Informaci \u010cesk\u00e9 televize dnes potvrdila mluv\u010d\u00ed nemocnice Marie  He\u0159m\u00e1nkov\u00e1. Mu\u017e, kter\u00e9ho nemocnice p\u0159ij\u00edmala se selh\u00e1n\u00edm plic, mohl b\u00fdt  odpojen od p\u0159\u00edstroje ECMO, kter\u00fd zaji\u0161\u0165uje mimot\u011bln\u00ed okysli\u010dov\u00e1n\u00ed krve.<\/p>\n\n\n\n<p>\u0158editel VFN David Feltl nicm\u00e9n\u011b novin\u00e1\u0159\u016fm na odpoledn\u00edm briefingu \n\u0159ekl, \u017ee stav pacienta z\u016fst\u00e1v\u00e1 velmi v\u00e1\u017en\u00fd, nav\u00edc se zlep\u0161oval u\u017e p\u0159ed \npod\u00e1n\u00edm l\u00e9ku. Zd\u016fraznil, \u017ee je nutn\u00e9 p\u0159edev\u0161\u00edm \u0159e\u0161it testovac\u00ed kapacity a\n mo\u017enosti zdravotnick\u00e9ho person\u00e1lu, kter\u00fd nyn\u00ed podle n\u011bj pracuje na \nhran\u011b sebeob\u011btov\u00e1n\u00ed.<\/p>\n\n\n\n<p>Mu\u017e je jedin\u00fdm z pacient\u016f v \u010cR, pro kter\u00e9ho l\u00e9ka\u0159i  remdesivir dostali, nap\u0159\u00edklad na Bulovce s \u017e\u00e1dost\u00ed o l\u00e9k neusp\u011bli. Podle  p\u0159ednosty anesteziologick\u00e9 kliniky VFN Martina Bal\u00edka m\u00e1 mu\u017e po\u0161kozen\u00e9  pl\u00edce.<\/p>\n\n\n\n<p>Nejprve byl 10.&nbsp;b\u0159ezna p\u0159ijat do Thomayerovy nemocnice v&nbsp;Praze-Kr\u010di \ns&nbsp;podez\u0159en\u00edm na z\u00e1pal plic, po p\u011bti dnech ho p\u0159evzala VFN, kde byl \nnapojen na ECMO. T\u011bchto p\u0159\u00edstroj\u016f pro nejv\u00e1\u017en\u011bji posti\u017een\u00e9 pacienty \ns&nbsp;COVID-19&nbsp;je v&nbsp;\u010cesku 74, k&nbsp;p\u00e9\u010di o&nbsp;dal\u0161\u00ed v\u00e1\u017en\u00e9 p\u0159\u00edpady jsou t\u0159eba plicn\u00ed\n ventil\u00e1tory nebo pod\u00e1v\u00e1n\u00ed kysl\u00edku.<\/p>\n\n\n\n<p>Feltl  \u0159ekl, \u017ee stav pacienta se \u010d\u00e1ste\u010dn\u011b zlep\u0161oval u\u017e p\u0159ed pod\u00e1n\u00edm l\u00e9ku.  &#8222;Nad\u00e1le je to experiment\u00e1ln\u00ed l\u00e9\u010dba, situace je mnohem slo\u017eit\u011bj\u0161\u00ed, ne\u017e \u017ee  p\u0159i\u0161el l\u00e9k a zachr\u00e1nil pacienta,&#8220; uvedl. Bal\u00edk \u0159ekl, \u017ee terapie je  komplexn\u00ed a nemocnice na l\u00e9k \u010dekala t\u00fdden.<\/p>\n\n\n\n<p>Je remdesivir kl\u00ed\u010dov\u00e1 substance? Nev\u00edm<\/p>\n\n\n\n<p>&#8222;To je stra\u0161n\u011b dlouh\u00e1 doba, kterou v&nbsp;intenzivn\u00ed p\u00e9\u010di nem\u016f\u017eete nechat \njen na \u010dek\u00e1n\u00ed, mus\u00edte se toho pacienta sna\u017eit d\u00e1t dohromady,&#8220; uvedl. \nPod\u00e1v\u00e1n\u00ed l\u00e9ku pacientovi neu\u0161kodilo. &#8222;Ale nem\u00e1me jistotu, \u017ee remdesivir \nje kl\u00ed\u010dov\u00e1 substance,&#8220; zd\u016fraznil.<\/p>\n\n\n\n<p>Nemocnice z\u00edskala povolen\u00ed pou\u017e\u00edt experiment\u00e1ln\u00ed l\u00e9k od americk\u00e9  firmy Gilead, kter\u00fd vyvinul t\u00fdm pod veden\u00edm \u010cecha Tom\u00e1\u0161e Cihl\u00e1\u0159e.  Spole\u010dnost ale z\u00e1rove\u0148 v ned\u011bli ozn\u00e1mila, \u017ee p\u0159est\u00e1v\u00e1 &#8222;kv\u016fli p\u0159\u00edli\u0161n\u00e9  popt\u00e1vce v posledn\u00edch dnech&#8220; ud\u011blovat povolen\u00ed k pokusn\u00e9 l\u00e9\u010db\u011b. Jedinou  v\u00fdjimku budou tvo\u0159it t\u011bhotn\u00e9 \u017eeny a d\u011bti mlad\u0161\u00ed 18 let.<\/p>\n\n\n\n<p>Podle n\u00e1m\u011bstka ministra zdravotnictv\u00ed Romana Prymuly \u010cesko jedn\u00e1  o&nbsp;dal\u0161\u00edch mo\u017enostech u\u017e\u00edv\u00e1n\u00ed l\u00e9ku v&nbsp;dal\u0161\u00ed f\u00e1zi jeho v\u00fdvoje. V&nbsp;Evrop\u011b by  podle n\u011bj mohla b\u00fdt ulo\u017eena jist\u00e1 z\u00e1soba, kterou by americk\u00e1 firma  schvalovala pro pacienty. Prvn\u00ed d\u00e1vka dodan\u00e1 do \u010ceska byla podle VFN  zdarma, dal\u0161\u00ed by muselo \u010desk\u00e9 zdravotnictv\u00ed hradit.<br> <br>Remdesivir je antivirotikum, kter\u00e9 zabra\u0148uje mno\u017een\u00ed viru. P\u016fvodn\u011b m\u011bl  slou\u017eit pro l\u00e9\u010dbu naka\u017een\u00fdch krv\u00e1civou hore\u010dkou ebola v&nbsp;Kongu, epidemii  se v\u0161ak poda\u0159ilo zastavit a testy l\u00e9ku byly p\u0159eru\u0161eny. Podle Sv\u011btov\u00e9  zdravotnick\u00e9 organizace (WHO), kter\u00e1 remdesivir ozna\u010dila za  &#8222;nejslibn\u011bj\u0161\u00edho kandid\u00e1ta&#8220; v&nbsp;boji proti nov\u00e9mu koronaviru, tento l\u00e9k  zab\u00edral i&nbsp;na nemoci SARS a MERS, je\u017e jsou zp\u016fsobeny p\u0159\u00edbuzn\u00fdm typem  koronaviru.<br><br>Pelh\u0159imovsk\u00fd den\u00edk<\/p>\n\n\n\n<p><a rel=\"noreferrer noopener\" aria-label=\" (otev\u0159e se na nov\u00e9 z\u00e1lo\u017ece)\" href=\"https:\/\/pelhrimovsky.denik.cz\/\" target=\"_blank\">https:\/\/pelhrimovsky.denik.cz\/<\/a><br><\/p>\n","protected":false},"excerpt":{"rendered":"<div class=\"mh-excerpt\"><p>Stav pacienta s COVID-19, kter\u00e9mu l\u00e9ka\u0159i ve V\u0161eobecn\u00e9 fakultn\u00ed nemocnici v Praze t\u0159i dny pod\u00e1vaj\u00ed experiment\u00e1ln\u00ed l\u00e9k remdesivir, se v\u00fdrazn\u011b zlep\u0161il. Informaci \u010cesk\u00e9 televize dnes <a class=\"mh-excerpt-more\" href=\"https:\/\/www.invarena.cz\/?p=34050\" title=\"Remdesivir zabral. Stav experiment\u00e1ln\u011b l\u00e9\u010den\u00e9ho mu\u017ee se v\u00fdrazn\u011b zlep\u0161il\">[&#8230;]<\/a><\/p>\n<\/div>","protected":false},"author":1,"featured_media":0,"comment_status":"open","ping_status":"closed","sticky":false,"template":"","format":"standard","meta":{"footnotes":""},"categories":[9],"tags":[],"class_list":["post-34050","post","type-post","status-publish","format-standard","hentry","category-zpravy"],"_links":{"self":[{"href":"https:\/\/www.invarena.cz\/index.php?rest_route=\/wp\/v2\/posts\/34050","targetHints":{"allow":["GET"]}}],"collection":[{"href":"https:\/\/www.invarena.cz\/index.php?rest_route=\/wp\/v2\/posts"}],"about":[{"href":"https:\/\/www.invarena.cz\/index.php?rest_route=\/wp\/v2\/types\/post"}],"author":[{"embeddable":true,"href":"https:\/\/www.invarena.cz\/index.php?rest_route=\/wp\/v2\/users\/1"}],"replies":[{"embeddable":true,"href":"https:\/\/www.invarena.cz\/index.php?rest_route=%2Fwp%2Fv2%2Fcomments&post=34050"}],"version-history":[{"count":0,"href":"https:\/\/www.invarena.cz\/index.php?rest_route=\/wp\/v2\/posts\/34050\/revisions"}],"wp:attachment":[{"href":"https:\/\/www.invarena.cz\/index.php?rest_route=%2Fwp%2Fv2%2Fmedia&parent=34050"}],"wp:term":[{"taxonomy":"category","embeddable":true,"href":"https:\/\/www.invarena.cz\/index.php?rest_route=%2Fwp%2Fv2%2Fcategories&post=34050"},{"taxonomy":"post_tag","embeddable":true,"href":"https:\/\/www.invarena.cz\/index.php?rest_route=%2Fwp%2Fv2%2Ftags&post=34050"}],"curies":[{"name":"wp","href":"https:\/\/api.w.org\/{rel}","templated":true}]}}