{"id":34070,"date":"2020-04-01T18:27:00","date_gmt":"2020-04-01T16:27:00","guid":{"rendered":"http:\/\/www.invarena.cz\/?p=34070"},"modified":"2020-04-01T18:27:08","modified_gmt":"2020-04-01T16:27:08","slug":"policie-cr-informace-pro-neslysici-jsme-v-tom-spolecne","status":"publish","type":"post","link":"https:\/\/www.invarena.cz\/?p=34070","title":{"rendered":"Policie \u010cR: Informace pro nesly\u0161\u00edc\u00ed \u2013 jsme v tom spole\u010dn\u011b"},"content":{"rendered":"\n<p>Situace, ve kter\u00e9 se kv\u016fli celosv\u011btov\u00e9mu \u0161\u00ed\u0159en\u00ed koronavirov\u00e9 infekce nach\u00e1z\u00edme, klade na celou spole\u010dnost velk\u00e9 n\u00e1roky. Denn\u011b jsme vystavov\u00e1ni z\u00e1plav\u011b nov\u00fdch informac\u00ed v\u00a0podob\u011b nov\u00fdch vl\u00e1dn\u00edch na\u0159\u00edzen\u00ed, rad a postup\u016f, ve kter\u00fdch \u010dasto nen\u00ed snadn\u00e9 se zorientovat. S\u00a0r\u016fzn\u00fdmi bari\u00e9rami o to v\u00edce bojuj\u00ed osoby se speci\u00e1ln\u00edmi komunika\u010dn\u00edmi pot\u0159ebami. Jen v\u00a0\u010cesk\u00e9 republice jsou statis\u00edce osob s\u00a0men\u0161\u00edm \u010di v\u011bt\u0161\u00edm rozsahem po\u0161kozen\u00ed sluchov\u00e9ho vn\u00edm\u00e1n\u00ed.<\/p>\n\n\n\n<p>Cel\u00fd \u010dl\u00e1nek naleznete v Parlamentn\u00edch Listech: <a href=\"https:\/\/www.parlamentnilisty.cz\/zpravy\/tiskovezpravy\/Policie-CR-Informace-pro-neslysici-jsme-v-tom-spolecne-619009\" target=\"_blank\" rel=\"noreferrer noopener\" aria-label=\" (otev\u0159e se na nov\u00e9 z\u00e1lo\u017ece)\">https:\/\/www.parlamentnilisty.cz\/zpravy\/tiskovezpravy\/Policie-CR-Informace-pro-neslysici-jsme-v-tom-spolecne-619009<\/a><\/p>\n","protected":false},"excerpt":{"rendered":"<div class=\"mh-excerpt\"><p>Situace, ve kter\u00e9 se kv\u016fli celosv\u011btov\u00e9mu \u0161\u00ed\u0159en\u00ed koronavirov\u00e9 infekce nach\u00e1z\u00edme, klade na celou spole\u010dnost velk\u00e9 n\u00e1roky. Denn\u011b jsme vystavov\u00e1ni z\u00e1plav\u011b nov\u00fdch informac\u00ed v\u00a0podob\u011b nov\u00fdch vl\u00e1dn\u00edch <a class=\"mh-excerpt-more\" href=\"https:\/\/www.invarena.cz\/?p=34070\" title=\"Policie \u010cR: Informace pro nesly\u0161\u00edc\u00ed \u2013 jsme v tom spole\u010dn\u011b\">[&#8230;]<\/a><\/p>\n<\/div>","protected":false},"author":1,"featured_media":1346,"comment_status":"open","ping_status":"closed","sticky":false,"template":"","format":"standard","meta":{"footnotes":""},"categories":[9],"tags":[],"class_list":["post-34070","post","type-post","status-publish","format-standard","has-post-thumbnail","hentry","category-zpravy"],"_links":{"self":[{"href":"https:\/\/www.invarena.cz\/index.php?rest_route=\/wp\/v2\/posts\/34070","targetHints":{"allow":["GET"]}}],"collection":[{"href":"https:\/\/www.invarena.cz\/index.php?rest_route=\/wp\/v2\/posts"}],"about":[{"href":"https:\/\/www.invarena.cz\/index.php?rest_route=\/wp\/v2\/types\/post"}],"author":[{"embeddable":true,"href":"https:\/\/www.invarena.cz\/index.php?rest_route=\/wp\/v2\/users\/1"}],"replies":[{"embeddable":true,"href":"https:\/\/www.invarena.cz\/index.php?rest_route=%2Fwp%2Fv2%2Fcomments&post=34070"}],"version-history":[{"count":0,"href":"https:\/\/www.invarena.cz\/index.php?rest_route=\/wp\/v2\/posts\/34070\/revisions"}],"wp:featuredmedia":[{"embeddable":true,"href":"https:\/\/www.invarena.cz\/index.php?rest_route=\/wp\/v2\/media\/1346"}],"wp:attachment":[{"href":"https:\/\/www.invarena.cz\/index.php?rest_route=%2Fwp%2Fv2%2Fmedia&parent=34070"}],"wp:term":[{"taxonomy":"category","embeddable":true,"href":"https:\/\/www.invarena.cz\/index.php?rest_route=%2Fwp%2Fv2%2Fcategories&post=34070"},{"taxonomy":"post_tag","embeddable":true,"href":"https:\/\/www.invarena.cz\/index.php?rest_route=%2Fwp%2Fv2%2Ftags&post=34070"}],"curies":[{"name":"wp","href":"https:\/\/api.w.org\/{rel}","templated":true}]}}