{"id":34073,"date":"2020-04-01T18:42:43","date_gmt":"2020-04-01T16:42:43","guid":{"rendered":"http:\/\/www.invarena.cz\/?p=34073"},"modified":"2020-04-01T18:42:44","modified_gmt":"2020-04-01T16:42:44","slug":"super-mama-dagmar-simkova-ma-dve-nemocne-deti-ale-pomaha-druhym-pise-pro-nemoc","status":"publish","type":"post","link":"https:\/\/www.invarena.cz\/?p=34073","title":{"rendered":"Super m\u00e1ma Dagmar \u0160imkov\u00e1 m\u00e1 dv\u011b nemocn\u00e9 d\u011bti, ale pom\u00e1h\u00e1 druh\u00fdm. P\u00ed\u0161e pro nemoc"},"content":{"rendered":"\n<p>Jsem oby\u010dejn\u00e1 matka dvou neoby\u010dejn\u00fdch d\u011bt\u00ed, \u0159\u00edk\u00e1 o sob\u011b Dagmar \u0160imkov\u00e1 z Her\u00e1lce na Havl\u00ed\u010dkobrodsku, autorka unik\u00e1tn\u00ed knihy Srd\u00ed\u010dkov\u00e9 b\u00e1sni\u010dky. Je ur\u010dena d\u011btem od t\u0159\u00ed let s poruchami autistick\u00e9ho spektra. Kn\u00ed\u017eka m\u00e1 posti\u017een\u00e9 d\u011bti nejen bavit ale tak\u00e9 vzd\u011bl\u00e1vat. <br> <br>\u00dactu a obdiv. To mus\u00ed c\u00edtit ka\u017ed\u00fd, kdo se setk\u00e1 s Dagmar \u0160imkovou a jej\u00ed rodinou. Jak \u00fa\u017easn\u011b dr\u017e\u00ed v\u0161ichni pohromad\u011b. Rodi\u010de i prarodi\u010de t\u00e1hnou spole\u010dn\u011b za jeden provaz. S jedin\u00fdm c\u00edlem, aby dv\u011b neoby\u010dejn\u00e9 d\u011bti, kter\u00e9 v t\u00e9 rodin\u011b \u017eij\u00ed, byly \u0161\u0165astn\u00e9. Man\u017eel Dagmar \u0160imkov\u00e9 p\u016fsob\u00ed na prvn\u00ed pohled jako pozitivn\u00ed vyrovnan\u00fd \u010dlov\u011bk. Ne ka\u017ed\u00fd mu\u017e ale dok\u00e1\u017ee takovou n\u00e1lo\u017e osudu zvl\u00e1dnout. Podle Ireny Salaquardov\u00e9 ze St\u0159ediska ran\u00e9 p\u00e9\u010de p\u0159i havl\u00ed\u010dkobrodsk\u00e9 Oblastn\u00ed charit\u011b se rodiny s posti\u017een\u00fdmi d\u011btmi \u010dasto rozpadaj\u00ed. Mu\u017e se neum\u00ed s narozen\u00edm posti\u017een\u00e9ho d\u00edt\u011bte vyrovnat a odejde nebo v rodin\u011b setrv\u00e1 jen symbolicky. Jen\u017ee tento tat\u00ednek svoje neoby\u010dejn\u00e9 d\u011bti bezmezn\u011b miluje. \u010clov\u011bka v t\u00e9 chv\u00edli napad\u00e1, kolik ran osudu jsme schopni un\u00e9st a pro\u010d se po\u0159\u00e1d tr\u00e1pit v mali\u010dkostech? <br> <br>&#8222;Nejsem studovan\u00fd psycholog dokonce ani speci\u00e1ln\u00ed pedagog. V\u011bnovala jsem se ale soci\u00e1ln\u00ed pr\u00e1ci. \u0160est let jsem \u017eila v Anglii, kde jsem pracovala s autistick\u00fdmi d\u011btmi a hodn\u011b se nau\u010dila.&#8220; <br> <br>Ano, Dagmar \u0160imkov\u00e1 z Her\u00e1lce m\u00e1 dv\u011b neoby\u010dejn\u00e9 d\u011bti. Ob\u011b z\u00e1rove\u0148 trp\u00ed poruchou autistick\u00e9ho spektra. Dcerka m\u00e1 nav\u00edc cukrovku prvn\u00edho typu. Takov\u00e9 d\u011bti jen t\u011b\u017eko hledaj\u00ed vhodnou mate\u0159skou \u0161kolu. Tak\u017ee Dagmar \u0160imkov\u00e1 z\u016fstala doma a je to super m\u00e1ma na pln\u00fd \u00favazek. Sna\u017e\u00ed se d\u011btem v\u011bnovat a vzd\u011bl\u00e1vat je, aby dok\u00e1zaly b\u00fdt v \u017eivot\u011b jednou samostatn\u00e9. &#8222;Moje kn\u00ed\u017eka Srd\u00ed\u010dkov\u00e9 b\u00e1sni\u010dky se pomalu rodila v dob\u011b, kdy jsem za\u010dala s d\u011btmi pracovat na z\u00e1klad\u011b zvl\u00e1\u0161tn\u00edch metod v\u00fduky pro autistick\u00e9 d\u011bti. Nejsem studovan\u00fd psycholog dokonce ani speci\u00e1ln\u00ed pedagog. V\u011bnovala jsem se ale soci\u00e1ln\u00ed pr\u00e1ci. \u0160est let jsem \u017eila v Anglii, kde jsem pracovala s autistick\u00fdmi d\u011btmi a hodn\u011b se nau\u010dila,&#8220; vysv\u011btlila pan\u00ed Dagmar odkud na\u010derpala svoje zku\u0161enosti.<\/p>\n\n\n\n<p>To, \u017ee se j\u00ed samotn\u00e9 nakonec narodily dv\u011b d\u011bti pr\u00e1v\u011b s t\u00edmto posti\u017een\u00edm, nen\u00ed nic jin\u00e9ho ne\u017e krut\u00e1 ironie osudu. &#8222;Nikdo nev\u00ed, pro\u010d se to stalo, pro\u010d se n\u00e1m narodily dv\u011b autistick\u00e9 d\u011bti za sebou, ale podle l\u00e9ka\u0159\u016f d\u011bt\u00ed s t\u00edmto posti\u017een\u00edm je po\u0159\u00e1d v\u00edc. Ze za\u010d\u00e1tku jsem to samoz\u0159ejm\u011b nesla t\u011b\u017ece, ale nezbylo mi nic jin\u00e9ho, ne\u017e se s t\u00edm postupn\u011b vyrovnat. M\u011b i man\u017eela ta tvrd\u00e1 \u017eivotn\u00ed zku\u0161enost stmelila. Zvl\u00e1\u0161\u0165 kdy\u017e se uk\u00e1zalo, \u017ee dcerka m\u00e1 nav\u00edc cukrovku prvn\u00edho typu, na kterou n\u00e1m m\u00e1lem um\u0159ela, kdybychom si toho v\u010das nev\u0161imli,&#8220; vypr\u00e1v\u00ed pan\u00ed Dagmar s \u00fasm\u011bvem o sv\u00e9m nelehk\u00e9m osudu a dod\u00e1v\u00e1 na vysv\u011btlenou: &#8222;Pro\u010d se po\u0159\u00e1d tr\u00e1pit t\u00edm, co zm\u011bnit nejde?&#8220; <br><br>Dcerka D\u00e1\u0161a p\u0159itom p\u016fsob\u00ed na prvn\u00ed pohled jako &#8222;norm\u00e1ln\u00ed&#8220; d\u00edt\u011b. Jen je trochu \u017eiv\u011bj\u0161\u00ed, ale mil\u00e1, hezk\u00e1 a bezprost\u0159edn\u00ed, p\u0159ed ciz\u00edmi se viditeln\u011b nestyd\u00ed. Jen jej\u00ed maminka v\u00ed, jak to vypad\u00e1, kdy\u017e m\u00e1 D\u00e1\u0161enka svoje dny. Trp\u00ed toti\u017e Aspergerov\u00fdm syndromem a je doslova z\u00e1visl\u00e1 na ritu\u00e1lech. J\u00ed jenom ur\u010dit\u00e1 j\u00eddla, ty co se j\u00ed nel\u00edb\u00ed, odm\u00edt\u00e1, co\u017e p\u0159i jej\u00ed cukrovce m\u016f\u017ee b\u00fdt zdrav\u00ed nebezpe\u010dn\u00e9. Nesn\u00e1\u0161\u00ed vodu, pravideln\u00e9 koup\u00e1n\u00ed ji stresuje. \u0160patn\u011b srovnan\u00e9 hra\u010dky na gau\u010di nebo brambory na tal\u00ed\u0159i j\u00ed dok\u00e1\u017eou vyv\u00e9st z m\u00edry. Ale je vysoce inteligentn\u00ed a m\u00e1 skv\u011blou pam\u011b\u0165. Pan\u00ed Dagmar v\u011b\u0159\u00ed, \u017ee \u010dasem se poda\u0159\u00ed posti\u017een\u00ed jej\u00ed dcery c\u00edlenou v\u00fdchovou zvl\u00e1dnout natolik, aby se dcera dok\u00e1zala za\u0159adit do spole\u010dnosti vrstevn\u00edk\u016f a s ohledem na svoji inteligenci i studovat. Dokonce b\u00fdt v budoucnu samostatn\u00e1.<\/p>\n\n\n\n<p>I br\u00e1\u0161ka mal\u00e9 D\u00e1\u0161enky je na prvn\u00ed pohled roztomil\u00e9 d\u00edt\u011b, ale jen jeho rodi\u010de v\u011bd\u00ed, kolik \u00fasil\u00ed to st\u00e1lo, ne\u017e chlapec za\u010dal komunikovat, reagovat na podn\u011bty zven\u010d\u00ed, a jak \u010dasto mus\u00ed b\u011bhem dne odpo\u010d\u00edvat. <br> <br>Prvn\u00ed kn\u00ed\u017eka, kterou Dagmar \u0160imkov\u00e1 napsala, vznikla pr\u00e1v\u011b kv\u016fli nemoci jej\u00ed dcerky. Jmenuje se Pr\u016fvodce nemocnic\u00ed pro mal\u00e9 d\u011bti s diabetem. N\u00e1zorn\u011b, pomoc\u00ed jednoduch\u00fdch v\u011bt a obr\u00e1zk\u016f, se d\u011bti spolu s nemocnou hol\u010di\u010dkou D\u00e1\u0161enkou u\u010d\u00ed, co je to d\u011btsk\u00e1 cukrovka a jak s n\u00ed \u017e\u00edt, proto\u017ee kv\u016fli sv\u00e9mu posti\u017een\u00ed m\u00e1 dcerka na no\u017ece zavedenou kanylu, kudy je mo\u017en\u00e9 inzul\u00edn do t\u011bla pod\u00e1vat. Nakladatele nena\u0161li. Dagmar \u0160imkov\u00e1 s man\u017eelem vydali nakonec knihu vlastn\u00edm n\u00e1kladem. N\u011bkolik v\u00fdtisk\u016f v\u011bnovali jihlavsk\u00e9 nemocnici kam pravideln\u011b jezd\u00ed na kontroly. &#8222;R\u00e1da bych, aby se kn\u00ed\u017eka dostala do v\u0161ech nemocnic. Rodi\u010d\u016fm nemocn\u00fdch d\u011bt\u00ed a mal\u00fdm diabetik\u016fm by to pomohlo,&#8220; p\u0159eje si pan\u00ed Dagmar. <br> <br>Stejn\u011b tak vydala Dagmar \u0160imkov\u00e1 vlastn\u00edm n\u00e1kladem s pomoc\u00ed rodiny kn\u00ed\u017eku Srd\u00ed\u010dkov\u00e9 b\u00e1sni\u010dky, kter\u00e1 m\u00e1 mal\u00fdm autist\u016fm p\u0159ibl\u00ed\u017eit sv\u011bt kolem nich. Nejd\u0159\u00edve pan\u00ed Dagmar za\u010dala ps\u00e1t d\u011btsk\u00e9 b\u00e1sni\u010dky, kter\u00e9 ji napadly t\u0159eba na proch\u00e1zce. &#8222;Vid\u011bt nap\u0159\u00edklad \u017eiv\u00e9 ovce byl pro moje d\u011bti z\u00e1\u017eitek. Ale u\u017e t\u011b\u017eko ch\u00e1paly, \u017ee se ovce st\u0159\u00edhaj\u00ed a z jejich vlny se pletou svetry. Tak jsem po noc\u00edch malovala obr\u00e1zky. Nakonec jsem v\u0161e propojila, ver\u0161e a obr\u00e1zky a kniha byla na sv\u011bt\u011b,&#8220; popisuje pan\u00ed Dagmar jak toto origin\u00e1ln\u00ed d\u00edlo vznikalo. Z\u00e1jem o knihu m\u011bly t\u0159i nakladatelstv\u00ed, ale p\u0159esto nakonec v \u017e\u00e1dn\u00e9m z nich nevy\u0161la. &#8222;V\u0161echno ztroskotalo na probl\u00e9mu a\u017e primitivn\u00edm. Do knihy je toti\u017e pot\u0159eba vlepit kv\u016fli pohybliv\u00fdm obr\u00e1zk\u016fm such\u00e9 zipy. To ale nakladatel\u00e9 odm\u00edtli. Nejsou lidi. Nakladatel\u00e9 nemaj\u00ed nikoho, kdo by tam ty zipy lepil. Museli by lepi\u010de zaplatit a kniha by se prodra\u017eila,&#8220; vysv\u011btluje man\u017eel pan\u00ed Dagmar pro\u010d si knihu musela rodina \u0160imkov\u00fdch vydat nakonec sama. Such\u00e9 zipy do knihy lep\u00ed te\u010f ve voln\u00fdch chv\u00edl\u00edch pan\u00ed Dagmar s man\u017eelem.<\/p>\n\n\n\n<p>Tvorba hrav\u00fdch knih ale oby\u010dejnou maminku dvou neoby\u010dejn\u00fdch d\u011bt\u00ed bav\u00ed i p\u0159es probl\u00e9my, kter\u00e9 mus\u00ed p\u0159ekonat. Mo\u017en\u00e1 m\u00e1 Dagmar \u0160imkov\u00e1 tolik s\u00edly j\u00edt d\u00e1l p\u0159es v\u0161echny p\u0159ek\u00e1\u017eky a nevzd\u00e1vat se, proto\u017ee se doslova den za dnem pere s nelehk\u00fdm osudem. Po Srd\u00ed\u010dkov\u00fdch b\u00e1sni\u010dk\u00e1ch tak vznikla dal\u0161\u00ed kn\u00ed\u017eka nazvan\u00e1 Dobrodru\u017estv\u00ed v\u011btru a poh\u00e1dka Stra\u0161idla z jedn\u00e9 vesnice. Je to p\u0159\u00edb\u011bh o \u010darod\u011bjnici, up\u00edrovi a jejich neoby\u010dejn\u00e9 velk\u00e9 l\u00e1sce. Kniha chce sezn\u00e1mit d\u011bti se v\u0161emi stra\u0161idly, aby v\u011bd\u011bly, \u017ee se jich rozhodn\u011b nemusej\u00ed b\u00e1t. <\/p>\n\n\n\n<p>&#8222;Zda vyjdou v\u0161echny moje knihy ze \u0161upl\u00edku, to bych si moc p\u0159\u00e1la. Z\u00e1le\u017e\u00ed to v\u0161ak nejv\u00edc na tom, zda se moje tvorba a m\u016fj styl malov\u00e1n\u00ed bude d\u011btem l\u00edbit,&#8220; dod\u00e1v\u00e1 autorka.<\/p>\n\n\n\n<p>\u0160t\u011bp\u00e1nka Saadouni<\/p>\n\n\n\n<p>P\u0159\u00edbramsk\u00fd den\u00edk<\/p>\n\n\n\n<p><a rel=\"noreferrer noopener\" aria-label=\" (otev\u0159e se na nov\u00e9 z\u00e1lo\u017ece)\" href=\"https:\/\/pribramsky.denik.cz\" target=\"_blank\">https:\/\/pribramsky.denik.cz<\/a><\/p>\n","protected":false},"excerpt":{"rendered":"<div class=\"mh-excerpt\"><p>Jsem oby\u010dejn\u00e1 matka dvou neoby\u010dejn\u00fdch d\u011bt\u00ed, \u0159\u00edk\u00e1 o sob\u011b Dagmar \u0160imkov\u00e1 z Her\u00e1lce na Havl\u00ed\u010dkobrodsku, autorka unik\u00e1tn\u00ed knihy Srd\u00ed\u010dkov\u00e9 b\u00e1sni\u010dky. Je ur\u010dena d\u011btem od t\u0159\u00ed <a class=\"mh-excerpt-more\" href=\"https:\/\/www.invarena.cz\/?p=34073\" title=\"Super m\u00e1ma Dagmar \u0160imkov\u00e1 m\u00e1 dv\u011b nemocn\u00e9 d\u011bti, ale pom\u00e1h\u00e1 druh\u00fdm. P\u00ed\u0161e pro nemoc\">[&#8230;]<\/a><\/p>\n<\/div>","protected":false},"author":1,"featured_media":14683,"comment_status":"open","ping_status":"closed","sticky":false,"template":"","format":"standard","meta":{"footnotes":""},"categories":[9],"tags":[],"class_list":["post-34073","post","type-post","status-publish","format-standard","has-post-thumbnail","hentry","category-zpravy"],"_links":{"self":[{"href":"https:\/\/www.invarena.cz\/index.php?rest_route=\/wp\/v2\/posts\/34073","targetHints":{"allow":["GET"]}}],"collection":[{"href":"https:\/\/www.invarena.cz\/index.php?rest_route=\/wp\/v2\/posts"}],"about":[{"href":"https:\/\/www.invarena.cz\/index.php?rest_route=\/wp\/v2\/types\/post"}],"author":[{"embeddable":true,"href":"https:\/\/www.invarena.cz\/index.php?rest_route=\/wp\/v2\/users\/1"}],"replies":[{"embeddable":true,"href":"https:\/\/www.invarena.cz\/index.php?rest_route=%2Fwp%2Fv2%2Fcomments&post=34073"}],"version-history":[{"count":0,"href":"https:\/\/www.invarena.cz\/index.php?rest_route=\/wp\/v2\/posts\/34073\/revisions"}],"wp:featuredmedia":[{"embeddable":true,"href":"https:\/\/www.invarena.cz\/index.php?rest_route=\/wp\/v2\/media\/14683"}],"wp:attachment":[{"href":"https:\/\/www.invarena.cz\/index.php?rest_route=%2Fwp%2Fv2%2Fmedia&parent=34073"}],"wp:term":[{"taxonomy":"category","embeddable":true,"href":"https:\/\/www.invarena.cz\/index.php?rest_route=%2Fwp%2Fv2%2Fcategories&post=34073"},{"taxonomy":"post_tag","embeddable":true,"href":"https:\/\/www.invarena.cz\/index.php?rest_route=%2Fwp%2Fv2%2Ftags&post=34073"}],"curies":[{"name":"wp","href":"https:\/\/api.w.org\/{rel}","templated":true}]}}